{"id":56409,"date":"2024-03-07T22:15:39","date_gmt":"2024-03-07T22:15:39","guid":{"rendered":"https:\/\/elpajaritonews.com\/?p=56409"},"modified":"2024-03-08T00:04:16","modified_gmt":"2024-03-08T00:04:16","slug":"estoy-lista-para-defender-la-republica-de-y-para-las-mujeres-en-la-camara-de-diputados-diana-karina-barreras","status":"publish","type":"post","link":"https:\/\/elpajaritonews.com\/?p=56409","title":{"rendered":"\u201cESTOY LISTA PARA DEFENDER LA REP\u00daBLICA DE Y PARA LAS MUJERES EN LA C\u00c1MARA DE DIPUTADOS\u201d: DIANA KARINA BARRERAS"},"content":{"rendered":"\n<p class=\"wp-block-paragraph\">Durante un recorrido por las calles de la colonia La Cholla, Diana Karina Barreras Samaniego, candidata a diputada federal por el Distrito 3, Hermosillo norte, se dijo lista para defender en la C\u00e1mara de Diputados el proyecto de una Rep\u00fablica de y para las mujeres que propuso la pr\u00f3xima presidenta de M\u00e9xico, Claudia Sheinbaum Pardo.<\/p>\n\n\n\n<p class=\"wp-block-paragraph\">Barreras Samaniego hizo referencia al anuncio que realiz\u00f3 el d\u00eda de hoy la candidata al gobierno de M\u00e9xico, qui\u00e9n adelant\u00f3 una serie de medidas que tomar\u00eda su administraci\u00f3n a favor de las mujeres.<\/p>\n\n\n\n<figure class=\"wp-block-embed is-type-rich is-provider-twitter wp-block-embed-twitter\"><div class=\"wp-block-embed__wrapper\">\n<blockquote class=\"twitter-tweet\" data-width=\"550\" data-dnt=\"true\"><p lang=\"es\" dir=\"ltr\">Gracias La Cholla por su amor y compromiso <a href=\"https:\/\/twitter.com\/hashtag\/La4TAvanaza?src=hash&amp;ref_src=twsrc%5Etfw\">#La4TAvanaza<\/a> <a href=\"https:\/\/twitter.com\/hashtag\/DianaKarinaDiputadaFederal?src=hash&amp;ref_src=twsrc%5Etfw\">#DianaKarinaDiputadaFederal<\/a> <a href=\"https:\/\/t.co\/lYd5dvVPug\">pic.twitter.com\/lYd5dvVPug<\/a><\/p>&mdash; Diana Karina Barreras (@DianaKarinaBa) <a href=\"https:\/\/twitter.com\/DianaKarinaBa\/status\/1765888727929282878?ref_src=twsrc%5Etfw\">March 7, 2024<\/a><\/blockquote><script async src=\"https:\/\/platform.twitter.com\/widgets.js\" charset=\"utf-8\"><\/script>\n<\/div><\/figure>\n\n\n\n<p class=\"wp-block-paragraph\">\u201cLa doctora Claudia Sheinbaum anunci\u00f3 hoy su intenci\u00f3n de enviar al Congreso de la Uni\u00f3n una iniciativa de ley para elevar a rango constitucional la igualdad sustantiva y el derecho a una vida sin violencia, y yo estoy lista para apoyar y defender esta visi\u00f3n en la C\u00e1mara de Diputados\u201d, subray\u00f3.<\/p>\n\n\n\n<p class=\"wp-block-paragraph\">La candidata se\u00f1al\u00f3 que todas las propuestas, entre las que resaltan la obligatoriedad de gabinetes paritarios, la eliminaci\u00f3n de la brecha salarial, el apoyo a mujeres desde los 60 a\u00f1os de edad son m\u00e1s que merecidas por las mujeres mexicanas, por lo que invit\u00f3 a votar para que lleguen al Congreso de la Uni\u00f3n los representantes de la Cuarta Transformaci\u00f3n.<\/p>\n\n\n\n<p class=\"wp-block-paragraph\">\u201cEstoy segura que las propuestas que tiene la doctora Sheinbaum para la atenci\u00f3n de la primera infancia como la atenci\u00f3n a las embarazadas y a los ni\u00f1os en sus primeros mil d\u00edas de vida, van a tener un impacto muy importante para nuestro pa\u00eds, y con el apoyo de todas y todos estar\u00e9 all\u00ed para impulsarlas\u201d, expres\u00f3 Barreras Samaniego.<\/p>\n","protected":false},"excerpt":{"rendered":"<p>Durante un recorrido por las calles de la colonia La Cholla, Diana Karina Barreras Samaniego, candidata a diputada federal por el Distrito 3, Hermosillo norte, se dijo lista para defender en la C\u00e1mara de Diputados el proyecto de una Rep\u00fablica de y para las mujeres que propuso la pr\u00f3xima presidenta de M\u00e9xico, Claudia Sheinbaum Pardo&#8230;.<\/p>\n","protected":false},"author":2,"featured_media":56410,"comment_status":"closed","ping_status":"closed","sticky":false,"template":"","format":"standard","meta":{"_crdt_document":"","_exactmetrics_skip_tracking":false,"_exactmetrics_sitenote_active":false,"_exactmetrics_sitenote_note":"","_exactmetrics_sitenote_category":0,"footnotes":""},"categories":[35,26,31,27],"tags":[28,29,30],"class_list":["post-56409","post","type-post","status-publish","format-standard","has-post-thumbnail","hentry","category-elecciones-2024","category-local","category-politica","category-sonora","tag-nogales","tag-nogales-la-gran-frontera","tag-sonora-tierra-de-oportunidades"],"_links":{"self":[{"href":"https:\/\/elpajaritonews.com\/index.php?rest_route=\/wp\/v2\/posts\/56409","targetHints":{"allow":["GET"]}}],"collection":[{"href":"https:\/\/elpajaritonews.com\/index.php?rest_route=\/wp\/v2\/posts"}],"about":[{"href":"https:\/\/elpajaritonews.com\/index.php?rest_route=\/wp\/v2\/types\/post"}],"author":[{"embeddable":true,"href":"https:\/\/elpajaritonews.com\/index.php?rest_route=\/wp\/v2\/users\/2"}],"replies":[{"embeddable":true,"href":"https:\/\/elpajaritonews.com\/index.php?rest_route=%2Fwp%2Fv2%2Fcomments&post=56409"}],"version-history":[{"count":2,"href":"https:\/\/elpajaritonews.com\/index.php?rest_route=\/wp\/v2\/posts\/56409\/revisions"}],"predecessor-version":[{"id":56428,"href":"https:\/\/elpajaritonews.com\/index.php?rest_route=\/wp\/v2\/posts\/56409\/revisions\/56428"}],"wp:featuredmedia":[{"embeddable":true,"href":"https:\/\/elpajaritonews.com\/index.php?rest_route=\/wp\/v2\/media\/56410"}],"wp:attachment":[{"href":"https:\/\/elpajaritonews.com\/index.php?rest_route=%2Fwp%2Fv2%2Fmedia&parent=56409"}],"wp:term":[{"taxonomy":"category","embeddable":true,"href":"https:\/\/elpajaritonews.com\/index.php?rest_route=%2Fwp%2Fv2%2Fcategories&post=56409"},{"taxonomy":"post_tag","embeddable":true,"href":"https:\/\/elpajaritonews.com\/index.php?rest_route=%2Fwp%2Fv2%2Ftags&post=56409"}],"curies":[{"name":"wp","href":"https:\/\/api.w.org\/{rel}","templated":true}]}}