{"id":56416,"date":"2024-03-07T22:35:17","date_gmt":"2024-03-07T22:35:17","guid":{"rendered":"https:\/\/elpajaritonews.com\/?p=56416"},"modified":"2024-03-07T22:35:20","modified_gmt":"2024-03-07T22:35:20","slug":"sale-reprobado-en-la-escuela-y-el-padre-le-pega-una-paliza-video","status":"publish","type":"post","link":"https:\/\/elpajaritonews.com\/?p=56416","title":{"rendered":"SALE REPROBADO EN LA ESCUELA Y EL PADRE LE PEGA UNA PALIZA (VIDEO)"},"content":{"rendered":"\n<p class=\"wp-block-paragraph\">Padre agrede a su hijo por problemas acad\u00e9micos. Las autoridades locales investigan el caso, mientras la indignaci\u00f3n crece en las redes sociales<\/p>\n\n\n\n<figure class=\"wp-block-video\"><video height=\"720\" style=\"aspect-ratio: 1248 \/ 720;\" width=\"1248\" controls src=\"https:\/\/elpajaritonews.com\/wp-content\/uploads\/2024\/03\/ssstwitter.com_1709850773061.mp4\"><\/video><\/figure>\n\n\n\n<p class=\"wp-block-paragraph\">En el sector Guasmo, sur de Guayaquil, Ecuador, un lamentable episodio ha generado indignaci\u00f3n en las redes sociales. Gabriel Mera, conocido como Darel, protagoniz\u00f3 un acto de violencia contra su propio hijo luego de enterarse de que el joven se qued\u00f3 en supletorio en el colegio. El video de la agresi\u00f3n se viraliz\u00f3 en redes sociales.<\/p>\n\n\n\n<p class=\"wp-block-paragraph\">Desde la ma\u00f1ana de este jueves 7 de marzo, circula en diversas plataformas digitales un video captado por una c\u00e1mara de seguridad de un negocio en el que se evidencia la brutal agresi\u00f3n sufrida por un menor. El agresor, identificado como el progenitor del joven, reaccion\u00f3 de manera violenta al conocer la situaci\u00f3n acad\u00e9mica de su hijo.<\/p>\n\n\n\n<p class=\"wp-block-paragraph\">El hecho tuvo lugar en un local que aparentemente funciona como centro est\u00e9tico. En las im\u00e1genes, se observa al adolescente ingresando al lugar acompa\u00f1ado por una mujer con un beb\u00e9 en brazos y otro hombre. De manera sorpresiva, el joven es golpeado en la cabeza por su propio padre al ingresar al establecimiento.<\/p>\n\n\n\n<p class=\"wp-block-paragraph\">El video registra una agresi\u00f3n que se prolonga por m\u00e1s de dos minutos, se aprecia una discusi\u00f3n entre el agresor y una mujer, presuntamente su pareja. Para evitar que lo que sucede en el interior del local sea evidente desde el exterior, la mujer cierra la ventana.<\/p>\n\n\n\n<p class=\"wp-block-paragraph\">El video, que ha generado indignaci\u00f3n en las redes sociales, ha identificado al agresor como Gabriel Mera, tambi\u00e9n conocido como Darel en el Guasmo. Se espera que las autoridades de Guayaquil tomen medidas inmediatas ante este caso de violencia dom\u00e9stica. Algunas fuentes sugieren que el individuo podr\u00eda tener conexiones con un grupo terrorista, lo cual est\u00e1 siendo investigado por las autoridades.<\/p>\n\n\n\n<figure class=\"wp-block-embed is-type-rich is-provider-twitter wp-block-embed-twitter\"><div class=\"wp-block-embed__wrapper\">\n<blockquote class=\"twitter-tweet\" data-width=\"550\" data-dnt=\"true\"><p lang=\"es\" dir=\"ltr\">Un adolescente de 15 a\u00f1os experiment\u00f3 una agresi\u00f3n severa por parte de su padre debido a su mal rendimiento escolar.<br>\ud83d\uddde\ufe0fInformaci\u00f3n ampliada en los comentarios \ud83d\udc47 <a href=\"https:\/\/t.co\/AazGEvNYvS\">pic.twitter.com\/AazGEvNYvS<\/a><\/p>&mdash; Actualidad Viral (@ActualidaViral) <a href=\"https:\/\/twitter.com\/ActualidaViral\/status\/1765842732390473818?ref_src=twsrc%5Etfw\">March 7, 2024<\/a><\/blockquote><script async src=\"https:\/\/platform.twitter.com\/widgets.js\" charset=\"utf-8\"><\/script>\n<\/div><\/figure>\n","protected":false},"excerpt":{"rendered":"<p>Padre agrede a su hijo por problemas acad\u00e9micos. Las autoridades locales investigan el caso, mientras la indignaci\u00f3n crece en las redes sociales En el sector Guasmo, sur de Guayaquil, Ecuador, un lamentable episodio ha generado indignaci\u00f3n en las redes sociales. Gabriel Mera, conocido como Darel, protagoniz\u00f3 un acto de violencia contra su propio hijo luego&#8230;<\/p>\n","protected":false},"author":2,"featured_media":56417,"comment_status":"closed","ping_status":"closed","sticky":false,"template":"","format":"standard","meta":{"_crdt_document":"","_exactmetrics_skip_tracking":false,"_exactmetrics_sitenote_active":false,"_exactmetrics_sitenote_note":"","_exactmetrics_sitenote_category":0,"footnotes":""},"categories":[33,24,1],"tags":[],"class_list":["post-56416","post","type-post","status-publish","format-standard","has-post-thumbnail","hentry","category-educacion","category-mundo","category-seguridad"],"_links":{"self":[{"href":"https:\/\/elpajaritonews.com\/index.php?rest_route=\/wp\/v2\/posts\/56416","targetHints":{"allow":["GET"]}}],"collection":[{"href":"https:\/\/elpajaritonews.com\/index.php?rest_route=\/wp\/v2\/posts"}],"about":[{"href":"https:\/\/elpajaritonews.com\/index.php?rest_route=\/wp\/v2\/types\/post"}],"author":[{"embeddable":true,"href":"https:\/\/elpajaritonews.com\/index.php?rest_route=\/wp\/v2\/users\/2"}],"replies":[{"embeddable":true,"href":"https:\/\/elpajaritonews.com\/index.php?rest_route=%2Fwp%2Fv2%2Fcomments&post=56416"}],"version-history":[{"count":1,"href":"https:\/\/elpajaritonews.com\/index.php?rest_route=\/wp\/v2\/posts\/56416\/revisions"}],"predecessor-version":[{"id":56419,"href":"https:\/\/elpajaritonews.com\/index.php?rest_route=\/wp\/v2\/posts\/56416\/revisions\/56419"}],"wp:featuredmedia":[{"embeddable":true,"href":"https:\/\/elpajaritonews.com\/index.php?rest_route=\/wp\/v2\/media\/56417"}],"wp:attachment":[{"href":"https:\/\/elpajaritonews.com\/index.php?rest_route=%2Fwp%2Fv2%2Fmedia&parent=56416"}],"wp:term":[{"taxonomy":"category","embeddable":true,"href":"https:\/\/elpajaritonews.com\/index.php?rest_route=%2Fwp%2Fv2%2Fcategories&post=56416"},{"taxonomy":"post_tag","embeddable":true,"href":"https:\/\/elpajaritonews.com\/index.php?rest_route=%2Fwp%2Fv2%2Ftags&post=56416"}],"curies":[{"name":"wp","href":"https:\/\/api.w.org\/{rel}","templated":true}]}}