{"id":56705,"date":"2024-03-14T23:31:54","date_gmt":"2024-03-14T23:31:54","guid":{"rendered":"https:\/\/elpajaritonews.com\/?p=56705"},"modified":"2024-03-14T23:31:56","modified_gmt":"2024-03-14T23:31:56","slug":"llega-el-presidente-lopez-obrador-a-sonora-a-analizar-sistema-de-salud-imss-bienestar-en-encuentro-privado","status":"publish","type":"post","link":"https:\/\/elpajaritonews.com\/?p=56705","title":{"rendered":"LLEGA EL PRESIDENTE L\u00d3PEZ OBRADOR A SONORA A ANALIZAR SISTEMA DE SALUD IMSS-BIENESTAR EN ENCUENTRO PRIVADO"},"content":{"rendered":"\n<p class=\"wp-block-paragraph\">Andr\u00e9s Manuel L\u00f3pez Obrador (AMLO) lleg\u00f3 hoy a Sonora para realizar un an\u00e1lisis del sistema de salud del Instituto Mexicano del Seguro Social (IMSS)-Bienestar.<\/p>\n\n\n\n<p class=\"wp-block-paragraph\">El presidente de M\u00e9xico arrib\u00f3 a la base de la Fuerza A\u00e9rea de Hermosillo la tarde de este jueves, luego de estar en la ma\u00f1ana en Mexicali, donde fue su conferencia matutina.<\/p>\n\n\n\n<p class=\"wp-block-paragraph\">Esta visita es una de las anunciadas por el mandatario para revisar las condiciones del sector Salud en el pa\u00eds, a trav\u00e9s de recorridos por ciudades en las que, asegur\u00f3, no se reunir\u00e1 con ciudadanos, ni habr\u00e1 ruedas de prensa.<\/p>\n\n\n\n<p class=\"wp-block-paragraph\">El gobernador Alfonso Durazo adelant\u00f3 el martes que AMLO llegar\u00eda a al estado para una reuni\u00f3n privada.<\/p>\n\n\n\n<figure class=\"wp-block-embed is-type-rich is-provider-twitter wp-block-embed-twitter\"><div class=\"wp-block-embed__wrapper\">\n<blockquote class=\"twitter-tweet\" data-width=\"550\" data-dnt=\"true\"><p lang=\"es\" dir=\"ltr\">\u00a1Sonora es su casa! Gracias por acompa\u00f1arnos en nuestra tierra, presidente <a href=\"https:\/\/twitter.com\/lopezobrador_?ref_src=twsrc%5Etfw\">@lopezobrador_<\/a>. <a href=\"https:\/\/t.co\/9cjunksUXl\">pic.twitter.com\/9cjunksUXl<\/a><\/p>&mdash; Alfonso Durazo (@AlfonsoDurazo) <a href=\"https:\/\/twitter.com\/AlfonsoDurazo\/status\/1768382452920152480?ref_src=twsrc%5Etfw\">March 14, 2024<\/a><\/blockquote><script async src=\"https:\/\/platform.twitter.com\/widgets.js\" charset=\"utf-8\"><\/script>\n<\/div><\/figure>\n","protected":false},"excerpt":{"rendered":"<p>Andr\u00e9s Manuel L\u00f3pez Obrador (AMLO) lleg\u00f3 hoy a Sonora para realizar un an\u00e1lisis del sistema de salud del Instituto Mexicano del Seguro Social (IMSS)-Bienestar. El presidente de M\u00e9xico arrib\u00f3 a la base de la Fuerza A\u00e9rea de Hermosillo la tarde de este jueves, luego de estar en la ma\u00f1ana en Mexicali, donde fue su conferencia&#8230;<\/p>\n","protected":false},"author":2,"featured_media":56706,"comment_status":"closed","ping_status":"closed","sticky":false,"template":"","format":"standard","meta":{"_crdt_document":"","_exactmetrics_skip_tracking":false,"_exactmetrics_sitenote_active":false,"_exactmetrics_sitenote_note":"","_exactmetrics_sitenote_category":0,"footnotes":""},"categories":[23,31,32,27],"tags":[28,29,30],"class_list":["post-56705","post","type-post","status-publish","format-standard","has-post-thumbnail","hentry","category-mexico","category-politica","category-salud","category-sonora","tag-nogales","tag-nogales-la-gran-frontera","tag-sonora-tierra-de-oportunidades"],"_links":{"self":[{"href":"https:\/\/elpajaritonews.com\/index.php?rest_route=\/wp\/v2\/posts\/56705","targetHints":{"allow":["GET"]}}],"collection":[{"href":"https:\/\/elpajaritonews.com\/index.php?rest_route=\/wp\/v2\/posts"}],"about":[{"href":"https:\/\/elpajaritonews.com\/index.php?rest_route=\/wp\/v2\/types\/post"}],"author":[{"embeddable":true,"href":"https:\/\/elpajaritonews.com\/index.php?rest_route=\/wp\/v2\/users\/2"}],"replies":[{"embeddable":true,"href":"https:\/\/elpajaritonews.com\/index.php?rest_route=%2Fwp%2Fv2%2Fcomments&post=56705"}],"version-history":[{"count":1,"href":"https:\/\/elpajaritonews.com\/index.php?rest_route=\/wp\/v2\/posts\/56705\/revisions"}],"predecessor-version":[{"id":56707,"href":"https:\/\/elpajaritonews.com\/index.php?rest_route=\/wp\/v2\/posts\/56705\/revisions\/56707"}],"wp:featuredmedia":[{"embeddable":true,"href":"https:\/\/elpajaritonews.com\/index.php?rest_route=\/wp\/v2\/media\/56706"}],"wp:attachment":[{"href":"https:\/\/elpajaritonews.com\/index.php?rest_route=%2Fwp%2Fv2%2Fmedia&parent=56705"}],"wp:term":[{"taxonomy":"category","embeddable":true,"href":"https:\/\/elpajaritonews.com\/index.php?rest_route=%2Fwp%2Fv2%2Fcategories&post=56705"},{"taxonomy":"post_tag","embeddable":true,"href":"https:\/\/elpajaritonews.com\/index.php?rest_route=%2Fwp%2Fv2%2Ftags&post=56705"}],"curies":[{"name":"wp","href":"https:\/\/api.w.org\/{rel}","templated":true}]}}