{"id":56782,"date":"2024-03-17T00:32:58","date_gmt":"2024-03-17T00:32:58","guid":{"rendered":"https:\/\/elpajaritonews.com\/?p=56782"},"modified":"2024-03-17T00:33:00","modified_gmt":"2024-03-17T00:33:00","slug":"marchan-por-el-derecho-humano-a-la-luz-en-sonora","status":"publish","type":"post","link":"https:\/\/elpajaritonews.com\/?p=56782","title":{"rendered":"MARCHAN POR EL DERECHO HUMANO A LA LUZ EN SONORA"},"content":{"rendered":"\n<p class=\"wp-block-paragraph\">Alejandro Matty Ortega\/Irreverente Noticias<\/p>\n\n\n\n<p class=\"wp-block-paragraph\">Miles de usuarios marcharon por el derecho humano a la energ\u00eda el\u00e9ctrica en Sonora.<\/p>\n\n\n\n<p class=\"wp-block-paragraph\">Ignacio Peinado Luna, l\u00edder de la Uni\u00f3n de Usuarios de Hermosillo, destac\u00f3 que la marcha y mitin en las oficinas de la CFE es ante la incertidumbre de contar con una ampliaci\u00f3n del subsidio y un ajuste al rango tarifario a favor de la econom\u00eda familiar en verano.<\/p>\n\n\n\n<p class=\"wp-block-paragraph\">Resalt\u00f3 que apesar de que se public\u00f3 un Decreto presidencial, la Secretar\u00eda de Hacienda a\u00fan no define las reglas de operaci\u00f3n.<\/p>\n\n\n\n<p class=\"wp-block-paragraph\">En dichas reglas, dijo, se espera queden establecidos los acuerdos anunciados en septiembre por el gobernador y los directivos de CFE en Sonora.<\/p>\n\n\n\n<p class=\"wp-block-paragraph\">La marcha inici\u00f3 a las 4.30 de la tarde en el Jard\u00edn Ju\u00e1rez desde donde miles de usuarios caminaron hasta las oficinas de la CFE.<\/p>\n\n\n\n<p class=\"wp-block-paragraph\"><a href=\"https:\/\/www.facebook.com\/NACHOPEINADOLUNA\/videos\/1490891994971721\">https:\/\/www.facebook.com\/NACHOPEINADOLUNA\/videos\/1490891994971721<\/a><\/p>\n","protected":false},"excerpt":{"rendered":"<p>Alejandro Matty Ortega\/Irreverente Noticias Miles de usuarios marcharon por el derecho humano a la energ\u00eda el\u00e9ctrica en Sonora. Ignacio Peinado Luna, l\u00edder de la Uni\u00f3n de Usuarios de Hermosillo, destac\u00f3 que la marcha y mitin en las oficinas de la CFE es ante la incertidumbre de contar con una ampliaci\u00f3n del subsidio y un ajuste&#8230;<\/p>\n","protected":false},"author":2,"featured_media":56783,"comment_status":"closed","ping_status":"closed","sticky":false,"template":"","format":"standard","meta":{"_crdt_document":"","_exactmetrics_skip_tracking":false,"_exactmetrics_sitenote_active":false,"_exactmetrics_sitenote_note":"","_exactmetrics_sitenote_category":0,"footnotes":""},"categories":[36,26,31,1,27],"tags":[28,29,30],"class_list":["post-56782","post","type-post","status-publish","format-standard","has-post-thumbnail","hentry","category-economia","category-local","category-politica","category-seguridad","category-sonora","tag-nogales","tag-nogales-la-gran-frontera","tag-sonora-tierra-de-oportunidades"],"_links":{"self":[{"href":"https:\/\/elpajaritonews.com\/index.php?rest_route=\/wp\/v2\/posts\/56782","targetHints":{"allow":["GET"]}}],"collection":[{"href":"https:\/\/elpajaritonews.com\/index.php?rest_route=\/wp\/v2\/posts"}],"about":[{"href":"https:\/\/elpajaritonews.com\/index.php?rest_route=\/wp\/v2\/types\/post"}],"author":[{"embeddable":true,"href":"https:\/\/elpajaritonews.com\/index.php?rest_route=\/wp\/v2\/users\/2"}],"replies":[{"embeddable":true,"href":"https:\/\/elpajaritonews.com\/index.php?rest_route=%2Fwp%2Fv2%2Fcomments&post=56782"}],"version-history":[{"count":1,"href":"https:\/\/elpajaritonews.com\/index.php?rest_route=\/wp\/v2\/posts\/56782\/revisions"}],"predecessor-version":[{"id":56784,"href":"https:\/\/elpajaritonews.com\/index.php?rest_route=\/wp\/v2\/posts\/56782\/revisions\/56784"}],"wp:featuredmedia":[{"embeddable":true,"href":"https:\/\/elpajaritonews.com\/index.php?rest_route=\/wp\/v2\/media\/56783"}],"wp:attachment":[{"href":"https:\/\/elpajaritonews.com\/index.php?rest_route=%2Fwp%2Fv2%2Fmedia&parent=56782"}],"wp:term":[{"taxonomy":"category","embeddable":true,"href":"https:\/\/elpajaritonews.com\/index.php?rest_route=%2Fwp%2Fv2%2Fcategories&post=56782"},{"taxonomy":"post_tag","embeddable":true,"href":"https:\/\/elpajaritonews.com\/index.php?rest_route=%2Fwp%2Fv2%2Ftags&post=56782"}],"curies":[{"name":"wp","href":"https:\/\/api.w.org\/{rel}","templated":true}]}}