{"id":56785,"date":"2024-03-17T00:55:49","date_gmt":"2024-03-17T00:55:49","guid":{"rendered":"https:\/\/elpajaritonews.com\/?p=56785"},"modified":"2024-03-17T00:55:50","modified_gmt":"2024-03-17T00:55:50","slug":"ataque-armado-a-maestros-deja-un-muerto-y-5-heridos-en-sonoyta-sonora","status":"publish","type":"post","link":"https:\/\/elpajaritonews.com\/?p=56785","title":{"rendered":"ATAQUE ARMADO A MAESTROS DEJA UN MUERTO Y 5 HERIDOS EN SONOYTA, SONORA"},"content":{"rendered":"\n<p class=\"wp-block-paragraph\">Alejandro Matty Ortega\/Irreverente Noticias<\/p>\n\n\n\n<p class=\"wp-block-paragraph\">Sonoyta, Sonora (IN).- Un ataque armado contra un grupo de maestros dej\u00f3 como saldo un muerto y 5 lesionados en Sonoyta, Sonora.<\/p>\n\n\n\n<p class=\"wp-block-paragraph\">Los lamentables hechos se registraron la madrugada de este s\u00e1bado cuando los docentes regresaban por carretera de un mitin pol\u00edtico de Movimiento Ciudadano.<\/p>\n\n\n\n<figure class=\"wp-block-image size-full\"><img loading=\"lazy\" decoding=\"async\" width=\"1015\" height=\"411\" src=\"https:\/\/elpajaritonews.com\/wp-content\/uploads\/2024\/03\/GHGHHGHGHHG.jpg\" alt=\"\" class=\"wp-image-56787\" srcset=\"https:\/\/elpajaritonews.com\/wp-content\/uploads\/2024\/03\/GHGHHGHGHHG.jpg 1015w, https:\/\/elpajaritonews.com\/wp-content\/uploads\/2024\/03\/GHGHHGHGHHG-300x121.jpg 300w, https:\/\/elpajaritonews.com\/wp-content\/uploads\/2024\/03\/GHGHHGHGHHG-768x311.jpg 768w, https:\/\/elpajaritonews.com\/wp-content\/uploads\/2024\/03\/GHGHHGHGHHG-640x259.jpg 640w, https:\/\/elpajaritonews.com\/wp-content\/uploads\/2024\/03\/GHGHHGHGHHG-681x276.jpg 681w\" sizes=\"auto, (max-width: 1015px) 100vw, 1015px\" \/><\/figure>\n\n\n\n<p class=\"wp-block-paragraph\">Un grupo criminal armado exigi\u00f3 al conductor de la camioneta que detuviera su marcha, neg\u00e1ndose a hacerlo por lo que deriv\u00f3 el ataque con armas de fuego contra los docentes.<\/p>\n\n\n\n<p class=\"wp-block-paragraph\">El veh\u00edculo es propiedad de la regidora de Movimiento Ciudafano, Mar\u00eda Guadalupe Barrag\u00e1n Sarabia, quien hab\u00eda prestado la unidad para que ellos se regresaran.<\/p>\n\n\n\n<p class=\"wp-block-paragraph\">La regidora narr\u00f3 que \u201cal llegar aqu\u00ed a Sonoyta, rumbo a la l\u00ednea, por la 13 y la S, les hicieron la parada los sicarios y aparentemente como no se pararon, les dio miedo yo creo\u00bb.<\/p>\n\n\n\n<p class=\"wp-block-paragraph\">Por lo anterior, \u00ablos empezaron a rafaguear y los hirieron a todos de bala\u00bb.<\/p>\n\n\n\n<p class=\"wp-block-paragraph\">Agreg\u00f3 que \u00abmuri\u00f3 Gustavo, el hijo de la maestra Armenia, su novia va muy grave para San Luis R\u00edo Colorado\u00bb.<\/p>\n\n\n\n<p class=\"wp-block-paragraph\">Se\u00f1al\u00f3 que \u00abse llevaron a otra maestra muy grave que se llama Elia, se llevaron tambi\u00e9n baleado a otro maestro que se llama Luis\u00bb.<\/p>\n\n\n\n<figure class=\"wp-block-image size-full\"><img loading=\"lazy\" decoding=\"async\" width=\"730\" height=\"441\" src=\"https:\/\/elpajaritonews.com\/wp-content\/uploads\/2024\/03\/3b6299f8-5852-43af-ac2b-d47ac9be8894.jpg\" alt=\"\" class=\"wp-image-56788\" srcset=\"https:\/\/elpajaritonews.com\/wp-content\/uploads\/2024\/03\/3b6299f8-5852-43af-ac2b-d47ac9be8894.jpg 730w, https:\/\/elpajaritonews.com\/wp-content\/uploads\/2024\/03\/3b6299f8-5852-43af-ac2b-d47ac9be8894-300x181.jpg 300w, https:\/\/elpajaritonews.com\/wp-content\/uploads\/2024\/03\/3b6299f8-5852-43af-ac2b-d47ac9be8894-695x420.jpg 695w, https:\/\/elpajaritonews.com\/wp-content\/uploads\/2024\/03\/3b6299f8-5852-43af-ac2b-d47ac9be8894-640x387.jpg 640w, https:\/\/elpajaritonews.com\/wp-content\/uploads\/2024\/03\/3b6299f8-5852-43af-ac2b-d47ac9be8894-681x411.jpg 681w\" sizes=\"auto, (max-width: 730px) 100vw, 730px\" \/><\/figure>\n\n\n\n<p class=\"wp-block-paragraph\">Apunt\u00f3 que \u00abRaquel y Julio, los trasladaron para Caborca, Raquel lleva dos impactos de bala, uno en el gl\u00fateo y otro en la espalda\u00bb.<\/p>\n\n\n\n<p class=\"wp-block-paragraph\">Indic\u00f3 tambien que \u00abva perdiendo mucha sangre, esperemos en Dios y est\u00e9 bien\u201d.<\/p>\n\n\n\n<p class=\"wp-block-paragraph\">Este fue el mensaje enviado por la regidora Mar\u00eda Guadalupe a sus familiares y amigos esta ma\u00f1ana de s\u00e1bado.<\/p>\n\n\n\n<p class=\"wp-block-paragraph\">Caen 3 sicarios<\/p>\n\n\n\n<p class=\"wp-block-paragraph\">Las instituciones que integran la Mesa Estatal de Seguridad informaron la captura de tres sujetos como probables responsables de la agresi\u00f3n armada.<\/p>\n\n\n\n<p class=\"wp-block-paragraph\">Los hechos fueron en el ejido \u00abHombres Blancos\u00bb,<\/p>\n\n\n\n<p class=\"wp-block-paragraph\">Los sujetos fueron localizados mediante un fuerte operativo de seguridad por parte las instituciones que forman el Gabinete de Seguridad, encabezados por la Sedena quienes lograron detenerlos en poder de cuatro armas largas y 14 cargadores de diversas capacidades y municiones.<\/p>\n\n\n\n<p class=\"wp-block-paragraph\">Tanto los detenidos como los indicios recuperados en los sitios de captura, fueron turnados a la Fiscal\u00eda General de Justicia del Estado de Sonora, la cual se encuentra investigando los hechos.<\/p>\n\n\n\n<p class=\"wp-block-paragraph\">Todos los lesionados fueron trasladados a diversos nosocomios de la regi\u00f3n y est\u00e1n con las atenciones m\u00e9dicas debidas.<\/p>\n\n\n\n<p class=\"wp-block-paragraph\">Condena ataque<\/p>\n\n\n\n<p class=\"wp-block-paragraph\">El candidato al Senado de la Rep\u00fablica, Ernesto de Lucas, conden\u00f3 el ataque armado en la que llam\u00f3 \u00abcarretera de la muerte\u00bb<\/p>\n\n\n\n<p class=\"wp-block-paragraph\">Exigi\u00f3 justicia por \u00abel cobarde asesinato de Gustavo Adolfo Morales y expresamos nuestras condolencias para su se\u00f1ora madre, la maestra Armenia de la Secundaria T\u00e9cnica\u00bb.<\/p>\n\n\n\n<p class=\"wp-block-paragraph\">Asimismo, \u00abexpresamos nuestra solidaridad con las personas heridas que se encuentran en este momento luchando por su vida\u00bb.<\/p>\n\n\n\n<p class=\"wp-block-paragraph\">Dese\u00f3 su recuperaci\u00f3n y exigi\u00f3 a la autoridad que \u00abeste hecho no quede impune, como ya es costumbre en Sonora\u00bb.<\/p>\n\n\n\n<p class=\"wp-block-paragraph\">Cuestion\u00f3 \u00ab\u00bfqu\u00e9 m\u00e1s tiene que pasar para que realmente la autoridad enfrente en Sonora a los grupos criminales que operan con toda impunidad?\u00bb.<\/p>\n\n\n\n<p class=\"wp-block-paragraph\">Dijo que \u201cen la carretera de la muerte las r\u00e1fagas de bala son cosa com\u00fan y el p\u00e1nico entre la ciudadan\u00eda es una triste verdad\u00bb.<\/p>\n\n\n\n<p class=\"wp-block-paragraph\">Las y los sonorenses \u00abdeben circular de manera segura por nuestro Estado en cualquier momento, ese es un derecho y no un privilegio\u00bb.<\/p>\n\n\n\n<p class=\"wp-block-paragraph\">Mientras la cantidad de inocentes que no est\u00e1n relacionadas con el crimen organizado y que son v\u00edctimas de este tipo de sucesos, sigue creciendo, \u00abno se ve una acci\u00f3n contundente por parte de todos los niveles de gobierno\u00bb.<\/p>\n\n\n\n<p class=\"wp-block-paragraph\">A nombre de las v\u00edctimas y de toda la poblaci\u00f3n sonorense, \u00abexigimos que se aplique la ley, basta de solo dar abrazos y de maquillar la realidad, basta de permitir que la impunidad se imponga en el Estado\u00bb.<\/p>\n","protected":false},"excerpt":{"rendered":"<p>Alejandro Matty Ortega\/Irreverente Noticias Sonoyta, Sonora (IN).- Un ataque armado contra un grupo de maestros dej\u00f3 como saldo un muerto y 5 lesionados en Sonoyta, Sonora. Los lamentables hechos se registraron la madrugada de este s\u00e1bado cuando los docentes regresaban por carretera de un mitin pol\u00edtico de Movimiento Ciudadano. Un grupo criminal armado exigi\u00f3 al&#8230;<\/p>\n","protected":false},"author":2,"featured_media":56786,"comment_status":"closed","ping_status":"closed","sticky":false,"template":"","format":"standard","meta":{"_crdt_document":"","_exactmetrics_skip_tracking":false,"_exactmetrics_sitenote_active":false,"_exactmetrics_sitenote_note":"","_exactmetrics_sitenote_category":0,"footnotes":""},"categories":[1,27],"tags":[28,29,30],"class_list":["post-56785","post","type-post","status-publish","format-standard","has-post-thumbnail","hentry","category-seguridad","category-sonora","tag-nogales","tag-nogales-la-gran-frontera","tag-sonora-tierra-de-oportunidades"],"_links":{"self":[{"href":"https:\/\/elpajaritonews.com\/index.php?rest_route=\/wp\/v2\/posts\/56785","targetHints":{"allow":["GET"]}}],"collection":[{"href":"https:\/\/elpajaritonews.com\/index.php?rest_route=\/wp\/v2\/posts"}],"about":[{"href":"https:\/\/elpajaritonews.com\/index.php?rest_route=\/wp\/v2\/types\/post"}],"author":[{"embeddable":true,"href":"https:\/\/elpajaritonews.com\/index.php?rest_route=\/wp\/v2\/users\/2"}],"replies":[{"embeddable":true,"href":"https:\/\/elpajaritonews.com\/index.php?rest_route=%2Fwp%2Fv2%2Fcomments&post=56785"}],"version-history":[{"count":1,"href":"https:\/\/elpajaritonews.com\/index.php?rest_route=\/wp\/v2\/posts\/56785\/revisions"}],"predecessor-version":[{"id":56789,"href":"https:\/\/elpajaritonews.com\/index.php?rest_route=\/wp\/v2\/posts\/56785\/revisions\/56789"}],"wp:featuredmedia":[{"embeddable":true,"href":"https:\/\/elpajaritonews.com\/index.php?rest_route=\/wp\/v2\/media\/56786"}],"wp:attachment":[{"href":"https:\/\/elpajaritonews.com\/index.php?rest_route=%2Fwp%2Fv2%2Fmedia&parent=56785"}],"wp:term":[{"taxonomy":"category","embeddable":true,"href":"https:\/\/elpajaritonews.com\/index.php?rest_route=%2Fwp%2Fv2%2Fcategories&post=56785"},{"taxonomy":"post_tag","embeddable":true,"href":"https:\/\/elpajaritonews.com\/index.php?rest_route=%2Fwp%2Fv2%2Ftags&post=56785"}],"curies":[{"name":"wp","href":"https:\/\/api.w.org\/{rel}","templated":true}]}}