{"id":56796,"date":"2024-03-17T01:24:10","date_gmt":"2024-03-17T01:24:10","guid":{"rendered":"https:\/\/elpajaritonews.com\/?p=56796"},"modified":"2024-03-17T01:24:21","modified_gmt":"2024-03-17T01:24:21","slug":"asiste-gobernador-a-octava-reunion-para-la-coordinacion-de-seguridad-de-la-region-del-mar-de-cortes","status":"publish","type":"post","link":"https:\/\/elpajaritonews.com\/?p=56796","title":{"rendered":"ASISTE GOBERNADOR A OCTAVA REUNI\u00d3N PARA LA COORDINACI\u00d3N DE SEGURIDAD DE LA REGI\u00d3N DEL MAR DE CORT\u00c9S"},"content":{"rendered":"\n<p class=\"wp-block-paragraph\">Para dar continuidad al trabajo coordinado que se ha realizado en materia de seguridad a nivel regional, en los estados de Sonora, Baja California Sur, Baja California, Nayarit y Sinaloa, el gobernador Alfonso Durazo Monta\u00f1o, particip\u00f3 en la Octava Reuni\u00f3n para la Coordinaci\u00f3n de Seguridad de la Regi\u00f3n del Mar de Cort\u00e9s en Nayarit.<\/p>\n\n\n\n<figure class=\"wp-block-image size-large\"><img loading=\"lazy\" decoding=\"async\" width=\"1024\" height=\"683\" src=\"https:\/\/elpajaritonews.com\/wp-content\/uploads\/2024\/03\/c0993afa-4719-4129-b313-29aa15c1c06a-1024x683.jpg\" alt=\"\" class=\"wp-image-56798\" srcset=\"https:\/\/elpajaritonews.com\/wp-content\/uploads\/2024\/03\/c0993afa-4719-4129-b313-29aa15c1c06a-1024x683.jpg 1024w, https:\/\/elpajaritonews.com\/wp-content\/uploads\/2024\/03\/c0993afa-4719-4129-b313-29aa15c1c06a-300x200.jpg 300w, https:\/\/elpajaritonews.com\/wp-content\/uploads\/2024\/03\/c0993afa-4719-4129-b313-29aa15c1c06a-768x512.jpg 768w, https:\/\/elpajaritonews.com\/wp-content\/uploads\/2024\/03\/c0993afa-4719-4129-b313-29aa15c1c06a-1536x1024.jpg 1536w, https:\/\/elpajaritonews.com\/wp-content\/uploads\/2024\/03\/c0993afa-4719-4129-b313-29aa15c1c06a-630x420.jpg 630w, https:\/\/elpajaritonews.com\/wp-content\/uploads\/2024\/03\/c0993afa-4719-4129-b313-29aa15c1c06a-640x427.jpg 640w, https:\/\/elpajaritonews.com\/wp-content\/uploads\/2024\/03\/c0993afa-4719-4129-b313-29aa15c1c06a-681x454.jpg 681w, https:\/\/elpajaritonews.com\/wp-content\/uploads\/2024\/03\/c0993afa-4719-4129-b313-29aa15c1c06a.jpg 1599w\" sizes=\"auto, (max-width: 1024px) 100vw, 1024px\" \/><\/figure>\n\n\n\n<p class=\"wp-block-paragraph\">El mandatario estatal, junto a sus hom\u00f3logos que conforman esta coordinaci\u00f3n, sostuvieron acuerdos en materia de seguridad para el trabajo en conjunto para reforzar las estrategias en la regi\u00f3n del Golfo de California.<\/p>\n\n\n\n<figure class=\"wp-block-image size-large\"><img loading=\"lazy\" decoding=\"async\" width=\"1024\" height=\"682\" src=\"https:\/\/elpajaritonews.com\/wp-content\/uploads\/2024\/03\/57dc1fb2-4240-4b97-8ed2-bb3fb1274fab-1024x682.jpg\" alt=\"\" class=\"wp-image-56799\" srcset=\"https:\/\/elpajaritonews.com\/wp-content\/uploads\/2024\/03\/57dc1fb2-4240-4b97-8ed2-bb3fb1274fab-1024x682.jpg 1024w, https:\/\/elpajaritonews.com\/wp-content\/uploads\/2024\/03\/57dc1fb2-4240-4b97-8ed2-bb3fb1274fab-300x200.jpg 300w, https:\/\/elpajaritonews.com\/wp-content\/uploads\/2024\/03\/57dc1fb2-4240-4b97-8ed2-bb3fb1274fab-768x512.jpg 768w, https:\/\/elpajaritonews.com\/wp-content\/uploads\/2024\/03\/57dc1fb2-4240-4b97-8ed2-bb3fb1274fab-1536x1023.jpg 1536w, https:\/\/elpajaritonews.com\/wp-content\/uploads\/2024\/03\/57dc1fb2-4240-4b97-8ed2-bb3fb1274fab-630x420.jpg 630w, https:\/\/elpajaritonews.com\/wp-content\/uploads\/2024\/03\/57dc1fb2-4240-4b97-8ed2-bb3fb1274fab-640x426.jpg 640w, https:\/\/elpajaritonews.com\/wp-content\/uploads\/2024\/03\/57dc1fb2-4240-4b97-8ed2-bb3fb1274fab-681x454.jpg 681w, https:\/\/elpajaritonews.com\/wp-content\/uploads\/2024\/03\/57dc1fb2-4240-4b97-8ed2-bb3fb1274fab.jpg 1600w\" sizes=\"auto, (max-width: 1024px) 100vw, 1024px\" \/><\/figure>\n\n\n\n<p class=\"wp-block-paragraph\">Adem\u00e1s, durante la reuni\u00f3n se mostraron los resultados en materia de prevenci\u00f3n y seguridad, as\u00ed como definir acciones y programas que sean vinculantes para la zona.<\/p>\n","protected":false},"excerpt":{"rendered":"<p>Para dar continuidad al trabajo coordinado que se ha realizado en materia de seguridad a nivel regional, en los estados de Sonora, Baja California Sur, Baja California, Nayarit y Sinaloa, el gobernador Alfonso Durazo Monta\u00f1o, particip\u00f3 en la Octava Reuni\u00f3n para la Coordinaci\u00f3n de Seguridad de la Regi\u00f3n del Mar de Cort\u00e9s en Nayarit. El&#8230;<\/p>\n","protected":false},"author":2,"featured_media":56797,"comment_status":"closed","ping_status":"closed","sticky":false,"template":"","format":"standard","meta":{"_crdt_document":"","_exactmetrics_skip_tracking":false,"_exactmetrics_sitenote_active":false,"_exactmetrics_sitenote_note":"","_exactmetrics_sitenote_category":0,"footnotes":""},"categories":[23,31,1,27],"tags":[28,29,30],"class_list":["post-56796","post","type-post","status-publish","format-standard","has-post-thumbnail","hentry","category-mexico","category-politica","category-seguridad","category-sonora","tag-nogales","tag-nogales-la-gran-frontera","tag-sonora-tierra-de-oportunidades"],"_links":{"self":[{"href":"https:\/\/elpajaritonews.com\/index.php?rest_route=\/wp\/v2\/posts\/56796","targetHints":{"allow":["GET"]}}],"collection":[{"href":"https:\/\/elpajaritonews.com\/index.php?rest_route=\/wp\/v2\/posts"}],"about":[{"href":"https:\/\/elpajaritonews.com\/index.php?rest_route=\/wp\/v2\/types\/post"}],"author":[{"embeddable":true,"href":"https:\/\/elpajaritonews.com\/index.php?rest_route=\/wp\/v2\/users\/2"}],"replies":[{"embeddable":true,"href":"https:\/\/elpajaritonews.com\/index.php?rest_route=%2Fwp%2Fv2%2Fcomments&post=56796"}],"version-history":[{"count":2,"href":"https:\/\/elpajaritonews.com\/index.php?rest_route=\/wp\/v2\/posts\/56796\/revisions"}],"predecessor-version":[{"id":56801,"href":"https:\/\/elpajaritonews.com\/index.php?rest_route=\/wp\/v2\/posts\/56796\/revisions\/56801"}],"wp:featuredmedia":[{"embeddable":true,"href":"https:\/\/elpajaritonews.com\/index.php?rest_route=\/wp\/v2\/media\/56797"}],"wp:attachment":[{"href":"https:\/\/elpajaritonews.com\/index.php?rest_route=%2Fwp%2Fv2%2Fmedia&parent=56796"}],"wp:term":[{"taxonomy":"category","embeddable":true,"href":"https:\/\/elpajaritonews.com\/index.php?rest_route=%2Fwp%2Fv2%2Fcategories&post=56796"},{"taxonomy":"post_tag","embeddable":true,"href":"https:\/\/elpajaritonews.com\/index.php?rest_route=%2Fwp%2Fv2%2Ftags&post=56796"}],"curies":[{"name":"wp","href":"https:\/\/api.w.org\/{rel}","templated":true}]}}