{"id":56806,"date":"2024-03-17T02:16:27","date_gmt":"2024-03-17T02:16:27","guid":{"rendered":"https:\/\/elpajaritonews.com\/?p=56806"},"modified":"2024-03-17T02:16:28","modified_gmt":"2024-03-17T02:16:28","slug":"un-individuo-entro-a-un-bar-y-mata-a-un-hombre-por-la-espalda-con-un-cuchillo-video","status":"publish","type":"post","link":"https:\/\/elpajaritonews.com\/?p=56806","title":{"rendered":"UN INDIVIDUO ENTR\u00d3 A UN BAR Y MATA A UN HOMBRE POR LA ESPALDA CON UN CUCHILLO (VIDEO)"},"content":{"rendered":"\n<p class=\"wp-block-paragraph\">En un tr\u00e1gico suceso en el municipio de Pacatuba, la regi\u00f3n de Baixo S\u00e3o Francisco en Sergipe, Brasil, un empresario del sector de materiales de construcci\u00f3n, Mel\u00edcio Francelino, de 31 a\u00f1os, fue brutalmente asesinado con arma blanca.<\/p>\n\n\n\n<p class=\"wp-block-paragraph\">El crimen ocurri\u00f3 mientras Francelino se encontraba en un bar en la aldea de Areia Branca, descansando despu\u00e9s de su jornada laboral.<\/p>\n\n\n\n<figure class=\"wp-block-video\"><video height=\"270\" style=\"aspect-ratio: 476 \/ 270;\" width=\"476\" controls src=\"https:\/\/elpajaritonews.com\/wp-content\/uploads\/2024\/03\/ssstwitter.com_1710624886855.mp4\"><\/video><\/figure>\n\n\n\n<p class=\"wp-block-paragraph\">Seg\u00fan relatos de testigos y la hermana de la v\u00edctima, Mel\u00edcio estaba disfrutando de un momento de esparcimiento con amigos cuando fue sorprendido por un individuo que lo atac\u00f3 por la espalda con un cuchillo, propin\u00e1ndole m\u00faltiples heridas fatales. A pesar de los esfuerzos por defenderse, Francelino no pudo evitar el ataque y cay\u00f3 desmayado en el lugar.<\/p>\n\n\n\n<p class=\"wp-block-paragraph\">El motivo detr\u00e1s de este violento crimen a\u00fan es desconocido, sumiendo a los familiares en consternaci\u00f3n y conmoci\u00f3n. A pocos d\u00edas del incidente, un video de las c\u00e1maras de seguridad del bar revel\u00f3 el momento exacto del ataque, mostrando c\u00f3mo un hombre de su\u00e9ter blanco y gorra amarilla ingres\u00f3 al establecimiento y, tras aparentar disfrutar del ambiente, perpetr\u00f3 el letal ataque contra Mel\u00edcio Francelino.<\/p>\n\n\n\n<p class=\"wp-block-paragraph\">Las autoridades locales han asegurado tener identificado al agresor y est\u00e1n llevando a cabo las acciones pertinentes para su captura. Se espera que su detenci\u00f3n ayude a esclarecer los motivos detr\u00e1s de este crimen atroz y a llevar a los verdaderos responsables ante la justicia.<\/p>\n\n\n\n<p class=\"wp-block-paragraph\"><a href=\"https:\/\/twitter.com\/i\/status\/1769105325980819624\">https:\/\/twitter.com\/i\/status\/1769105325980819624<\/a><\/p>\n","protected":false},"excerpt":{"rendered":"<p>En un tr\u00e1gico suceso en el municipio de Pacatuba, la regi\u00f3n de Baixo S\u00e3o Francisco en Sergipe, Brasil, un empresario del sector de materiales de construcci\u00f3n, Mel\u00edcio Francelino, de 31 a\u00f1os, fue brutalmente asesinado con arma blanca. El crimen ocurri\u00f3 mientras Francelino se encontraba en un bar en la aldea de Areia Branca, descansando despu\u00e9s&#8230;<\/p>\n","protected":false},"author":2,"featured_media":56808,"comment_status":"closed","ping_status":"closed","sticky":false,"template":"","format":"standard","meta":{"_crdt_document":"","_exactmetrics_skip_tracking":false,"_exactmetrics_sitenote_active":false,"_exactmetrics_sitenote_note":"","_exactmetrics_sitenote_category":0,"footnotes":""},"categories":[24,1],"tags":[],"class_list":["post-56806","post","type-post","status-publish","format-standard","has-post-thumbnail","hentry","category-mundo","category-seguridad"],"_links":{"self":[{"href":"https:\/\/elpajaritonews.com\/index.php?rest_route=\/wp\/v2\/posts\/56806","targetHints":{"allow":["GET"]}}],"collection":[{"href":"https:\/\/elpajaritonews.com\/index.php?rest_route=\/wp\/v2\/posts"}],"about":[{"href":"https:\/\/elpajaritonews.com\/index.php?rest_route=\/wp\/v2\/types\/post"}],"author":[{"embeddable":true,"href":"https:\/\/elpajaritonews.com\/index.php?rest_route=\/wp\/v2\/users\/2"}],"replies":[{"embeddable":true,"href":"https:\/\/elpajaritonews.com\/index.php?rest_route=%2Fwp%2Fv2%2Fcomments&post=56806"}],"version-history":[{"count":1,"href":"https:\/\/elpajaritonews.com\/index.php?rest_route=\/wp\/v2\/posts\/56806\/revisions"}],"predecessor-version":[{"id":56809,"href":"https:\/\/elpajaritonews.com\/index.php?rest_route=\/wp\/v2\/posts\/56806\/revisions\/56809"}],"wp:featuredmedia":[{"embeddable":true,"href":"https:\/\/elpajaritonews.com\/index.php?rest_route=\/wp\/v2\/media\/56808"}],"wp:attachment":[{"href":"https:\/\/elpajaritonews.com\/index.php?rest_route=%2Fwp%2Fv2%2Fmedia&parent=56806"}],"wp:term":[{"taxonomy":"category","embeddable":true,"href":"https:\/\/elpajaritonews.com\/index.php?rest_route=%2Fwp%2Fv2%2Fcategories&post=56806"},{"taxonomy":"post_tag","embeddable":true,"href":"https:\/\/elpajaritonews.com\/index.php?rest_route=%2Fwp%2Fv2%2Ftags&post=56806"}],"curies":[{"name":"wp","href":"https:\/\/api.w.org\/{rel}","templated":true}]}}