{"id":56848,"date":"2024-03-18T20:33:18","date_gmt":"2024-03-18T20:33:18","guid":{"rendered":"https:\/\/elpajaritonews.com\/?p=56848"},"modified":"2024-03-18T20:37:23","modified_gmt":"2024-03-18T20:37:23","slug":"asume-jacobo-mendoza-compromiso-con-reformas-constitucionales-para-propiciar-igualdad-para-pueblos-originarios","status":"publish","type":"post","link":"https:\/\/elpajaritonews.com\/?p=56848","title":{"rendered":"ASUME JACOBO MENDOZA COMPROMISO CON REFORMAS CONSTITUCIONALES PARA PROPICIAR IGUALDAD PARA PUEBLOS ORIGINARIOS."},"content":{"rendered":"\n<p class=\"wp-block-paragraph\">Jacobo Mendoza recibi\u00f3 el bast\u00f3n de mando de la naci\u00f3n Yoreme Yaqui asentada en Hermosillo y, con ello, asumi\u00f3 el compromiso de impulsar y construir la igualdad para los pueblos ind\u00edgenas como esencia de la cuarta transformaci\u00f3n.<\/p>\n\n\n\n<p class=\"wp-block-paragraph\">El candidato a diputado federal por el distrito 5 con cabecera en Hermosillo, plante\u00f3 que el compromiso es luchar por la aprobaci\u00f3n de la reforma constitucional que present\u00f3 el presidente, ya que asegur\u00f3 \u00abseguiremos con los planes de justicia y promoveremos el reconocimiento de las culturas y las lenguas en Sonora y M\u00e9xico\u00bb.<\/p>\n\n\n\n<p class=\"wp-block-paragraph\">Presente en la ramada de la Revoluci\u00f3n, donde los Yaquis realizan los ritos relativos a la semana Santa, Jacobo Mendoza fue recibido por la guardia Yaqui y por los fariseos, adem\u00e1s del Gobernador Yaqui, Manuel Renter\u00eda Jaquez, quien le dijo que hay confianza en la cuarta transformaci\u00f3n y en que \u00e9l como diputado federal, lleve a la C\u00e1mara de Diputados las inquietudes y necesidades de la naci\u00f3n Yaqui.<\/p>\n\n\n\n<figure class=\"wp-block-image size-large\"><img loading=\"lazy\" decoding=\"async\" width=\"578\" height=\"1024\" src=\"https:\/\/elpajaritonews.com\/wp-content\/uploads\/2024\/03\/c507811d-c65f-420a-87bb-ea49c9ee595a-578x1024.jpg\" alt=\"\" class=\"wp-image-56850\" srcset=\"https:\/\/elpajaritonews.com\/wp-content\/uploads\/2024\/03\/c507811d-c65f-420a-87bb-ea49c9ee595a-578x1024.jpg 578w, https:\/\/elpajaritonews.com\/wp-content\/uploads\/2024\/03\/c507811d-c65f-420a-87bb-ea49c9ee595a-169x300.jpg 169w, https:\/\/elpajaritonews.com\/wp-content\/uploads\/2024\/03\/c507811d-c65f-420a-87bb-ea49c9ee595a-237x420.jpg 237w, https:\/\/elpajaritonews.com\/wp-content\/uploads\/2024\/03\/c507811d-c65f-420a-87bb-ea49c9ee595a-640x1135.jpg 640w, https:\/\/elpajaritonews.com\/wp-content\/uploads\/2024\/03\/c507811d-c65f-420a-87bb-ea49c9ee595a-681x1207.jpg 681w, https:\/\/elpajaritonews.com\/wp-content\/uploads\/2024\/03\/c507811d-c65f-420a-87bb-ea49c9ee595a.jpg 722w\" sizes=\"auto, (max-width: 578px) 100vw, 578px\" \/><\/figure>\n\n\n\n<p class=\"wp-block-paragraph\">Mendoza Ru\u00edz, fu\u00e9 recibido junto con su familia por los danzantes, para posteriormente presentar un baile tradicional y hacer oraci\u00f3n.<\/p>\n\n\n\n<p class=\"wp-block-paragraph\">Al candidato a diputado federal le hicieron entrega en representaci\u00f3n de los pueblos ind\u00edgenas asentados en&nbsp; Hermosillo, un bast\u00f3n de mando que representa la confianza que depositan en \u00e9l y el proyecto de la 4t para continuar velando por sus comunidades y tradiciones. Mendoza Ru\u00edz asegur\u00f3 que no les va a fallar y continuar\u00e1 trabajando al lado de ellos, \u00abtal como lo ha hecho el Presidente, el Gobernador Alfonso Durazo y sin duda alguna lo seguir\u00e1 haciendo Claudia Sheinbaum, pr\u00f3xima Presidenta de M\u00e9xico\u00bb asever\u00f3.<\/p>\n\n\n\n<p class=\"wp-block-paragraph\">Al finalizar el acto, recorrieron cada uno de los puestos de comida que sirven de apoyo econ\u00f3mico para las familias de la comunidad<\/p>\n\n\n\n<p class=\"wp-block-paragraph\">Jacobo Mendoza se comprometi\u00f3 con la causa de los pueblos originarios y reiter\u00f3 a los Yaquis pero tambi\u00e9n a los Seris, a los Pimas y a todas las naciones originarias de Sonora, que \u00e9l estar\u00e1 de su lado, pues ser\u00e1 un diputado del pueblo y para el pueblo.<\/p>\n\n\n\n<figure class=\"wp-block-embed is-type-rich is-provider-twitter wp-block-embed-twitter\"><div class=\"wp-block-embed__wrapper\">\n<blockquote class=\"twitter-tweet\" data-width=\"550\" data-dnt=\"true\"><p lang=\"es\" dir=\"ltr\">ASUME JACOBO MENDOZA COMPROMISO CON REFORMAS CONSTITUCIONALES PARA PROPICIAR IGUALDAD PARA PUEBLOS ORIGINARIOS. <a href=\"https:\/\/t.co\/VB90Nt4TLA\">https:\/\/t.co\/VB90Nt4TLA<\/a> a trav\u00e9s de <a href=\"https:\/\/twitter.com\/elpajaritonews?ref_src=twsrc%5Etfw\">@elpajaritonews<\/a> <a href=\"https:\/\/twitter.com\/JacoboMendozaR?ref_src=twsrc%5Etfw\">@JacoboMendozaR<\/a> <a href=\"https:\/\/twitter.com\/PartidoMorenaMx?ref_src=twsrc%5Etfw\">@PartidoMorenaMx<\/a> <a href=\"https:\/\/twitter.com\/MorenaSonora?ref_src=twsrc%5Etfw\">@MorenaSonora<\/a> <a href=\"https:\/\/twitter.com\/viniciosanchez?ref_src=twsrc%5Etfw\">@viniciosanchez<\/a><a href=\"https:\/\/twitter.com\/Claudiashein?ref_src=twsrc%5Etfw\">@Claudiashein<\/a> <a href=\"https:\/\/t.co\/repgIREf0N\">pic.twitter.com\/repgIREf0N<\/a><\/p>&mdash; PajaritoNews (@elpajaritonews) <a href=\"https:\/\/twitter.com\/elpajaritonews\/status\/1769825209446506742?ref_src=twsrc%5Etfw\">March 18, 2024<\/a><\/blockquote><script async src=\"https:\/\/platform.twitter.com\/widgets.js\" charset=\"utf-8\"><\/script>\n<\/div><\/figure>\n","protected":false},"excerpt":{"rendered":"<p>Jacobo Mendoza recibi\u00f3 el bast\u00f3n de mando de la naci\u00f3n Yoreme Yaqui asentada en Hermosillo y, con ello, asumi\u00f3 el compromiso de impulsar y construir la igualdad para los pueblos ind\u00edgenas como esencia de la cuarta transformaci\u00f3n. El candidato a diputado federal por el distrito 5 con cabecera en Hermosillo, plante\u00f3 que el compromiso es&#8230;<\/p>\n","protected":false},"author":2,"featured_media":56849,"comment_status":"closed","ping_status":"closed","sticky":false,"template":"","format":"standard","meta":{"_crdt_document":"","_exactmetrics_skip_tracking":false,"_exactmetrics_sitenote_active":false,"_exactmetrics_sitenote_note":"","_exactmetrics_sitenote_category":0,"footnotes":""},"categories":[35,26,31,27],"tags":[28,29,30],"class_list":["post-56848","post","type-post","status-publish","format-standard","has-post-thumbnail","hentry","category-elecciones-2024","category-local","category-politica","category-sonora","tag-nogales","tag-nogales-la-gran-frontera","tag-sonora-tierra-de-oportunidades"],"_links":{"self":[{"href":"https:\/\/elpajaritonews.com\/index.php?rest_route=\/wp\/v2\/posts\/56848","targetHints":{"allow":["GET"]}}],"collection":[{"href":"https:\/\/elpajaritonews.com\/index.php?rest_route=\/wp\/v2\/posts"}],"about":[{"href":"https:\/\/elpajaritonews.com\/index.php?rest_route=\/wp\/v2\/types\/post"}],"author":[{"embeddable":true,"href":"https:\/\/elpajaritonews.com\/index.php?rest_route=\/wp\/v2\/users\/2"}],"replies":[{"embeddable":true,"href":"https:\/\/elpajaritonews.com\/index.php?rest_route=%2Fwp%2Fv2%2Fcomments&post=56848"}],"version-history":[{"count":2,"href":"https:\/\/elpajaritonews.com\/index.php?rest_route=\/wp\/v2\/posts\/56848\/revisions"}],"predecessor-version":[{"id":56852,"href":"https:\/\/elpajaritonews.com\/index.php?rest_route=\/wp\/v2\/posts\/56848\/revisions\/56852"}],"wp:featuredmedia":[{"embeddable":true,"href":"https:\/\/elpajaritonews.com\/index.php?rest_route=\/wp\/v2\/media\/56849"}],"wp:attachment":[{"href":"https:\/\/elpajaritonews.com\/index.php?rest_route=%2Fwp%2Fv2%2Fmedia&parent=56848"}],"wp:term":[{"taxonomy":"category","embeddable":true,"href":"https:\/\/elpajaritonews.com\/index.php?rest_route=%2Fwp%2Fv2%2Fcategories&post=56848"},{"taxonomy":"post_tag","embeddable":true,"href":"https:\/\/elpajaritonews.com\/index.php?rest_route=%2Fwp%2Fv2%2Ftags&post=56848"}],"curies":[{"name":"wp","href":"https:\/\/api.w.org\/{rel}","templated":true}]}}