{"id":56955,"date":"2024-03-21T22:18:41","date_gmt":"2024-03-21T22:18:41","guid":{"rendered":"https:\/\/elpajaritonews.com\/?p=56955"},"modified":"2024-03-21T22:18:42","modified_gmt":"2024-03-21T22:18:42","slug":"aprueba-el-congreso-de-sonora-la-creacion-de-la-procuraduria-de-defensa-de-personas-con-discapacidad","status":"publish","type":"post","link":"https:\/\/elpajaritonews.com\/?p=56955","title":{"rendered":"APRUEBA EL CONGRESO DE SONORA LA CREACI\u00d3N DE LA PROCURADUR\u00cdA DE DEFENSA DE PERSONAS CON DISCAPACIDAD"},"content":{"rendered":"\n<figure class=\"wp-block-image size-full is-resized\"><img loading=\"lazy\" decoding=\"async\" width=\"802\" height=\"99\" src=\"https:\/\/elpajaritonews.com\/wp-content\/uploads\/2024\/03\/BANER-marzo-9.jpg\" alt=\"\" class=\"wp-image-56957\" style=\"width:889px;height:auto\" srcset=\"https:\/\/elpajaritonews.com\/wp-content\/uploads\/2024\/03\/BANER-marzo-9.jpg 802w, https:\/\/elpajaritonews.com\/wp-content\/uploads\/2024\/03\/BANER-marzo-9-300x37.jpg 300w, https:\/\/elpajaritonews.com\/wp-content\/uploads\/2024\/03\/BANER-marzo-9-768x95.jpg 768w, https:\/\/elpajaritonews.com\/wp-content\/uploads\/2024\/03\/BANER-marzo-9-640x79.jpg 640w, https:\/\/elpajaritonews.com\/wp-content\/uploads\/2024\/03\/BANER-marzo-9-681x84.jpg 681w\" sizes=\"auto, (max-width: 802px) 100vw, 802px\" \/><\/figure>\n\n\n\n<p class=\"wp-block-paragraph\">Con el objetivo de garantizar la plena protecci\u00f3n y asistencia de las y los sonorenses con discapacidad, el Congreso de Sonora aprob\u00f3 la creaci\u00f3n, dentro de la ley correspondiente, de la Procuradur\u00eda de Defensa de los Derechos de Personas con Discapacidad.<\/p>\n\n\n\n<p class=\"wp-block-paragraph\">La nueva instituci\u00f3n p\u00fablica, adscrita al DIF Sonora, estar\u00e1 especializada en la protecci\u00f3n y defensa de los derechos de este grupo vulnerable. Proporcionar\u00e1 orientaci\u00f3n, asesoramiento y representaci\u00f3n gratuita en materia legal, adem\u00e1s que visitar\u00e1, vigilar\u00e1 y supervisar\u00e1 establecimientos p\u00fablicos y privados donde se atienda a personas con discapacidad, para asegurar que cuenten con las adecuaciones necesarias para su atenci\u00f3n, entre otras funciones.<\/p>\n\n\n\n<figure class=\"wp-block-image size-large\"><img loading=\"lazy\" decoding=\"async\" width=\"1024\" height=\"682\" src=\"https:\/\/elpajaritonews.com\/wp-content\/uploads\/2024\/03\/26c9e28e-c73a-4d90-84e7-3dbf8ba68dd8-1024x682.jpg\" alt=\"\" class=\"wp-image-56958\" srcset=\"https:\/\/elpajaritonews.com\/wp-content\/uploads\/2024\/03\/26c9e28e-c73a-4d90-84e7-3dbf8ba68dd8-1024x682.jpg 1024w, https:\/\/elpajaritonews.com\/wp-content\/uploads\/2024\/03\/26c9e28e-c73a-4d90-84e7-3dbf8ba68dd8-300x200.jpg 300w, https:\/\/elpajaritonews.com\/wp-content\/uploads\/2024\/03\/26c9e28e-c73a-4d90-84e7-3dbf8ba68dd8-768x512.jpg 768w, https:\/\/elpajaritonews.com\/wp-content\/uploads\/2024\/03\/26c9e28e-c73a-4d90-84e7-3dbf8ba68dd8-1536x1023.jpg 1536w, https:\/\/elpajaritonews.com\/wp-content\/uploads\/2024\/03\/26c9e28e-c73a-4d90-84e7-3dbf8ba68dd8-630x420.jpg 630w, https:\/\/elpajaritonews.com\/wp-content\/uploads\/2024\/03\/26c9e28e-c73a-4d90-84e7-3dbf8ba68dd8-640x426.jpg 640w, https:\/\/elpajaritonews.com\/wp-content\/uploads\/2024\/03\/26c9e28e-c73a-4d90-84e7-3dbf8ba68dd8-681x454.jpg 681w, https:\/\/elpajaritonews.com\/wp-content\/uploads\/2024\/03\/26c9e28e-c73a-4d90-84e7-3dbf8ba68dd8.jpg 1600w\" sizes=\"auto, (max-width: 1024px) 100vw, 1024px\" \/><\/figure>\n\n\n\n<p class=\"wp-block-paragraph\">Adicionalmente, la instituci\u00f3n podr\u00e1 sancionar, mediante la figura de denuncia popular, a sujetos p\u00fablicos y privados que violen los derechos humanos de las personas con discapacidad, y colaborar\u00e1 con la Fiscal\u00eda General de Justicia en la investigaci\u00f3n de los delitos cometidos en su contra.<\/p>\n\n\n\n<p class=\"wp-block-paragraph\">El dictamen con proyecto de Decreto que reforma y adiciona diversas disposiciones de la Ley para la Inclusi\u00f3n y Desarrollo de las Personas con Discapacidad o en Situaci\u00f3n de Discapacidad del Estado de Sonora, fue aprobado por unanimidad en la sesi\u00f3n de este jueves y presentado por las y los integrantes de las comisiones unidas de Gobernaci\u00f3n y Puntos Constitucionales, Justicia y Derechos Humanos, y Atenci\u00f3n a Grupos Vulnerables de la Sociedad.<\/p>\n\n\n\n<figure class=\"wp-block-image size-large\"><img loading=\"lazy\" decoding=\"async\" width=\"1024\" height=\"577\" src=\"https:\/\/elpajaritonews.com\/wp-content\/uploads\/2024\/03\/6df784c8-95b4-43df-8ca4-e41e3ef8817b-1024x577.jpg\" alt=\"\" class=\"wp-image-56959\" srcset=\"https:\/\/elpajaritonews.com\/wp-content\/uploads\/2024\/03\/6df784c8-95b4-43df-8ca4-e41e3ef8817b-1024x577.jpg 1024w, https:\/\/elpajaritonews.com\/wp-content\/uploads\/2024\/03\/6df784c8-95b4-43df-8ca4-e41e3ef8817b-300x169.jpg 300w, https:\/\/elpajaritonews.com\/wp-content\/uploads\/2024\/03\/6df784c8-95b4-43df-8ca4-e41e3ef8817b-768x433.jpg 768w, https:\/\/elpajaritonews.com\/wp-content\/uploads\/2024\/03\/6df784c8-95b4-43df-8ca4-e41e3ef8817b-1536x866.jpg 1536w, https:\/\/elpajaritonews.com\/wp-content\/uploads\/2024\/03\/6df784c8-95b4-43df-8ca4-e41e3ef8817b-745x420.jpg 745w, https:\/\/elpajaritonews.com\/wp-content\/uploads\/2024\/03\/6df784c8-95b4-43df-8ca4-e41e3ef8817b-640x361.jpg 640w, https:\/\/elpajaritonews.com\/wp-content\/uploads\/2024\/03\/6df784c8-95b4-43df-8ca4-e41e3ef8817b-681x384.jpg 681w, https:\/\/elpajaritonews.com\/wp-content\/uploads\/2024\/03\/6df784c8-95b4-43df-8ca4-e41e3ef8817b.jpg 1600w\" sizes=\"auto, (max-width: 1024px) 100vw, 1024px\" \/><\/figure>\n\n\n\n<p class=\"wp-block-paragraph\">Las personas con discapacidad representan el 17 por ciento de la poblaci\u00f3n en el estado de Sonora, es decir, poco m\u00e1s de 500 mil, de las cuales, 145 mil 473 presentan alguna forma de discapacidad; 317 mil 996 tienen limitaci\u00f3n para movilizarse; y 40 mil 272 sufren problemas mentales, seg\u00fan cifras del Censo de Poblaci\u00f3n y Vivienda 2020, elaborado por el Inegi.<\/p>\n\n\n\n<p class=\"wp-block-paragraph\">En esta sesi\u00f3n ordinaria, el pleno aprob\u00f3 el dictamen con Acuerdo que resuelve aprobar la renuncia presentada por la ciudadana Giovanna Judith N\u00fa\u00f1ez Duarte, al cargo de regidora propietaria del Ayuntamiento de Agua Prieta, Sonora, con efectos a partir de esta aprobaci\u00f3n, raz\u00f3n por la que deber\u00e1 hacerse del conocimiento del resolutivo a la ciudadana Guadalupe Ruiz Herrera, regidora suplente, para que rinda protesta de Ley como propietaria.<\/p>\n","protected":false},"excerpt":{"rendered":"<p>Con el objetivo de garantizar la plena protecci\u00f3n y asistencia de las y los sonorenses con discapacidad, el Congreso de Sonora aprob\u00f3 la creaci\u00f3n, dentro de la ley correspondiente, de la Procuradur\u00eda de Defensa de los Derechos de Personas con Discapacidad. La nueva instituci\u00f3n p\u00fablica, adscrita al DIF Sonora, estar\u00e1 especializada en la protecci\u00f3n y&#8230;<\/p>\n","protected":false},"author":2,"featured_media":56956,"comment_status":"closed","ping_status":"closed","sticky":false,"template":"","format":"standard","meta":{"_crdt_document":"","_exactmetrics_skip_tracking":false,"_exactmetrics_sitenote_active":false,"_exactmetrics_sitenote_note":"","_exactmetrics_sitenote_category":0,"footnotes":""},"categories":[20,33,26,31,32,27],"tags":[28,29,30],"class_list":["post-56955","post","type-post","status-publish","format-standard","has-post-thumbnail","hentry","category-congreso","category-educacion","category-local","category-politica","category-salud","category-sonora","tag-nogales","tag-nogales-la-gran-frontera","tag-sonora-tierra-de-oportunidades"],"_links":{"self":[{"href":"https:\/\/elpajaritonews.com\/index.php?rest_route=\/wp\/v2\/posts\/56955","targetHints":{"allow":["GET"]}}],"collection":[{"href":"https:\/\/elpajaritonews.com\/index.php?rest_route=\/wp\/v2\/posts"}],"about":[{"href":"https:\/\/elpajaritonews.com\/index.php?rest_route=\/wp\/v2\/types\/post"}],"author":[{"embeddable":true,"href":"https:\/\/elpajaritonews.com\/index.php?rest_route=\/wp\/v2\/users\/2"}],"replies":[{"embeddable":true,"href":"https:\/\/elpajaritonews.com\/index.php?rest_route=%2Fwp%2Fv2%2Fcomments&post=56955"}],"version-history":[{"count":1,"href":"https:\/\/elpajaritonews.com\/index.php?rest_route=\/wp\/v2\/posts\/56955\/revisions"}],"predecessor-version":[{"id":56960,"href":"https:\/\/elpajaritonews.com\/index.php?rest_route=\/wp\/v2\/posts\/56955\/revisions\/56960"}],"wp:featuredmedia":[{"embeddable":true,"href":"https:\/\/elpajaritonews.com\/index.php?rest_route=\/wp\/v2\/media\/56956"}],"wp:attachment":[{"href":"https:\/\/elpajaritonews.com\/index.php?rest_route=%2Fwp%2Fv2%2Fmedia&parent=56955"}],"wp:term":[{"taxonomy":"category","embeddable":true,"href":"https:\/\/elpajaritonews.com\/index.php?rest_route=%2Fwp%2Fv2%2Fcategories&post=56955"},{"taxonomy":"post_tag","embeddable":true,"href":"https:\/\/elpajaritonews.com\/index.php?rest_route=%2Fwp%2Fv2%2Ftags&post=56955"}],"curies":[{"name":"wp","href":"https:\/\/api.w.org\/{rel}","templated":true}]}}