{"id":56965,"date":"2024-03-22T01:34:36","date_gmt":"2024-03-22T01:34:36","guid":{"rendered":"https:\/\/elpajaritonews.com\/?p=56965"},"modified":"2024-03-22T01:34:37","modified_gmt":"2024-03-22T01:34:37","slug":"participa-gobernador-en-sesion-extraordinaria-del-sistema-de-salud-federal","status":"publish","type":"post","link":"https:\/\/elpajaritonews.com\/?p=56965","title":{"rendered":"PARTICIPA GOBERNADOR EN SESI\u00d3N EXTRAORDINARIA DEL SISTEMA DE SALUD FEDERAL"},"content":{"rendered":"\n<p class=\"wp-block-paragraph\">Con el fin de revisar los avances del nuevo modelo de salud p\u00fablica, el gobernador Alfonso Durazo Monta\u00f1o particip\u00f3 en la Sesi\u00f3n Extraordinaria 2024 de la Comisi\u00f3n Presidencial para el cumplimiento del Acuerdo Nacional para la Federalizaci\u00f3n del Sistema de Salud para el Bienestar.<\/p>\n\n\n\n<p class=\"wp-block-paragraph\">En la reuni\u00f3n de trabajo, llevada a cabo en Guelatao, Oaxaca, encabezada por el presidente de la Rep\u00fablica, Andr\u00e9s Manuel L\u00f3pez Obrador, estuvieron otros 22 gobernadores del pa\u00eds y se analizaron cada una de las entidades federativas participantes, las cuales suman 11 mil centros de salud y 400 hospitales.<\/p>\n\n\n\n<p class=\"wp-block-paragraph\">En su visita a Oaxaca, el mandatario sonorense asisti\u00f3 a la ceremonia para conmemorar el 218 aniversario del natalicio de Benito Ju\u00e1rez, invitado por el presidente L\u00f3pez Obrador.<\/p>\n\n\n\n<p class=\"wp-block-paragraph\">Durazo Monta\u00f1o acompa\u00f1\u00f3 al titular del Ejecutivo federal en esta fecha memorable, en la que se record\u00f3 al Benem\u00e9rito de las Am\u00e9ricas y su legado en nuestro pa\u00eds.<\/p>\n","protected":false},"excerpt":{"rendered":"<p>Con el fin de revisar los avances del nuevo modelo de salud p\u00fablica, el gobernador Alfonso Durazo Monta\u00f1o particip\u00f3 en la Sesi\u00f3n Extraordinaria 2024 de la Comisi\u00f3n Presidencial para el cumplimiento del Acuerdo Nacional para la Federalizaci\u00f3n del Sistema de Salud para el Bienestar. En la reuni\u00f3n de trabajo, llevada a cabo en Guelatao, Oaxaca,&#8230;<\/p>\n","protected":false},"author":2,"featured_media":56966,"comment_status":"closed","ping_status":"closed","sticky":false,"template":"","format":"standard","meta":{"_crdt_document":"","_exactmetrics_skip_tracking":false,"_exactmetrics_sitenote_active":false,"_exactmetrics_sitenote_note":"","_exactmetrics_sitenote_category":0,"footnotes":""},"categories":[31,32,27],"tags":[28,29,30],"class_list":["post-56965","post","type-post","status-publish","format-standard","has-post-thumbnail","hentry","category-politica","category-salud","category-sonora","tag-nogales","tag-nogales-la-gran-frontera","tag-sonora-tierra-de-oportunidades"],"_links":{"self":[{"href":"https:\/\/elpajaritonews.com\/index.php?rest_route=\/wp\/v2\/posts\/56965","targetHints":{"allow":["GET"]}}],"collection":[{"href":"https:\/\/elpajaritonews.com\/index.php?rest_route=\/wp\/v2\/posts"}],"about":[{"href":"https:\/\/elpajaritonews.com\/index.php?rest_route=\/wp\/v2\/types\/post"}],"author":[{"embeddable":true,"href":"https:\/\/elpajaritonews.com\/index.php?rest_route=\/wp\/v2\/users\/2"}],"replies":[{"embeddable":true,"href":"https:\/\/elpajaritonews.com\/index.php?rest_route=%2Fwp%2Fv2%2Fcomments&post=56965"}],"version-history":[{"count":1,"href":"https:\/\/elpajaritonews.com\/index.php?rest_route=\/wp\/v2\/posts\/56965\/revisions"}],"predecessor-version":[{"id":56967,"href":"https:\/\/elpajaritonews.com\/index.php?rest_route=\/wp\/v2\/posts\/56965\/revisions\/56967"}],"wp:featuredmedia":[{"embeddable":true,"href":"https:\/\/elpajaritonews.com\/index.php?rest_route=\/wp\/v2\/media\/56966"}],"wp:attachment":[{"href":"https:\/\/elpajaritonews.com\/index.php?rest_route=%2Fwp%2Fv2%2Fmedia&parent=56965"}],"wp:term":[{"taxonomy":"category","embeddable":true,"href":"https:\/\/elpajaritonews.com\/index.php?rest_route=%2Fwp%2Fv2%2Fcategories&post=56965"},{"taxonomy":"post_tag","embeddable":true,"href":"https:\/\/elpajaritonews.com\/index.php?rest_route=%2Fwp%2Fv2%2Ftags&post=56965"}],"curies":[{"name":"wp","href":"https:\/\/api.w.org\/{rel}","templated":true}]}}