{"id":56968,"date":"2024-03-22T17:21:25","date_gmt":"2024-03-22T17:21:25","guid":{"rendered":"https:\/\/elpajaritonews.com\/?p=56968"},"modified":"2024-03-22T17:21:27","modified_gmt":"2024-03-22T17:21:27","slug":"exigen-usuarios-a-cfe-hechos-no-palabras-en-sonora","status":"publish","type":"post","link":"https:\/\/elpajaritonews.com\/?p=56968","title":{"rendered":"EXIGEN USUARIOS A CFE HECHOS, NO PALABRAS EN SONORA"},"content":{"rendered":"\n<p class=\"wp-block-paragraph\">Alejandro Matty Ortega\/Irreverente Noticias<\/p>\n\n\n\n<p class=\"wp-block-paragraph\">Hermosillo, Sonora (IN).- La Uni\u00f3n de Usuarios de Hermosillo exige a la CFE \u00abhechos, no palabras\u00bb.<\/p>\n\n\n\n<p class=\"wp-block-paragraph\">Esta ma\u00f1ana, frente a Palacio de Gobierno, Ignacio Peinado Luna espera la firma de convenio de las Reglas de Operaci\u00f3n del Decreto presidencial firmado y publicado el 22 de febrero.<\/p>\n\n\n\n<p class=\"wp-block-paragraph\">La firma se dar\u00e1 hoy entre la CFE y el Gobierno del Estado.<\/p>\n\n\n\n<p class=\"wp-block-paragraph\">Junto a un grupo de usuarios, Nacho Peinado insisti\u00f3 en la ampliaci\u00f3n del subsidio a 7 meses y el ajuste al rango tarifario de energ\u00eda el\u00e9ctrica en Sonora.<\/p>\n\n\n\n<p class=\"wp-block-paragraph\">Este viernes, la Secretar\u00eda de Hacienda publicar\u00e1 las reglas de operaci\u00f3n del Decreto presidencial sobre el subsidio de energ\u00eda el\u00e9ctrica en Sonora.<\/p>\n\n\n\n<p class=\"wp-block-paragraph\">De acuerdo al Segundo Transitorio del Decreto publicado el 22 de febrero, \u00abla&nbsp;Secretar\u00eda de Hacienda y Cr\u00e9dito P\u00fablico debe emitir las Reglas de Operaci\u00f3n del&nbsp;presente acuerdo dentro de los 30 d\u00edas h\u00e1biles siguientes a la publicaci\u00f3n en el Diario Oficial de la Federaci\u00f3n\u00bb.<\/p>\n\n\n\n<p class=\"wp-block-paragraph\">Hoy se define si habr\u00e1 ampliaci\u00f3n de 6 a 7 meses de subsidio el\u00e9ctrico y los nuevos rangos tarifarios anunciados en septiembre por CFE y el gobernador de Sonora.<\/p>\n\n\n\n<p class=\"wp-block-paragraph\">El director de Suministro de la CFE firmar\u00e1 un convenio con el gobernador Alfonso Durazo para oficializar las Reglas de Operaci\u00f3n que tentativamente entrar\u00edan en vigor el pr\u00f3ximo 15 de abril al 15 de noviembre.<\/p>\n\n\n\n<p class=\"wp-block-paragraph\">Seg\u00fan la CFE, este 2024 se aumentar\u00e1 el subsidio de 592 a 1,200 millones de pesos para Sonora.<\/p>\n\n\n\n<p class=\"wp-block-paragraph\">En tanto, el primer rango tarifario con la cantidad de kilowatts consumidos por hora (kWh), aumentar\u00e1 de 1 a 300 hasta 1,200 kWh, con un costo de 72 centavos por kWh.<\/p>\n\n\n\n<p class=\"wp-block-paragraph\">En el segundo rango de 1,201 kWh hasta 2,500 kWh, el precio ser\u00e1 de 91 centavos por kWh.<\/p>\n\n\n\n<p class=\"wp-block-paragraph\">El tercero de 2,501 kWh a 5,000 pagar\u00e1n una tarifa de 3.49 pesos.<\/p>\n\n\n\n<p class=\"wp-block-paragraph\">El 22 de febrero, el presidente Andr\u00e9s Manuel L\u00f3pez Obrador emiti\u00f3 el Decreto de subsidio de energ\u00eda el\u00e9ctrica para Sonora.<\/p>\n\n\n\n<p class=\"wp-block-paragraph\">El presidente de M\u00e9xico firm\u00f3 el acuerdo por el que se otorga un subsidio Baja California, Sonora, Sinaloa y&nbsp;Nayarit para que reciban este \u00abbeneficio\u00bb de parte de CFE a partir de este verano 2024.<\/p>\n\n\n\n<p class=\"wp-block-paragraph\">El Decreto establece que \u00abpara los usuarios dom\u00e9sticos en todos los municipios de Sonora donde no&nbsp;se aplica la tarifa 1F, \u00abel apoyo consiste en la facturaci\u00f3n con la estructura y cuotas vigentes de la&nbsp;tarifa 1F durante el per\u00edodo de verano\u00bb.<\/p>\n\n\n\n<p class=\"wp-block-paragraph\">Asimismo, \u00abse modifica el l\u00edmite de aplicaci\u00f3n de la tarifa<\/p>\n\n\n\n<p class=\"wp-block-paragraph\">Dom\u00e9stica de Alto Consumo para los usuarios que consumen hasta 1,200 kWh mensuales en los&nbsp;municipios de Agua Prieta, Nogales, Cananea, Naco, Santa Cruz y Bacoachi.<\/p>\n\n\n\n<p class=\"wp-block-paragraph\">ACUERDO<\/p>\n\n\n\n<p class=\"wp-block-paragraph\">ART\u00cdCULO PRIMERO.&nbsp;Se otorga un subsidio a las entidades federativas de Baja California, Sonora,&nbsp;Sinaloa y Nayarit para cubrir los adeudos derivados de los apoyos tarifarios especificados en el apartado de&nbsp;considerandos del presente acuerdo.<\/p>\n\n\n\n<p class=\"wp-block-paragraph\">ART\u00cdCULO SEGUNDO.&nbsp;La Secretar\u00eda de Hacienda y Cr\u00e9dito P\u00fablico debe emitir las Reglas de Operaci\u00f3n&nbsp;para determinar, entre otros aspectos, la presupuestaci\u00f3n, otorgamiento, ejercicio y aplicaci\u00f3n del subsidio a&nbsp;que se refiere el art\u00edculo anterior.<\/p>\n\n\n\n<p class=\"wp-block-paragraph\">ART\u00cdCULO TERCERO.&nbsp;Con cargo al subsidio que se otorgue en t\u00e9rminos del art\u00edculo PRIMERO, la&nbsp;Secretar\u00eda de Hacienda y Cr\u00e9dito P\u00fablico debe transferir anualmente a CFE Suministrador de Servicios&nbsp;B\u00e1sicos, por cuenta y orden de las entidades federativas referidas en el art\u00edculo primero del presente acuerdo,&nbsp;los recursos presupuestales que sean necesarios para contribuir esos apoyos tarifarios.<\/p>\n\n\n\n<p class=\"wp-block-paragraph\">Dicha transferencia&nbsp;debe observar las reglas de operaci\u00f3n que para tal efecto emita dicha dependencia.<\/p>\n\n\n\n<p class=\"wp-block-paragraph\">ART\u00cdCULO&nbsp;CUARTO.&nbsp;La interpretaci\u00f3n del presente acuerdo y sus Reglas de Operaci\u00f3n corresponde a la&nbsp;Secretar\u00eda de Hacienda y Cr\u00e9dito P\u00fablico.<\/p>\n\n\n\n<p class=\"wp-block-paragraph\">TRANSITORIOS<\/p>\n\n\n\n<p class=\"wp-block-paragraph\">PRIMERO.&nbsp;El presente acuerdo entra en vigor el d\u00eda siguiente al de su publicaci\u00f3n en el Diario Oficial&nbsp;de la&nbsp;Federaci\u00f3n.<\/p>\n\n\n\n<p class=\"wp-block-paragraph\">SEGUNDO.&nbsp;La&nbsp;Secretar\u00eda de Hacienda y Cr\u00e9dito P\u00fablico debe emitir las Reglas de Operaci\u00f3n del&nbsp;presente acuerdo dentro de los 30 d\u00edas h\u00e1biles siguientes a la publicaci\u00f3n en el Diario Oficial de la Federaci\u00f3n&nbsp;del presente acuerdo.<\/p>\n","protected":false},"excerpt":{"rendered":"<p>Alejandro Matty Ortega\/Irreverente Noticias Hermosillo, Sonora (IN).- La Uni\u00f3n de Usuarios de Hermosillo exige a la CFE \u00abhechos, no palabras\u00bb. Esta ma\u00f1ana, frente a Palacio de Gobierno, Ignacio Peinado Luna espera la firma de convenio de las Reglas de Operaci\u00f3n del Decreto presidencial firmado y publicado el 22 de febrero. La firma se dar\u00e1 hoy&#8230;<\/p>\n","protected":false},"author":2,"featured_media":56969,"comment_status":"closed","ping_status":"closed","sticky":false,"template":"","format":"standard","meta":{"_crdt_document":"","_exactmetrics_skip_tracking":false,"_exactmetrics_sitenote_active":false,"_exactmetrics_sitenote_note":"","_exactmetrics_sitenote_category":0,"footnotes":""},"categories":[26,31,1,27],"tags":[28,29,30],"class_list":["post-56968","post","type-post","status-publish","format-standard","has-post-thumbnail","hentry","category-local","category-politica","category-seguridad","category-sonora","tag-nogales","tag-nogales-la-gran-frontera","tag-sonora-tierra-de-oportunidades"],"_links":{"self":[{"href":"https:\/\/elpajaritonews.com\/index.php?rest_route=\/wp\/v2\/posts\/56968","targetHints":{"allow":["GET"]}}],"collection":[{"href":"https:\/\/elpajaritonews.com\/index.php?rest_route=\/wp\/v2\/posts"}],"about":[{"href":"https:\/\/elpajaritonews.com\/index.php?rest_route=\/wp\/v2\/types\/post"}],"author":[{"embeddable":true,"href":"https:\/\/elpajaritonews.com\/index.php?rest_route=\/wp\/v2\/users\/2"}],"replies":[{"embeddable":true,"href":"https:\/\/elpajaritonews.com\/index.php?rest_route=%2Fwp%2Fv2%2Fcomments&post=56968"}],"version-history":[{"count":1,"href":"https:\/\/elpajaritonews.com\/index.php?rest_route=\/wp\/v2\/posts\/56968\/revisions"}],"predecessor-version":[{"id":56970,"href":"https:\/\/elpajaritonews.com\/index.php?rest_route=\/wp\/v2\/posts\/56968\/revisions\/56970"}],"wp:featuredmedia":[{"embeddable":true,"href":"https:\/\/elpajaritonews.com\/index.php?rest_route=\/wp\/v2\/media\/56969"}],"wp:attachment":[{"href":"https:\/\/elpajaritonews.com\/index.php?rest_route=%2Fwp%2Fv2%2Fmedia&parent=56968"}],"wp:term":[{"taxonomy":"category","embeddable":true,"href":"https:\/\/elpajaritonews.com\/index.php?rest_route=%2Fwp%2Fv2%2Fcategories&post=56968"},{"taxonomy":"post_tag","embeddable":true,"href":"https:\/\/elpajaritonews.com\/index.php?rest_route=%2Fwp%2Fv2%2Ftags&post=56968"}],"curies":[{"name":"wp","href":"https:\/\/api.w.org\/{rel}","templated":true}]}}