{"id":56985,"date":"2024-03-22T20:30:35","date_gmt":"2024-03-22T20:30:35","guid":{"rendered":"https:\/\/elpajaritonews.com\/?p=56985"},"modified":"2024-03-22T20:30:37","modified_gmt":"2024-03-22T20:30:37","slug":"bajan-tarifa-de-luz-en-sonora","status":"publish","type":"post","link":"https:\/\/elpajaritonews.com\/?p=56985","title":{"rendered":"BAJAN TARIFA DE LUZ EN SONORA"},"content":{"rendered":"\n<p class=\"wp-block-paragraph\">Alejandro Matty Ortega\/Irreverente Noticias<\/p>\n\n\n\n<p class=\"wp-block-paragraph\">Hermosillo, Sonora (IN).- Hecho consumado, la ampliaci\u00f3n del subsidio y el ajuste al rango tarifario que representa casi 50 % de ahorro de energ\u00eda el\u00e9ctrica en Sonora.<\/p>\n\n\n\n<p class=\"wp-block-paragraph\">Con la firma del convenio entre CFE y el Gobierno del Estado, se concreta ampliar permanentemente de 6 a 7 meses el subsidio de luz, a partir del 1 de abril al 31 de octubre de este 2024.<\/p>\n\n\n\n<p class=\"wp-block-paragraph\">Este viernes 22 de marzo, el Gobierno del Estado y la Comisi\u00f3n Federal de Electricidad firmaron la ampliaci\u00f3n del subsidio a la tarifa el\u00e9ctrica y los ajustes a los rangos tarifarios para los usuarios con tarifa 1F.<\/p>\n\n\n\n<figure class=\"wp-block-image size-full\"><img loading=\"lazy\" decoding=\"async\" width=\"600\" height=\"751\" src=\"https:\/\/elpajaritonews.com\/wp-content\/uploads\/2024\/03\/download-1.jpg\" alt=\"\" class=\"wp-image-56988\" srcset=\"https:\/\/elpajaritonews.com\/wp-content\/uploads\/2024\/03\/download-1.jpg 600w, https:\/\/elpajaritonews.com\/wp-content\/uploads\/2024\/03\/download-1-240x300.jpg 240w, https:\/\/elpajaritonews.com\/wp-content\/uploads\/2024\/03\/download-1-336x420.jpg 336w\" sizes=\"auto, (max-width: 600px) 100vw, 600px\" \/><\/figure>\n\n\n\n<p class=\"wp-block-paragraph\">Mart\u00edn Mendoza Hern\u00e1ndez inform\u00f3 que el subsidio es por mil 460 millones de pesos a cargo del Gobierno de M\u00e9xico.<\/p>\n\n\n\n<p class=\"wp-block-paragraph\">El Director de Suministro B\u00e1sico de la Comisi\u00f3n Federal de Electricidad apunt\u00f3 que el subsidio \u00abes a partir del 1 de abril hasta el d\u00eda \u00faltimo de octubre\u00bb.<\/p>\n\n\n\n<p class=\"wp-block-paragraph\">El funcionario de CFE dijo que \u00abse va a beneficiar al cien por ciento de los usuarios dom\u00e9sticos del estado de Sonora\u00bb.<\/p>\n\n\n\n<p class=\"wp-block-paragraph\">Precis\u00f3 que \u00abson 1.7 millones de usuarios beneficiados, los recursos para cubrir este subsidio se est\u00e1n haciendo a trav\u00e9s de transferencias que hacemos con Hacienda y el Gobierno del Estado\u00bb.<\/p>\n\n\n\n<p class=\"wp-block-paragraph\">Destac\u00f3 que \u00abes subsidio total del Gobierno federal\u201d.<\/p>\n\n\n\n<p class=\"wp-block-paragraph\">Indic\u00f3 que \u00abel ahorro en promedio, un usuario va a tener cerca del 50 por ciento de beneficio, de ahorro en su reducci\u00f3n de tarifa\u201d.<\/p>\n\n\n\n<figure class=\"wp-block-video\"><video height=\"270\" style=\"aspect-ratio: 476 \/ 270;\" width=\"476\" controls src=\"https:\/\/elpajaritonews.com\/wp-content\/uploads\/2024\/03\/ssstwitter.com_1711139172894.mp4\"><\/video><\/figure>\n\n\n\n<p class=\"wp-block-paragraph\">Agreg\u00f3 que este subsidio no tendr\u00e1 que renovarse a\u00f1o con a\u00f1o porque ya se emiti\u00f3 un Decreto para que los gobiernos no hagan los convenios anualmente\u00bb.<\/p>\n\n\n\n<p class=\"wp-block-paragraph\">Ignacio Peinado Luna resalt\u00f3 que este logro se da despu\u00e9s de tantos a\u00f1os de lucha, marchas, persecuci\u00f3n jur\u00eddica de la CFE que presentaron demandas en contra de los l\u00edderes de la organizaci\u00f3n social, el objetivo se ha logrado\u00bb.<\/p>\n\n\n\n<p class=\"wp-block-paragraph\">Peinado Luna se\u00f1al\u00f3 que \u00abcreemos que ya es un hecho consumado\u00bb.<\/p>\n\n\n\n<p class=\"wp-block-paragraph\">El l\u00edder de la Uni\u00f3n de Usuarios de Hermosilo a\u00f1adi\u00f3 que \u00abla lucha ha sido muy intensa de parte de todos los usuarios\u00bb.<\/p>\n\n\n\n<p class=\"wp-block-paragraph\">Apunt\u00f3 que \u00abhay que saber reconocer que los que nos hemos partido la madre hemos sido los usuarios, hemos enfrentado todo tipo de situaciones, pero reconocemos que el Presidente ha tenido sensibilidad en este tema y eso es una realidad hoy\u201d.<\/p>\n","protected":false},"excerpt":{"rendered":"<p>Alejandro Matty Ortega\/Irreverente Noticias Hermosillo, Sonora (IN).- Hecho consumado, la ampliaci\u00f3n del subsidio y el ajuste al rango tarifario que representa casi 50 % de ahorro de energ\u00eda el\u00e9ctrica en Sonora. Con la firma del convenio entre CFE y el Gobierno del Estado, se concreta ampliar permanentemente de 6 a 7 meses el subsidio de&#8230;<\/p>\n","protected":false},"author":2,"featured_media":56987,"comment_status":"closed","ping_status":"closed","sticky":false,"template":"","format":"standard","meta":{"_crdt_document":"","_exactmetrics_skip_tracking":false,"_exactmetrics_sitenote_active":false,"_exactmetrics_sitenote_note":"","_exactmetrics_sitenote_category":0,"footnotes":""},"categories":[36,26,37,23,31,27],"tags":[28,29,30],"class_list":["post-56985","post","type-post","status-publish","format-standard","has-post-thumbnail","hentry","category-economia","category-local","category-medio-ambiente","category-mexico","category-politica","category-sonora","tag-nogales","tag-nogales-la-gran-frontera","tag-sonora-tierra-de-oportunidades"],"_links":{"self":[{"href":"https:\/\/elpajaritonews.com\/index.php?rest_route=\/wp\/v2\/posts\/56985","targetHints":{"allow":["GET"]}}],"collection":[{"href":"https:\/\/elpajaritonews.com\/index.php?rest_route=\/wp\/v2\/posts"}],"about":[{"href":"https:\/\/elpajaritonews.com\/index.php?rest_route=\/wp\/v2\/types\/post"}],"author":[{"embeddable":true,"href":"https:\/\/elpajaritonews.com\/index.php?rest_route=\/wp\/v2\/users\/2"}],"replies":[{"embeddable":true,"href":"https:\/\/elpajaritonews.com\/index.php?rest_route=%2Fwp%2Fv2%2Fcomments&post=56985"}],"version-history":[{"count":1,"href":"https:\/\/elpajaritonews.com\/index.php?rest_route=\/wp\/v2\/posts\/56985\/revisions"}],"predecessor-version":[{"id":56989,"href":"https:\/\/elpajaritonews.com\/index.php?rest_route=\/wp\/v2\/posts\/56985\/revisions\/56989"}],"wp:featuredmedia":[{"embeddable":true,"href":"https:\/\/elpajaritonews.com\/index.php?rest_route=\/wp\/v2\/media\/56987"}],"wp:attachment":[{"href":"https:\/\/elpajaritonews.com\/index.php?rest_route=%2Fwp%2Fv2%2Fmedia&parent=56985"}],"wp:term":[{"taxonomy":"category","embeddable":true,"href":"https:\/\/elpajaritonews.com\/index.php?rest_route=%2Fwp%2Fv2%2Fcategories&post=56985"},{"taxonomy":"post_tag","embeddable":true,"href":"https:\/\/elpajaritonews.com\/index.php?rest_route=%2Fwp%2Fv2%2Ftags&post=56985"}],"curies":[{"name":"wp","href":"https:\/\/api.w.org\/{rel}","templated":true}]}}