{"id":57218,"date":"2024-03-30T18:43:51","date_gmt":"2024-03-30T18:43:51","guid":{"rendered":"https:\/\/elpajaritonews.com\/?p=57218"},"modified":"2024-03-30T19:09:13","modified_gmt":"2024-03-30T19:09:13","slug":"hallan-sin-vida-ana-victoria-su-cuerpo-fue-encontrado-flotando-en-el-mar-de-quintana-roo-video","status":"publish","type":"post","link":"https:\/\/elpajaritonews.com\/?p=57218","title":{"rendered":"HALLAN SIN VIDA ANA VICTORIA: SU CUERPO FUE ENCONTRADO FLOTANDO EN EL MAR DE QUINTANA ROO \u00a0(VIDEO)"},"content":{"rendered":"\n<p class=\"wp-block-paragraph\">Las esperanzas se desvanecen para la familia y amigos de Ana Victoria, la joven fot\u00f3grafa documental cordobesa que desapareci\u00f3 el 27 de marzo en Playa del Carmen, M\u00e9xico.<\/p>\n\n\n\n<p class=\"wp-block-paragraph\">Tras una intensa b\u00fasqueda, su cuerpo fue descubierto sin vida este viernes por la noche en un tramo del mar entre Playa del Carmen y Canc\u00fan.<\/p>\n\n\n\n<p class=\"wp-block-paragraph\">El hallazgo se produjo gracias al aviso de pescadores, quienes alertaron a las autoridades sobre la presencia del cuerpo en el agua.<\/p>\n\n\n\n<figure class=\"wp-block-video\"><video height=\"574\" style=\"aspect-ratio: 320 \/ 574;\" width=\"320\" controls src=\"https:\/\/elpajaritonews.com\/wp-content\/uploads\/2024\/03\/ssstwitter.com_1711806387324.mp4\"><\/video><\/figure>\n\n\n\n<p class=\"wp-block-paragraph\">La Secretar\u00eda de Seguridad Ciudadana del Estado de Quintana Roo inform\u00f3 que, con el apoyo de embarcaciones privadas, se pudo localizar el lugar donde se encontraba el cuerpo, y se notific\u00f3 a la Fiscal\u00eda General del Estado de Quintana Roo.<\/p>\n\n\n\n<p class=\"wp-block-paragraph\">Ana Victoria, conocida cari\u00f1osamente como \u00abTami\u00bb por sus seres queridos, hab\u00eda dejado de tener contacto con su familia desde el mi\u00e9rcoles pasado, generando una intensa b\u00fasqueda por parte de sus allegados.<\/p>\n\n\n\n<p class=\"wp-block-paragraph\">Hab\u00eda llegado a M\u00e9xico en diciembre pasado para desarrollar su pasi\u00f3n por la fotograf\u00eda documental.<\/p>\n\n\n\n<p class=\"wp-block-paragraph\">La noticia de su tr\u00e1gica muerte ha sumido a sus amigos y familiares en un profundo estado de conmoci\u00f3n.<\/p>\n\n\n\n<p class=\"wp-block-paragraph\">\u00abEstamos todos conmocionados y en medio de la conmoci\u00f3n realizando tr\u00e1mites\u00bb, afirm\u00f3 una amiga cercana de la v\u00edctima<\/p>\n\n\n\n<figure class=\"wp-block-embed is-type-rich is-provider-twitter wp-block-embed-twitter\"><div class=\"wp-block-embed__wrapper\">\n<blockquote class=\"twitter-tweet\" data-width=\"550\" data-dnt=\"true\"><p lang=\"es\" dir=\"ltr\"><a href=\"https:\/\/twitter.com\/hashtag\/PlayadelCarmen?src=hash&amp;ref_src=twsrc%5Etfw\">#PlayadelCarmen<\/a><br>Hallan sin vida Ana Victoria : su cuerpo fue  encontrado flotando en el mar de Quintana Roo <br><br>Las esperanzas se desvanecen para la familia y amigos de Ana Victoria, la joven fot\u00f3grafa documental cordobesa que desapareci\u00f3 el 27 de marzo en Playa del Carmen, M\u00e9xico.\u2026 <a href=\"https:\/\/t.co\/XjR0PUBasa\">pic.twitter.com\/XjR0PUBasa<\/a><\/p>&mdash; La Palabra del Caribe &#8211; Noticias de Quintana Roo (@palabracaribe) <a href=\"https:\/\/twitter.com\/palabracaribe\/status\/1774031618170093731?ref_src=twsrc%5Etfw\">March 30, 2024<\/a><\/blockquote><script async src=\"https:\/\/platform.twitter.com\/widgets.js\" charset=\"utf-8\"><\/script>\n<\/div><\/figure>\n","protected":false},"excerpt":{"rendered":"<p>Las esperanzas se desvanecen para la familia y amigos de Ana Victoria, la joven fot\u00f3grafa documental cordobesa que desapareci\u00f3 el 27 de marzo en Playa del Carmen, M\u00e9xico. Tras una intensa b\u00fasqueda, su cuerpo fue descubierto sin vida este viernes por la noche en un tramo del mar entre Playa del Carmen y Canc\u00fan. El&#8230;<\/p>\n","protected":false},"author":2,"featured_media":57219,"comment_status":"closed","ping_status":"closed","sticky":false,"template":"","format":"standard","meta":{"_crdt_document":"","_exactmetrics_skip_tracking":false,"_exactmetrics_sitenote_active":false,"_exactmetrics_sitenote_note":"","_exactmetrics_sitenote_category":0,"footnotes":""},"categories":[23,1],"tags":[28,29,30],"class_list":["post-57218","post","type-post","status-publish","format-standard","has-post-thumbnail","hentry","category-mexico","category-seguridad","tag-nogales","tag-nogales-la-gran-frontera","tag-sonora-tierra-de-oportunidades"],"_links":{"self":[{"href":"https:\/\/elpajaritonews.com\/index.php?rest_route=\/wp\/v2\/posts\/57218","targetHints":{"allow":["GET"]}}],"collection":[{"href":"https:\/\/elpajaritonews.com\/index.php?rest_route=\/wp\/v2\/posts"}],"about":[{"href":"https:\/\/elpajaritonews.com\/index.php?rest_route=\/wp\/v2\/types\/post"}],"author":[{"embeddable":true,"href":"https:\/\/elpajaritonews.com\/index.php?rest_route=\/wp\/v2\/users\/2"}],"replies":[{"embeddable":true,"href":"https:\/\/elpajaritonews.com\/index.php?rest_route=%2Fwp%2Fv2%2Fcomments&post=57218"}],"version-history":[{"count":3,"href":"https:\/\/elpajaritonews.com\/index.php?rest_route=\/wp\/v2\/posts\/57218\/revisions"}],"predecessor-version":[{"id":57223,"href":"https:\/\/elpajaritonews.com\/index.php?rest_route=\/wp\/v2\/posts\/57218\/revisions\/57223"}],"wp:featuredmedia":[{"embeddable":true,"href":"https:\/\/elpajaritonews.com\/index.php?rest_route=\/wp\/v2\/media\/57219"}],"wp:attachment":[{"href":"https:\/\/elpajaritonews.com\/index.php?rest_route=%2Fwp%2Fv2%2Fmedia&parent=57218"}],"wp:term":[{"taxonomy":"category","embeddable":true,"href":"https:\/\/elpajaritonews.com\/index.php?rest_route=%2Fwp%2Fv2%2Fcategories&post=57218"},{"taxonomy":"post_tag","embeddable":true,"href":"https:\/\/elpajaritonews.com\/index.php?rest_route=%2Fwp%2Fv2%2Ftags&post=57218"}],"curies":[{"name":"wp","href":"https:\/\/api.w.org\/{rel}","templated":true}]}}