{"id":57233,"date":"2024-04-01T01:14:34","date_gmt":"2024-04-01T01:14:34","guid":{"rendered":"https:\/\/elpajaritonews.com\/?p=57233"},"modified":"2024-04-01T01:14:35","modified_gmt":"2024-04-01T01:14:35","slug":"entra-en-vigor-extension-de-subsidio-de-cfe-en-sonora","status":"publish","type":"post","link":"https:\/\/elpajaritonews.com\/?p=57233","title":{"rendered":"ENTRA EN VIGOR EXTENSI\u00d3N DE SUBSIDIO DE CFE EN SONORA"},"content":{"rendered":"\n<p class=\"wp-block-paragraph\">A partir de este lunes 1 de abril, entra en vigor el subsidio en la tarifa de energ\u00eda el\u00e9ctrica, derivado del convenio que firm\u00f3 el gobernador Alfonso Durazo Monta\u00f1o, con la Comisi\u00f3n Federal de Electricidad (CFE), con el que se incrementa el periodo a siete meses cada a\u00f1o.<\/p>\n\n\n\n<p class=\"wp-block-paragraph\">Con este nuevo convenio se aplica la tarifa 1F en todos los municipios de la entidad, a partir del 1 de abril, hasta el 31 de octubre.<\/p>\n\n\n\n<p class=\"wp-block-paragraph\">Cabe se\u00f1alar que desde el a\u00f1o 2023 se negoci\u00f3 y hace una semana se firm\u00f3 un convenio con CFE, con lo que se extiende el subsidio de verano un mes m\u00e1s, se incrementan las tarifas de consumo y se establece de forma permanente anualmente.<\/p>\n","protected":false},"excerpt":{"rendered":"<p>A partir de este lunes 1 de abril, entra en vigor el subsidio en la tarifa de energ\u00eda el\u00e9ctrica, derivado del convenio que firm\u00f3 el gobernador Alfonso Durazo Monta\u00f1o, con la Comisi\u00f3n Federal de Electricidad (CFE), con el que se incrementa el periodo a siete meses cada a\u00f1o. Con este nuevo convenio se aplica la&#8230;<\/p>\n","protected":false},"author":2,"featured_media":57234,"comment_status":"closed","ping_status":"closed","sticky":false,"template":"","format":"standard","meta":{"_crdt_document":"","_exactmetrics_skip_tracking":false,"_exactmetrics_sitenote_active":false,"_exactmetrics_sitenote_note":"","_exactmetrics_sitenote_category":0,"footnotes":""},"categories":[36,31,27],"tags":[],"class_list":["post-57233","post","type-post","status-publish","format-standard","has-post-thumbnail","hentry","category-economia","category-politica","category-sonora"],"_links":{"self":[{"href":"https:\/\/elpajaritonews.com\/index.php?rest_route=\/wp\/v2\/posts\/57233","targetHints":{"allow":["GET"]}}],"collection":[{"href":"https:\/\/elpajaritonews.com\/index.php?rest_route=\/wp\/v2\/posts"}],"about":[{"href":"https:\/\/elpajaritonews.com\/index.php?rest_route=\/wp\/v2\/types\/post"}],"author":[{"embeddable":true,"href":"https:\/\/elpajaritonews.com\/index.php?rest_route=\/wp\/v2\/users\/2"}],"replies":[{"embeddable":true,"href":"https:\/\/elpajaritonews.com\/index.php?rest_route=%2Fwp%2Fv2%2Fcomments&post=57233"}],"version-history":[{"count":1,"href":"https:\/\/elpajaritonews.com\/index.php?rest_route=\/wp\/v2\/posts\/57233\/revisions"}],"predecessor-version":[{"id":57235,"href":"https:\/\/elpajaritonews.com\/index.php?rest_route=\/wp\/v2\/posts\/57233\/revisions\/57235"}],"wp:featuredmedia":[{"embeddable":true,"href":"https:\/\/elpajaritonews.com\/index.php?rest_route=\/wp\/v2\/media\/57234"}],"wp:attachment":[{"href":"https:\/\/elpajaritonews.com\/index.php?rest_route=%2Fwp%2Fv2%2Fmedia&parent=57233"}],"wp:term":[{"taxonomy":"category","embeddable":true,"href":"https:\/\/elpajaritonews.com\/index.php?rest_route=%2Fwp%2Fv2%2Fcategories&post=57233"},{"taxonomy":"post_tag","embeddable":true,"href":"https:\/\/elpajaritonews.com\/index.php?rest_route=%2Fwp%2Fv2%2Ftags&post=57233"}],"curies":[{"name":"wp","href":"https:\/\/api.w.org\/{rel}","templated":true}]}}