{"id":57260,"date":"2024-04-02T23:20:36","date_gmt":"2024-04-02T23:20:36","guid":{"rendered":"https:\/\/elpajaritonews.com\/?p=57260"},"modified":"2024-04-02T23:20:37","modified_gmt":"2024-04-02T23:20:37","slug":"congreso-de-sonora-aprueba-protocolo-alerta-azul-para-localizacion-de-ninez-autista-extraviada","status":"publish","type":"post","link":"https:\/\/elpajaritonews.com\/?p=57260","title":{"rendered":"CONGRESO DE SONORA APRUEBA PROTOCOLO ALERTA AZUL PARA LOCALIZACI\u00d3N DE NI\u00d1EZ AUTISTA EXTRAVIADA"},"content":{"rendered":"\n<figure class=\"wp-block-image size-full\"><img loading=\"lazy\" decoding=\"async\" width=\"802\" height=\"99\" src=\"https:\/\/elpajaritonews.com\/wp-content\/uploads\/2024\/04\/BANER-marzo.jpg\" alt=\"\" class=\"wp-image-57261\" srcset=\"https:\/\/elpajaritonews.com\/wp-content\/uploads\/2024\/04\/BANER-marzo.jpg 802w, https:\/\/elpajaritonews.com\/wp-content\/uploads\/2024\/04\/BANER-marzo-300x37.jpg 300w, https:\/\/elpajaritonews.com\/wp-content\/uploads\/2024\/04\/BANER-marzo-768x95.jpg 768w, https:\/\/elpajaritonews.com\/wp-content\/uploads\/2024\/04\/BANER-marzo-640x79.jpg 640w, https:\/\/elpajaritonews.com\/wp-content\/uploads\/2024\/04\/BANER-marzo-681x84.jpg 681w\" sizes=\"auto, (max-width: 802px) 100vw, 802px\" \/><\/figure>\n\n\n\n<p class=\"wp-block-paragraph\">Presentan iniciativas a favor de personas trabajadoras del hogar y para proteger la intimidad sexual de las mujeres<\/p>\n\n\n\n<p class=\"wp-block-paragraph\">En la sesi\u00f3n del pleno del Congreso de Sonora se aprob\u00f3 por unanimidad la creaci\u00f3n del protocolo Alerta Azul para la b\u00fasqueda de personas con trastornos del espectro autista (TEA) desaparecidas.<\/p>\n\n\n\n<p class=\"wp-block-paragraph\">La iniciativa, dictaminada por la Comisi\u00f3n de Atenci\u00f3n a Grupos Vulnerables de la Sociedad, consiste en una reforma a diversos art\u00edculos de la Ley para la Atenci\u00f3n y Protecci\u00f3n a Personas con la Condici\u00f3n del Espectro Autista, con el fin de que instituciones de gobierno elaboren y difundan un protocolo especializado, complementario a los protocolos \u00c1mber y Alba, para localizar a menores con TEA que se alejan de su hogar, escuela u otros lugares, por miedo o ansiedad generados por diversos sonidos o situaciones.<\/p>\n\n\n\n<figure class=\"wp-block-image size-large\"><img loading=\"lazy\" decoding=\"async\" width=\"1024\" height=\"592\" src=\"https:\/\/elpajaritonews.com\/wp-content\/uploads\/2024\/04\/bde1b57c-c53d-4628-a9f6-0acf38b85505-1024x592.jpg\" alt=\"\" class=\"wp-image-57263\" srcset=\"https:\/\/elpajaritonews.com\/wp-content\/uploads\/2024\/04\/bde1b57c-c53d-4628-a9f6-0acf38b85505-1024x592.jpg 1024w, https:\/\/elpajaritonews.com\/wp-content\/uploads\/2024\/04\/bde1b57c-c53d-4628-a9f6-0acf38b85505-300x173.jpg 300w, https:\/\/elpajaritonews.com\/wp-content\/uploads\/2024\/04\/bde1b57c-c53d-4628-a9f6-0acf38b85505-768x444.jpg 768w, https:\/\/elpajaritonews.com\/wp-content\/uploads\/2024\/04\/bde1b57c-c53d-4628-a9f6-0acf38b85505-1536x888.jpg 1536w, https:\/\/elpajaritonews.com\/wp-content\/uploads\/2024\/04\/bde1b57c-c53d-4628-a9f6-0acf38b85505-726x420.jpg 726w, https:\/\/elpajaritonews.com\/wp-content\/uploads\/2024\/04\/bde1b57c-c53d-4628-a9f6-0acf38b85505-640x370.jpg 640w, https:\/\/elpajaritonews.com\/wp-content\/uploads\/2024\/04\/bde1b57c-c53d-4628-a9f6-0acf38b85505-681x394.jpg 681w, https:\/\/elpajaritonews.com\/wp-content\/uploads\/2024\/04\/bde1b57c-c53d-4628-a9f6-0acf38b85505.jpg 1600w\" sizes=\"auto, (max-width: 1024px) 100vw, 1024px\" \/><\/figure>\n\n\n\n<p class=\"wp-block-paragraph\">La Alerta Azul, consensuada a trav\u00e9s de reuniones de Parlamento Abierto con asociaciones civiles como Gibeeng Smiles y diversas instituciones de gobierno, proporcionar\u00e1 informaci\u00f3n m\u00e9dica sobre perfil psicol\u00f3gico y caracter\u00edsticas f\u00edsicas de menores con autismo que requieren atenci\u00f3n y m\u00e9todos de b\u00fasqueda particulares, de forma que integrantes de corporaciones policiacas sepan c\u00f3mo acercarse a ellos de manera segura.<\/p>\n\n\n\n<p class=\"wp-block-paragraph\">Adicionalmente, se present\u00f3 una iniciativa, misma que fue turnada para estudio a la Comisi\u00f3n de Justicia y Derechos Humanos, que adiciona los art\u00edculos 175 BIS2 y 199 BIS al C\u00f3digo Penal del Estado de Sonora, con el prop\u00f3sito de sancionar con uno a cuatro a\u00f1os de prisi\u00f3n o de 150 a 300 d\u00edas de trabajo a favor de la comunidad, y multa de hasta 400 Unidades de Medida y Actualizaci\u00f3n (UMA), a quienes cometan actos de discriminaci\u00f3n contra personas trabajadoras del hogar cuando no formalicen la relaci\u00f3n de trabajo mediante contrato por escrito, o nieguen o restrinjan cualquier derecho laboral.<\/p>\n\n\n\n<p class=\"wp-block-paragraph\">Una tercera iniciativa, turnada a la Comisi\u00f3n de Justicia y Derechos Humanos, para reformar el C\u00f3digo Penal estatal, tiene por objeto abordar de manera integral y efectiva la violencia digital contra las mujeres, particularmente mediante el uso de inteligencia artificial, con la intenci\u00f3n de actualizar el delito de violaci\u00f3n a la intimidad sexual cuando se lleve a cabo una acci\u00f3n con el fin de obtener, manipular, difundir, divulgar, distribuir, exhibir, publicar, transmitir, reproducir o comercializar im\u00e1genes, videos o cualquier otro tipo de contenido visual, sonoro o audiovisual, de car\u00e1cter \u00edntimo o sexual, obtenido con consentimiento o sin \u00e9l, cuando la divulgaci\u00f3n cause un perjuicio a la intimidad, honor o reputaci\u00f3n de una persona.<\/p>\n\n\n\n<p class=\"wp-block-paragraph\">Este delito tendr\u00eda una penalidad de cuatro a seis a\u00f1os de prisi\u00f3n y de 150 a 300 Unidades de Medida y Actualizaci\u00f3n. La pena se agravar\u00e1 en una mitad cuando la v\u00edctima sea una persona ascendiente o descendente en l\u00ednea recta hasta el tercer grado o tenga una relaci\u00f3n colateral de hasta cuarto grado, entre otras causales.<\/p>\n\n\n\n<p class=\"wp-block-paragraph\">El pleno del Congreso sesionar\u00e1 este mi\u00e9rcoles 3 de abril, a las 10:00 horas.<\/p>\n\n\n\n<p class=\"wp-block-paragraph\">DIRECCI\u00d3N GENERAL DE COMUNICACI\u00d3N SOCIAL<\/p>\n\n\n\n<p class=\"wp-block-paragraph\">H. CONGRESO DEL ESTADO DE SONORA<\/p>\n\n\n\n<p class=\"wp-block-paragraph\">www.congresoson.gob.mx<\/p>\n","protected":false},"excerpt":{"rendered":"<p>Presentan iniciativas a favor de personas trabajadoras del hogar y para proteger la intimidad sexual de las mujeres En la sesi\u00f3n del pleno del Congreso de Sonora se aprob\u00f3 por unanimidad la creaci\u00f3n del protocolo Alerta Azul para la b\u00fasqueda de personas con trastornos del espectro autista (TEA) desaparecidas. La iniciativa, dictaminada por la Comisi\u00f3n&#8230;<\/p>\n","protected":false},"author":2,"featured_media":57262,"comment_status":"closed","ping_status":"closed","sticky":false,"template":"","format":"standard","meta":{"_crdt_document":"","_exactmetrics_skip_tracking":false,"_exactmetrics_sitenote_active":false,"_exactmetrics_sitenote_note":"","_exactmetrics_sitenote_category":0,"footnotes":""},"categories":[20,26,31,27],"tags":[28,29,30],"class_list":["post-57260","post","type-post","status-publish","format-standard","has-post-thumbnail","hentry","category-congreso","category-local","category-politica","category-sonora","tag-nogales","tag-nogales-la-gran-frontera","tag-sonora-tierra-de-oportunidades"],"_links":{"self":[{"href":"https:\/\/elpajaritonews.com\/index.php?rest_route=\/wp\/v2\/posts\/57260","targetHints":{"allow":["GET"]}}],"collection":[{"href":"https:\/\/elpajaritonews.com\/index.php?rest_route=\/wp\/v2\/posts"}],"about":[{"href":"https:\/\/elpajaritonews.com\/index.php?rest_route=\/wp\/v2\/types\/post"}],"author":[{"embeddable":true,"href":"https:\/\/elpajaritonews.com\/index.php?rest_route=\/wp\/v2\/users\/2"}],"replies":[{"embeddable":true,"href":"https:\/\/elpajaritonews.com\/index.php?rest_route=%2Fwp%2Fv2%2Fcomments&post=57260"}],"version-history":[{"count":1,"href":"https:\/\/elpajaritonews.com\/index.php?rest_route=\/wp\/v2\/posts\/57260\/revisions"}],"predecessor-version":[{"id":57264,"href":"https:\/\/elpajaritonews.com\/index.php?rest_route=\/wp\/v2\/posts\/57260\/revisions\/57264"}],"wp:featuredmedia":[{"embeddable":true,"href":"https:\/\/elpajaritonews.com\/index.php?rest_route=\/wp\/v2\/media\/57262"}],"wp:attachment":[{"href":"https:\/\/elpajaritonews.com\/index.php?rest_route=%2Fwp%2Fv2%2Fmedia&parent=57260"}],"wp:term":[{"taxonomy":"category","embeddable":true,"href":"https:\/\/elpajaritonews.com\/index.php?rest_route=%2Fwp%2Fv2%2Fcategories&post=57260"},{"taxonomy":"post_tag","embeddable":true,"href":"https:\/\/elpajaritonews.com\/index.php?rest_route=%2Fwp%2Fv2%2Ftags&post=57260"}],"curies":[{"name":"wp","href":"https:\/\/api.w.org\/{rel}","templated":true}]}}