{"id":57280,"date":"2024-04-03T18:57:55","date_gmt":"2024-04-03T18:57:55","guid":{"rendered":"https:\/\/elpajaritonews.com\/?p=57280"},"modified":"2024-04-03T18:57:58","modified_gmt":"2024-04-03T18:57:58","slug":"va-david-figueroa-por-distrito-6-por-morena","status":"publish","type":"post","link":"https:\/\/elpajaritonews.com\/?p=57280","title":{"rendered":"VA DAVID FIGUEROA POR DISTRITO 6 POR MORENA"},"content":{"rendered":"\n<p class=\"wp-block-paragraph\">Alejandro Matty Ortega\/Irreverente Noticias<\/p>\n\n\n\n<p class=\"wp-block-paragraph\">David Figueroa Ortega present\u00f3 registo para contender por la Diputaci\u00f3n del Distrito Local 6 de Hermosillo.<\/p>\n\n\n\n<p class=\"wp-block-paragraph\">Desde el domingo 31 de marzo hasta este jueves 4 de abril, es el registto para los aspirantes a diputados locales ante el Instituto Estatal Electoral en Sonora.<\/p>\n\n\n\n<p class=\"wp-block-paragraph\">El Distrito 6 cuenta con el Padr\u00f3n Electoral m\u00e1s denso en Hermosillo, Sonora, con 133 mil votantes y una Lista Nominal de 130 mil 858 electores.<\/p>\n\n\n\n<figure class=\"wp-block-image size-full\"><img loading=\"lazy\" decoding=\"async\" width=\"600\" height=\"670\" src=\"https:\/\/elpajaritonews.com\/wp-content\/uploads\/2024\/04\/8c21d507-72af-417f-9493-a63a4c10f744.jpg\" alt=\"\" class=\"wp-image-57282\" srcset=\"https:\/\/elpajaritonews.com\/wp-content\/uploads\/2024\/04\/8c21d507-72af-417f-9493-a63a4c10f744.jpg 600w, https:\/\/elpajaritonews.com\/wp-content\/uploads\/2024\/04\/8c21d507-72af-417f-9493-a63a4c10f744-269x300.jpg 269w, https:\/\/elpajaritonews.com\/wp-content\/uploads\/2024\/04\/8c21d507-72af-417f-9493-a63a4c10f744-376x420.jpg 376w\" sizes=\"auto, (max-width: 600px) 100vw, 600px\" \/><\/figure>\n\n\n\n<p class=\"wp-block-paragraph\">Al igual que Figueroa Ortega, presentaron su registro para las Diputaciones Locales por Morena los siguientes contendientes:<\/p>\n\n\n\n<p class=\"wp-block-paragraph\">Santos Gonz\u00e1lez Yescas por el Distrito 01, Rub\u00e9n Refugio Gonz\u00e1lez Aguayo por el 02, Mar\u00eda Alicia Gayt\u00e1n S\u00e1nchez por el 03 y Azalia Guevara Espinoza por el 04.<\/p>\n\n\n\n<p class=\"wp-block-paragraph\">Marcela Valenzuela Nev\u00e1rez por el 05,&nbsp;David Figueroa Ortega por el 06&nbsp;y Paloma Ter\u00e1n Villalobos por el 07.<\/p>\n\n\n\n<p class=\"wp-block-paragraph\">Elia Sallard Hern\u00e1ndez&nbsp;por el Distrito 08, \u00d3scar Ortiz Arvayo el 09 y Norberto Barraza Almaz\u00e1n en el 10.<\/p>\n\n\n\n<p class=\"wp-block-paragraph\">Mar\u00eda Eduwiges Espinoza Tapia por el 11&nbsp;y Ren\u00e9 Edmundo Garc\u00eda Rojo en el 12.<\/p>\n\n\n\n<p class=\"wp-block-paragraph\">Sebasti\u00e1n Ordu\u00f1o Fragoza por el 13, Rebeca Silva Gallardo el 14, Ernestina Castro Valenzuela el 15 y Deni Gast\u00e9lum Barreras el 16.<\/p>\n\n\n\n<p class=\"wp-block-paragraph\">H\u00e9ctor Ra\u00fal Castelo Monta\u00f1o por el 17, Ferm\u00edn Trujillo Fuente el 18, Pr\u00f3spero Valenzuela Mu\u00f1er el 19, Jes\u00fas Tadeo Valenzuela Mendivil el 20 y Claudia Zulema Bours Corral por el 21.<\/p>\n","protected":false},"excerpt":{"rendered":"<p>Alejandro Matty Ortega\/Irreverente Noticias David Figueroa Ortega present\u00f3 registo para contender por la Diputaci\u00f3n del Distrito Local 6 de Hermosillo. Desde el domingo 31 de marzo hasta este jueves 4 de abril, es el registto para los aspirantes a diputados locales ante el Instituto Estatal Electoral en Sonora. El Distrito 6 cuenta con el Padr\u00f3n&#8230;<\/p>\n","protected":false},"author":2,"featured_media":57281,"comment_status":"closed","ping_status":"closed","sticky":false,"template":"","format":"standard","meta":{"_crdt_document":"","_exactmetrics_skip_tracking":false,"_exactmetrics_sitenote_active":false,"_exactmetrics_sitenote_note":"","_exactmetrics_sitenote_category":0,"footnotes":""},"categories":[35,26,31,27],"tags":[28,29,30],"class_list":["post-57280","post","type-post","status-publish","format-standard","has-post-thumbnail","hentry","category-elecciones-2024","category-local","category-politica","category-sonora","tag-nogales","tag-nogales-la-gran-frontera","tag-sonora-tierra-de-oportunidades"],"_links":{"self":[{"href":"https:\/\/elpajaritonews.com\/index.php?rest_route=\/wp\/v2\/posts\/57280","targetHints":{"allow":["GET"]}}],"collection":[{"href":"https:\/\/elpajaritonews.com\/index.php?rest_route=\/wp\/v2\/posts"}],"about":[{"href":"https:\/\/elpajaritonews.com\/index.php?rest_route=\/wp\/v2\/types\/post"}],"author":[{"embeddable":true,"href":"https:\/\/elpajaritonews.com\/index.php?rest_route=\/wp\/v2\/users\/2"}],"replies":[{"embeddable":true,"href":"https:\/\/elpajaritonews.com\/index.php?rest_route=%2Fwp%2Fv2%2Fcomments&post=57280"}],"version-history":[{"count":1,"href":"https:\/\/elpajaritonews.com\/index.php?rest_route=\/wp\/v2\/posts\/57280\/revisions"}],"predecessor-version":[{"id":57283,"href":"https:\/\/elpajaritonews.com\/index.php?rest_route=\/wp\/v2\/posts\/57280\/revisions\/57283"}],"wp:featuredmedia":[{"embeddable":true,"href":"https:\/\/elpajaritonews.com\/index.php?rest_route=\/wp\/v2\/media\/57281"}],"wp:attachment":[{"href":"https:\/\/elpajaritonews.com\/index.php?rest_route=%2Fwp%2Fv2%2Fmedia&parent=57280"}],"wp:term":[{"taxonomy":"category","embeddable":true,"href":"https:\/\/elpajaritonews.com\/index.php?rest_route=%2Fwp%2Fv2%2Fcategories&post=57280"},{"taxonomy":"post_tag","embeddable":true,"href":"https:\/\/elpajaritonews.com\/index.php?rest_route=%2Fwp%2Fv2%2Ftags&post=57280"}],"curies":[{"name":"wp","href":"https:\/\/api.w.org\/{rel}","templated":true}]}}