{"id":57359,"date":"2024-04-05T22:44:19","date_gmt":"2024-04-05T22:44:19","guid":{"rendered":"https:\/\/elpajaritonews.com\/?p=57359"},"modified":"2024-04-05T22:44:20","modified_gmt":"2024-04-05T22:44:20","slug":"con-los-hijos-no-dice-claudia-sheinbaum-sobre-video-del-hijo-de-xochitl-galvez","status":"publish","type":"post","link":"https:\/\/elpajaritonews.com\/?p=57359","title":{"rendered":"\u00ab\u00a1CON LOS HIJOS NO!\u00bb DICE CLAUDIA SHEINBAUM SOBRE VIDEO DEL HIJO DE X\u00d3CHITL G\u00c1LVEZ"},"content":{"rendered":"\n<p class=\"wp-block-paragraph\">La candidata presidencial se\u00f1al\u00f3 que es una campa\u00f1a entre candidatos y no de familiares por lo que no est\u00e1 de acuerdo de que se haya utilizado un video del hijo de X\u00f3chitl G\u00e1lvez en donde aparece supuestamente ebrio<\/p>\n\n\n\n<p class=\"wp-block-paragraph\">\u00ab\u00a1Con los hijos no!\u00bb, dijo la candidata presidencial de la coalici\u00f3n Sigamos Haciendo Historia, Claudia Sheinbaum, respecto al video del hijo de X\u00f3chitl G\u00e1lvez, abanderada presidencial de la oposici\u00f3n.<\/p>\n\n\n\n<p class=\"wp-block-paragraph\">Asegur\u00f3 que es una campa\u00f1a entre candidatos, y no de familiares por lo que no est\u00e1 de acuerdo de que se haya utilizado el video de Juan Pablo S\u00e1nchez, quien renunci\u00f3 a su cargo de l\u00edder de las Redes de J\u00f3venes de su madre tras darse a conocer la grabaci\u00f3n d\u00f3nde aparece supuestamente ebrio, agrediendo a personal de un bar.<\/p>\n\n\n\n<p class=\"wp-block-paragraph\">\u00abEs un asunto de propuestas, es un asunto de proyecto y de quienes participamos, pero no de los familiares. Entonces, yo no estoy de acuerdo de que qui\u00e9n haya utilizado, puesto este video se utilice como parte de la contienda\u00bb.<\/p>\n\n\n\n<figure class=\"wp-block-embed is-type-rich is-provider-twitter wp-block-embed-twitter\"><div class=\"wp-block-embed__wrapper\">\n<blockquote class=\"twitter-tweet\" data-width=\"550\" data-dnt=\"true\"><p lang=\"es\" dir=\"ltr\">&quot;\u00a1Con los hijos no!&quot;, dijo la candidata presidencial de la coalici\u00f3n Sigamos Haciendo Historia, Claudia Sheinbaum, respecto al video del hijo de X\u00f3chitl G\u00e1lvez.<br><br>Video: <a href=\"https:\/\/twitter.com\/elkizz_?ref_src=twsrc%5Etfw\">@elkizz_<\/a> -EL UNIVERSAL <a href=\"https:\/\/t.co\/rOkn5I7eqE\">pic.twitter.com\/rOkn5I7eqE<\/a><\/p>&mdash; El Universal (@El_Universal_Mx) <a href=\"https:\/\/twitter.com\/El_Universal_Mx\/status\/1775936368553910566?ref_src=twsrc%5Etfw\">April 4, 2024<\/a><\/blockquote><script async src=\"https:\/\/platform.twitter.com\/widgets.js\" charset=\"utf-8\"><\/script>\n<\/div><\/figure>\n","protected":false},"excerpt":{"rendered":"<p>La candidata presidencial se\u00f1al\u00f3 que es una campa\u00f1a entre candidatos y no de familiares por lo que no est\u00e1 de acuerdo de que se haya utilizado un video del hijo de X\u00f3chitl G\u00e1lvez en donde aparece supuestamente ebrio \u00ab\u00a1Con los hijos no!\u00bb, dijo la candidata presidencial de la coalici\u00f3n Sigamos Haciendo Historia, Claudia Sheinbaum, respecto&#8230;<\/p>\n","protected":false},"author":2,"featured_media":57360,"comment_status":"closed","ping_status":"closed","sticky":false,"template":"","format":"standard","meta":{"_crdt_document":"","_exactmetrics_skip_tracking":false,"_exactmetrics_sitenote_active":false,"_exactmetrics_sitenote_note":"","_exactmetrics_sitenote_category":0,"footnotes":""},"categories":[35,23,31,27],"tags":[],"class_list":["post-57359","post","type-post","status-publish","format-standard","has-post-thumbnail","hentry","category-elecciones-2024","category-mexico","category-politica","category-sonora"],"_links":{"self":[{"href":"https:\/\/elpajaritonews.com\/index.php?rest_route=\/wp\/v2\/posts\/57359","targetHints":{"allow":["GET"]}}],"collection":[{"href":"https:\/\/elpajaritonews.com\/index.php?rest_route=\/wp\/v2\/posts"}],"about":[{"href":"https:\/\/elpajaritonews.com\/index.php?rest_route=\/wp\/v2\/types\/post"}],"author":[{"embeddable":true,"href":"https:\/\/elpajaritonews.com\/index.php?rest_route=\/wp\/v2\/users\/2"}],"replies":[{"embeddable":true,"href":"https:\/\/elpajaritonews.com\/index.php?rest_route=%2Fwp%2Fv2%2Fcomments&post=57359"}],"version-history":[{"count":1,"href":"https:\/\/elpajaritonews.com\/index.php?rest_route=\/wp\/v2\/posts\/57359\/revisions"}],"predecessor-version":[{"id":57361,"href":"https:\/\/elpajaritonews.com\/index.php?rest_route=\/wp\/v2\/posts\/57359\/revisions\/57361"}],"wp:featuredmedia":[{"embeddable":true,"href":"https:\/\/elpajaritonews.com\/index.php?rest_route=\/wp\/v2\/media\/57360"}],"wp:attachment":[{"href":"https:\/\/elpajaritonews.com\/index.php?rest_route=%2Fwp%2Fv2%2Fmedia&parent=57359"}],"wp:term":[{"taxonomy":"category","embeddable":true,"href":"https:\/\/elpajaritonews.com\/index.php?rest_route=%2Fwp%2Fv2%2Fcategories&post=57359"},{"taxonomy":"post_tag","embeddable":true,"href":"https:\/\/elpajaritonews.com\/index.php?rest_route=%2Fwp%2Fv2%2Ftags&post=57359"}],"curies":[{"name":"wp","href":"https:\/\/api.w.org\/{rel}","templated":true}]}}