{"id":57459,"date":"2024-04-09T22:04:23","date_gmt":"2024-04-09T22:04:23","guid":{"rendered":"https:\/\/elpajaritonews.com\/?p=57459"},"modified":"2024-04-09T22:04:25","modified_gmt":"2024-04-09T22:04:25","slug":"proponen-en-congreso-de-sonora-crear-la-secretaria-del-agua","status":"publish","type":"post","link":"https:\/\/elpajaritonews.com\/?p=57459","title":{"rendered":"PROPONEN EN CONGRESO DE SONORA CREAR LA SECRETAR\u00cdA DEL AGUA"},"content":{"rendered":"\n<p class=\"wp-block-paragraph\">Con el objeto de crear la Secretar\u00eda del Agua como una nueva dependencia del Ejecutivo estatal, este martes se present\u00f3 en sesi\u00f3n ordinaria del pleno una iniciativa con proyecto de decreto que reforma, deroga y adiciona la Ley Org\u00e1nica del Poder Ejecutivo del Estado de Sonora.<\/p>\n\n\n\n<p class=\"wp-block-paragraph\">De acuerdo con la exposici\u00f3n de motivos, la medida propone atender el crecimiento de la poblaci\u00f3n y de las actividades econ\u00f3micas en la entidad, lo cual provoca una mayor demanda del vital l\u00edquido y obliga a realizar una gesti\u00f3n integrada de los recursos h\u00eddricos con los cuales se asegure un desarrollo econ\u00f3mico, social y ambiental sostenible.<\/p>\n\n\n\n<figure class=\"wp-block-image size-large\"><img loading=\"lazy\" decoding=\"async\" width=\"1024\" height=\"682\" src=\"https:\/\/elpajaritonews.com\/wp-content\/uploads\/2024\/04\/c2925520-7a25-4713-9b45-a7a84517d3f0-1024x682.jpg\" alt=\"\" class=\"wp-image-57461\" srcset=\"https:\/\/elpajaritonews.com\/wp-content\/uploads\/2024\/04\/c2925520-7a25-4713-9b45-a7a84517d3f0-1024x682.jpg 1024w, https:\/\/elpajaritonews.com\/wp-content\/uploads\/2024\/04\/c2925520-7a25-4713-9b45-a7a84517d3f0-300x200.jpg 300w, https:\/\/elpajaritonews.com\/wp-content\/uploads\/2024\/04\/c2925520-7a25-4713-9b45-a7a84517d3f0-768x512.jpg 768w, https:\/\/elpajaritonews.com\/wp-content\/uploads\/2024\/04\/c2925520-7a25-4713-9b45-a7a84517d3f0-1536x1023.jpg 1536w, https:\/\/elpajaritonews.com\/wp-content\/uploads\/2024\/04\/c2925520-7a25-4713-9b45-a7a84517d3f0-630x420.jpg 630w, https:\/\/elpajaritonews.com\/wp-content\/uploads\/2024\/04\/c2925520-7a25-4713-9b45-a7a84517d3f0-640x426.jpg 640w, https:\/\/elpajaritonews.com\/wp-content\/uploads\/2024\/04\/c2925520-7a25-4713-9b45-a7a84517d3f0-681x454.jpg 681w, https:\/\/elpajaritonews.com\/wp-content\/uploads\/2024\/04\/c2925520-7a25-4713-9b45-a7a84517d3f0.jpg 1600w\" sizes=\"auto, (max-width: 1024px) 100vw, 1024px\" \/><\/figure>\n\n\n\n<p class=\"wp-block-paragraph\">Entre las ventajas que plantea la iniciativa, que se turn\u00f3 para estudio a la Comisi\u00f3n del Agua, est\u00e1 la atenci\u00f3n exclusiva de la materia de agua, contar con un solo presupuesto para el ejercicio de sus atribuciones y tener un solo ente p\u00fablico responsable de ejecutar las pol\u00edticas p\u00fablicas, ya que actualmente la Comisi\u00f3n Estatal del Agua (CEA) y la Secretar\u00eda de Agricultura (Sagahrpa) se encargan del tema.<\/p>\n\n\n\n<p class=\"wp-block-paragraph\">Adicionalmente, se present\u00f3 un proyecto de decreto que adiciona un segundo p\u00e1rrafo al Art\u00edculo 167 de la Ley de Salud para el Estado de Sonora, con el prop\u00f3sito de que los establecimientos que permitan el acceso de menores de edad y ofrezcan el servicio de sanitarios con acceso p\u00fablico, deber\u00e1n contar, en los ba\u00f1os de ambos sexos, con cambiadores de pa\u00f1ales para beb\u00e9s, ni\u00f1as y ni\u00f1os en etapa temprana.<\/p>\n\n\n\n<p class=\"wp-block-paragraph\">De acuerdo con la exposici\u00f3n de motivos, cuando alg\u00fan padre necesita atender las necesidades fisiol\u00f3gicas de sus hijos, se ve impedido debido a la falta de acceso a dicha infraestructura o servicios. Se turn\u00f3 para estudio a la Comisi\u00f3n de Salud.<\/p>\n\n\n\n<p class=\"wp-block-paragraph\">Una tercera iniciativa se present\u00f3 en esta sesi\u00f3n ordinaria con el objetivo de adicionar un art\u00edculo 13 Bis a la Ley de Responsabilidad Patrimonial para el Estado y sus Municipios, para que, en los casos de muerte de la v\u00edctima por una omisi\u00f3n clara del estado en cuanto a su labor de seguridad y prevenci\u00f3n del delito, sus familiares podr\u00e1n solicitar una indemnizaci\u00f3n por concepto de gastos hospitalarios, funerarios y dem\u00e1s que hayan sido generados posterior a la muerte de la misma.<\/p>\n\n\n\n<p class=\"wp-block-paragraph\">Los beneficiados ser\u00edan quienes tengan parentesco consangu\u00edneo o civil, en l\u00ednea descendente o colateral y hasta el segundo grado, y se entender\u00e1 por omisi\u00f3n clara como aquel da\u00f1o que no se explique a consecuencia del actuar u omisi\u00f3n de la v\u00edctima. La indemnizaci\u00f3n podr\u00eda solicitarse de manera retroactiva, seg\u00fan dice la propuesta. Ser\u00e1 estudiada en la Comisi\u00f3n de Justicia y Derechos Humanos.<\/p>\n\n\n\n<p class=\"wp-block-paragraph\">En esta sesi\u00f3n ordinaria se aprob\u00f3 el acuerdo de la Comisi\u00f3n de R\u00e9gimen Interno y Concertaci\u00f3n Pol\u00edtica (Cricp), para designar a quien habr\u00e1 de desempe\u00f1ar el cargo de vicepresidenta de la Mesa Directiva del Poder Legislativo, designaci\u00f3n que recay\u00f3 en la diputada Karina Teresita Z\u00e1rate F\u00e9lix. El pleno sesionar\u00e1 este mi\u00e9rcoles 10 de abril, a las 10:00 horas.<\/p>\n","protected":false},"excerpt":{"rendered":"<p>Con el objeto de crear la Secretar\u00eda del Agua como una nueva dependencia del Ejecutivo estatal, este martes se present\u00f3 en sesi\u00f3n ordinaria del pleno una iniciativa con proyecto de decreto que reforma, deroga y adiciona la Ley Org\u00e1nica del Poder Ejecutivo del Estado de Sonora. De acuerdo con la exposici\u00f3n de motivos, la medida&#8230;<\/p>\n","protected":false},"author":2,"featured_media":57460,"comment_status":"closed","ping_status":"closed","sticky":false,"template":"","format":"standard","meta":{"_crdt_document":"","_exactmetrics_skip_tracking":false,"_exactmetrics_sitenote_active":false,"_exactmetrics_sitenote_note":"","_exactmetrics_sitenote_category":0,"footnotes":""},"categories":[20,36,26,31,27],"tags":[28,29,30],"class_list":["post-57459","post","type-post","status-publish","format-standard","has-post-thumbnail","hentry","category-congreso","category-economia","category-local","category-politica","category-sonora","tag-nogales","tag-nogales-la-gran-frontera","tag-sonora-tierra-de-oportunidades"],"_links":{"self":[{"href":"https:\/\/elpajaritonews.com\/index.php?rest_route=\/wp\/v2\/posts\/57459","targetHints":{"allow":["GET"]}}],"collection":[{"href":"https:\/\/elpajaritonews.com\/index.php?rest_route=\/wp\/v2\/posts"}],"about":[{"href":"https:\/\/elpajaritonews.com\/index.php?rest_route=\/wp\/v2\/types\/post"}],"author":[{"embeddable":true,"href":"https:\/\/elpajaritonews.com\/index.php?rest_route=\/wp\/v2\/users\/2"}],"replies":[{"embeddable":true,"href":"https:\/\/elpajaritonews.com\/index.php?rest_route=%2Fwp%2Fv2%2Fcomments&post=57459"}],"version-history":[{"count":1,"href":"https:\/\/elpajaritonews.com\/index.php?rest_route=\/wp\/v2\/posts\/57459\/revisions"}],"predecessor-version":[{"id":57462,"href":"https:\/\/elpajaritonews.com\/index.php?rest_route=\/wp\/v2\/posts\/57459\/revisions\/57462"}],"wp:featuredmedia":[{"embeddable":true,"href":"https:\/\/elpajaritonews.com\/index.php?rest_route=\/wp\/v2\/media\/57460"}],"wp:attachment":[{"href":"https:\/\/elpajaritonews.com\/index.php?rest_route=%2Fwp%2Fv2%2Fmedia&parent=57459"}],"wp:term":[{"taxonomy":"category","embeddable":true,"href":"https:\/\/elpajaritonews.com\/index.php?rest_route=%2Fwp%2Fv2%2Fcategories&post=57459"},{"taxonomy":"post_tag","embeddable":true,"href":"https:\/\/elpajaritonews.com\/index.php?rest_route=%2Fwp%2Fv2%2Ftags&post=57459"}],"curies":[{"name":"wp","href":"https:\/\/api.w.org\/{rel}","templated":true}]}}