{"id":57463,"date":"2024-04-09T23:43:26","date_gmt":"2024-04-09T23:43:26","guid":{"rendered":"https:\/\/elpajaritonews.com\/?p=57463"},"modified":"2024-04-09T23:43:28","modified_gmt":"2024-04-09T23:43:28","slug":"construccion-de-hospital-comunitario-de-vicam-switch-concluira-en-septiembre-de-2024","status":"publish","type":"post","link":"https:\/\/elpajaritonews.com\/?p=57463","title":{"rendered":"CONSTRUCCI\u00d3N DE HOSPITAL COMUNITARIO DE V\u00cdCAM SWITCH CONCLUIR\u00c1 EN SEPTIEMBRE DE 2024"},"content":{"rendered":"\n<p class=\"wp-block-paragraph\">Como parte del seguimiento a las acciones de la implementaci\u00f3n del sistema de salud IMSS Bienestar en la entidad, el gobernador Alfonso Durazo Monta\u00f1o, asisti\u00f3 a la conferencia de prensa matutina del presidente Andr\u00e9s Manuel L\u00f3pez Obrador, donde se dio a conocer que el Hospital Comunitario de V\u00edcam Switch estar\u00e1 listo en septiembre del presente a\u00f1o.<\/p>\n\n\n\n<figure class=\"wp-block-image size-large\"><img loading=\"lazy\" decoding=\"async\" width=\"1024\" height=\"683\" src=\"https:\/\/elpajaritonews.com\/wp-content\/uploads\/2024\/04\/7b6a069a-bb97-4fbc-b1fd-c2fe327db665-1024x683.jpg\" alt=\"\" class=\"wp-image-57465\" srcset=\"https:\/\/elpajaritonews.com\/wp-content\/uploads\/2024\/04\/7b6a069a-bb97-4fbc-b1fd-c2fe327db665-1024x683.jpg 1024w, https:\/\/elpajaritonews.com\/wp-content\/uploads\/2024\/04\/7b6a069a-bb97-4fbc-b1fd-c2fe327db665-300x200.jpg 300w, https:\/\/elpajaritonews.com\/wp-content\/uploads\/2024\/04\/7b6a069a-bb97-4fbc-b1fd-c2fe327db665-768x512.jpg 768w, https:\/\/elpajaritonews.com\/wp-content\/uploads\/2024\/04\/7b6a069a-bb97-4fbc-b1fd-c2fe327db665-630x420.jpg 630w, https:\/\/elpajaritonews.com\/wp-content\/uploads\/2024\/04\/7b6a069a-bb97-4fbc-b1fd-c2fe327db665-640x427.jpg 640w, https:\/\/elpajaritonews.com\/wp-content\/uploads\/2024\/04\/7b6a069a-bb97-4fbc-b1fd-c2fe327db665-681x454.jpg 681w, https:\/\/elpajaritonews.com\/wp-content\/uploads\/2024\/04\/7b6a069a-bb97-4fbc-b1fd-c2fe327db665.jpg 1266w\" sizes=\"auto, (max-width: 1024px) 100vw, 1024px\" \/><\/figure>\n\n\n\n<p class=\"wp-block-paragraph\">Esta instalaci\u00f3n hospitalaria tendr\u00e1 una capacidad de atenci\u00f3n de 28 camas y 16 quir\u00f3fanos que brindar\u00e1 todos los servicios de salud del sistema IMSS Bienestar.<\/p>\n\n\n\n<p class=\"wp-block-paragraph\">Dentro de las acciones de salud en materia de infraestructura se mencion\u00f3 al Hospital General de Especialidades con una capacidad de 170 camas, el cual inici\u00f3 sus operaciones en septiembre de 2022.<\/p>\n\n\n\n<p class=\"wp-block-paragraph\">En el programa La Cl\u00ednica es Nuestra se han integrado a 231 centros de salud en Sonora, donde personas de la comunidad participan de forma voluntaria y solidaria en la implementaci\u00f3n de estrategias de IMSS Bienestar y en tareas de saneamiento ambiental, habilitaci\u00f3n de espacios, jornadas nacionales de salud, de limpieza y abatizaci\u00f3n de viviendas.<\/p>\n\n\n\n<p class=\"wp-block-paragraph\">En materia de abasto de medicamentos en 2024 se estipula el abasto de medicamentos en un volumen total de 10 millones 352 mil 705 piezas.<\/p>\n","protected":false},"excerpt":{"rendered":"<p>Como parte del seguimiento a las acciones de la implementaci\u00f3n del sistema de salud IMSS Bienestar en la entidad, el gobernador Alfonso Durazo Monta\u00f1o, asisti\u00f3 a la conferencia de prensa matutina del presidente Andr\u00e9s Manuel L\u00f3pez Obrador, donde se dio a conocer que el Hospital Comunitario de V\u00edcam Switch estar\u00e1 listo en septiembre del presente&#8230;<\/p>\n","protected":false},"author":2,"featured_media":57464,"comment_status":"closed","ping_status":"closed","sticky":false,"template":"","format":"standard","meta":{"_crdt_document":"","_exactmetrics_skip_tracking":false,"_exactmetrics_sitenote_active":false,"_exactmetrics_sitenote_note":"","_exactmetrics_sitenote_category":0,"footnotes":""},"categories":[31,32,27],"tags":[28,29,30],"class_list":["post-57463","post","type-post","status-publish","format-standard","has-post-thumbnail","hentry","category-politica","category-salud","category-sonora","tag-nogales","tag-nogales-la-gran-frontera","tag-sonora-tierra-de-oportunidades"],"_links":{"self":[{"href":"https:\/\/elpajaritonews.com\/index.php?rest_route=\/wp\/v2\/posts\/57463","targetHints":{"allow":["GET"]}}],"collection":[{"href":"https:\/\/elpajaritonews.com\/index.php?rest_route=\/wp\/v2\/posts"}],"about":[{"href":"https:\/\/elpajaritonews.com\/index.php?rest_route=\/wp\/v2\/types\/post"}],"author":[{"embeddable":true,"href":"https:\/\/elpajaritonews.com\/index.php?rest_route=\/wp\/v2\/users\/2"}],"replies":[{"embeddable":true,"href":"https:\/\/elpajaritonews.com\/index.php?rest_route=%2Fwp%2Fv2%2Fcomments&post=57463"}],"version-history":[{"count":1,"href":"https:\/\/elpajaritonews.com\/index.php?rest_route=\/wp\/v2\/posts\/57463\/revisions"}],"predecessor-version":[{"id":57466,"href":"https:\/\/elpajaritonews.com\/index.php?rest_route=\/wp\/v2\/posts\/57463\/revisions\/57466"}],"wp:featuredmedia":[{"embeddable":true,"href":"https:\/\/elpajaritonews.com\/index.php?rest_route=\/wp\/v2\/media\/57464"}],"wp:attachment":[{"href":"https:\/\/elpajaritonews.com\/index.php?rest_route=%2Fwp%2Fv2%2Fmedia&parent=57463"}],"wp:term":[{"taxonomy":"category","embeddable":true,"href":"https:\/\/elpajaritonews.com\/index.php?rest_route=%2Fwp%2Fv2%2Fcategories&post=57463"},{"taxonomy":"post_tag","embeddable":true,"href":"https:\/\/elpajaritonews.com\/index.php?rest_route=%2Fwp%2Fv2%2Ftags&post=57463"}],"curies":[{"name":"wp","href":"https:\/\/api.w.org\/{rel}","templated":true}]}}