{"id":57467,"date":"2024-04-10T02:00:54","date_gmt":"2024-04-10T02:00:54","guid":{"rendered":"https:\/\/elpajaritonews.com\/?p=57467"},"modified":"2024-04-10T02:00:56","modified_gmt":"2024-04-10T02:00:56","slug":"gobierno-de-sonora-participa-en-la-inauguracion-del-tianguis-turistico-nacional-acapulco-2024","status":"publish","type":"post","link":"https:\/\/elpajaritonews.com\/?p=57467","title":{"rendered":"GOBIERNO DE SONORA PARTICIPA EN LA INAUGURACI\u00d3N DEL TIANGUIS TUR\u00cdSTICO NACIONAL, ACAPULCO 2024"},"content":{"rendered":"\n<p class=\"wp-block-paragraph\">Sonora se presenta con lo mejor de los destinos, gastronom\u00eda, tradiciones, y pueblos m\u00e1gicos.<\/p>\n\n\n\n<p class=\"wp-block-paragraph\">El Gobierno de Sonora, a trav\u00e9s de la Secretar\u00eda de Turismo (Sectur), particip\u00f3 este martes 9 de abril en la ceremonia inaugural del Tianguis Tur\u00edstico en su edici\u00f3n n\u00famero 48, en Acapulco, Guerrero, evento que se celebrar\u00e1 del 8 al 12 de abril del presente a\u00f1o.<\/p>\n\n\n\n<figure class=\"wp-block-image size-large\"><img loading=\"lazy\" decoding=\"async\" width=\"1024\" height=\"682\" src=\"https:\/\/elpajaritonews.com\/wp-content\/uploads\/2024\/04\/4563400b-f95a-4e28-984f-b696af397868-1024x682.jpg\" alt=\"\" class=\"wp-image-57469\" srcset=\"https:\/\/elpajaritonews.com\/wp-content\/uploads\/2024\/04\/4563400b-f95a-4e28-984f-b696af397868-1024x682.jpg 1024w, https:\/\/elpajaritonews.com\/wp-content\/uploads\/2024\/04\/4563400b-f95a-4e28-984f-b696af397868-300x200.jpg 300w, https:\/\/elpajaritonews.com\/wp-content\/uploads\/2024\/04\/4563400b-f95a-4e28-984f-b696af397868-768x512.jpg 768w, https:\/\/elpajaritonews.com\/wp-content\/uploads\/2024\/04\/4563400b-f95a-4e28-984f-b696af397868-1536x1023.jpg 1536w, https:\/\/elpajaritonews.com\/wp-content\/uploads\/2024\/04\/4563400b-f95a-4e28-984f-b696af397868-630x420.jpg 630w, https:\/\/elpajaritonews.com\/wp-content\/uploads\/2024\/04\/4563400b-f95a-4e28-984f-b696af397868-640x426.jpg 640w, https:\/\/elpajaritonews.com\/wp-content\/uploads\/2024\/04\/4563400b-f95a-4e28-984f-b696af397868-681x454.jpg 681w, https:\/\/elpajaritonews.com\/wp-content\/uploads\/2024\/04\/4563400b-f95a-4e28-984f-b696af397868.jpg 1600w\" sizes=\"auto, (max-width: 1024px) 100vw, 1024px\" \/><\/figure>\n\n\n\n<p class=\"wp-block-paragraph\">El Tianguis Tur\u00edstico, es el foro de negocios del sector turismo m\u00e1s importante de M\u00e9xico, en donde participan touroperadores, gu\u00edas, mayoristas, agentes de viaje, organizadores de eventos y asociaciones relacionadas con el tema; y en donde Sonora busca despertar inter\u00e9s de empresarios y turistas para que visiten el estado y genere mayor derrama econ\u00f3mica.<\/p>\n\n\n\n<figure class=\"wp-block-image size-large\"><img loading=\"lazy\" decoding=\"async\" width=\"1024\" height=\"682\" src=\"https:\/\/elpajaritonews.com\/wp-content\/uploads\/2024\/04\/eeed57ef-c11d-4dc7-b5ef-a0a6bab76605-1024x682.jpg\" alt=\"\" class=\"wp-image-57470\" srcset=\"https:\/\/elpajaritonews.com\/wp-content\/uploads\/2024\/04\/eeed57ef-c11d-4dc7-b5ef-a0a6bab76605-1024x682.jpg 1024w, https:\/\/elpajaritonews.com\/wp-content\/uploads\/2024\/04\/eeed57ef-c11d-4dc7-b5ef-a0a6bab76605-300x200.jpg 300w, https:\/\/elpajaritonews.com\/wp-content\/uploads\/2024\/04\/eeed57ef-c11d-4dc7-b5ef-a0a6bab76605-768x512.jpg 768w, https:\/\/elpajaritonews.com\/wp-content\/uploads\/2024\/04\/eeed57ef-c11d-4dc7-b5ef-a0a6bab76605-1536x1023.jpg 1536w, https:\/\/elpajaritonews.com\/wp-content\/uploads\/2024\/04\/eeed57ef-c11d-4dc7-b5ef-a0a6bab76605-630x420.jpg 630w, https:\/\/elpajaritonews.com\/wp-content\/uploads\/2024\/04\/eeed57ef-c11d-4dc7-b5ef-a0a6bab76605-640x426.jpg 640w, https:\/\/elpajaritonews.com\/wp-content\/uploads\/2024\/04\/eeed57ef-c11d-4dc7-b5ef-a0a6bab76605-681x454.jpg 681w, https:\/\/elpajaritonews.com\/wp-content\/uploads\/2024\/04\/eeed57ef-c11d-4dc7-b5ef-a0a6bab76605.jpg 1600w\" sizes=\"auto, (max-width: 1024px) 100vw, 1024px\" \/><\/figure>\n\n\n\n<p class=\"wp-block-paragraph\">El estado de Sonora ser\u00e1 el encargado de dar a conocer las bellezas naturales, destinos de playa, pueblos m\u00e1gicos, etnias, talabarter\u00eda, gastronom\u00eda, cultura y tradici\u00f3n con que cuentan los diversos municipios de la entidad, con el fin de que futuros compradores, empresarios y turismo en general se interesen en la oferta de sonorense a nivel nacional e internacional.<\/p>\n\n\n\n<figure class=\"wp-block-image size-large\"><img loading=\"lazy\" decoding=\"async\" width=\"1024\" height=\"682\" src=\"https:\/\/elpajaritonews.com\/wp-content\/uploads\/2024\/04\/90408e97-3240-4aec-99ff-7155d507b89e-1024x682.jpg\" alt=\"\" class=\"wp-image-57471\" srcset=\"https:\/\/elpajaritonews.com\/wp-content\/uploads\/2024\/04\/90408e97-3240-4aec-99ff-7155d507b89e-1024x682.jpg 1024w, https:\/\/elpajaritonews.com\/wp-content\/uploads\/2024\/04\/90408e97-3240-4aec-99ff-7155d507b89e-300x200.jpg 300w, https:\/\/elpajaritonews.com\/wp-content\/uploads\/2024\/04\/90408e97-3240-4aec-99ff-7155d507b89e-768x512.jpg 768w, https:\/\/elpajaritonews.com\/wp-content\/uploads\/2024\/04\/90408e97-3240-4aec-99ff-7155d507b89e-1536x1023.jpg 1536w, https:\/\/elpajaritonews.com\/wp-content\/uploads\/2024\/04\/90408e97-3240-4aec-99ff-7155d507b89e-630x420.jpg 630w, https:\/\/elpajaritonews.com\/wp-content\/uploads\/2024\/04\/90408e97-3240-4aec-99ff-7155d507b89e-640x426.jpg 640w, https:\/\/elpajaritonews.com\/wp-content\/uploads\/2024\/04\/90408e97-3240-4aec-99ff-7155d507b89e-681x454.jpg 681w, https:\/\/elpajaritonews.com\/wp-content\/uploads\/2024\/04\/90408e97-3240-4aec-99ff-7155d507b89e.jpg 1600w\" sizes=\"auto, (max-width: 1024px) 100vw, 1024px\" \/><\/figure>\n\n\n\n<p class=\"wp-block-paragraph\">En este primer d\u00eda se llevaron a cabo diversas actividades como el 1er Encuentro de C\u00e1maras y Asociaciones Tur\u00edsticas; la 54\u00ba Asamblea Ordinaria de la Uni\u00f3n de Secretarios de Turismo de M\u00e9xico A.C (ASETUR); Reuni\u00f3n de la Comisi\u00f3n de Turismo de la CONAGO y la Inauguraci\u00f3n del Tianguis Tur\u00edstico 2024.<\/p>\n","protected":false},"excerpt":{"rendered":"<p>Sonora se presenta con lo mejor de los destinos, gastronom\u00eda, tradiciones, y pueblos m\u00e1gicos. El Gobierno de Sonora, a trav\u00e9s de la Secretar\u00eda de Turismo (Sectur), particip\u00f3 este martes 9 de abril en la ceremonia inaugural del Tianguis Tur\u00edstico en su edici\u00f3n n\u00famero 48, en Acapulco, Guerrero, evento que se celebrar\u00e1 del 8 al 12&#8230;<\/p>\n","protected":false},"author":2,"featured_media":57468,"comment_status":"closed","ping_status":"closed","sticky":false,"template":"","format":"standard","meta":{"_crdt_document":"","_exactmetrics_skip_tracking":false,"_exactmetrics_sitenote_active":false,"_exactmetrics_sitenote_note":"","_exactmetrics_sitenote_category":0,"footnotes":""},"categories":[22,23,24,31,27],"tags":[28,29,30],"class_list":["post-57467","post","type-post","status-publish","format-standard","has-post-thumbnail","hentry","category-escena","category-mexico","category-mundo","category-politica","category-sonora","tag-nogales","tag-nogales-la-gran-frontera","tag-sonora-tierra-de-oportunidades"],"_links":{"self":[{"href":"https:\/\/elpajaritonews.com\/index.php?rest_route=\/wp\/v2\/posts\/57467","targetHints":{"allow":["GET"]}}],"collection":[{"href":"https:\/\/elpajaritonews.com\/index.php?rest_route=\/wp\/v2\/posts"}],"about":[{"href":"https:\/\/elpajaritonews.com\/index.php?rest_route=\/wp\/v2\/types\/post"}],"author":[{"embeddable":true,"href":"https:\/\/elpajaritonews.com\/index.php?rest_route=\/wp\/v2\/users\/2"}],"replies":[{"embeddable":true,"href":"https:\/\/elpajaritonews.com\/index.php?rest_route=%2Fwp%2Fv2%2Fcomments&post=57467"}],"version-history":[{"count":1,"href":"https:\/\/elpajaritonews.com\/index.php?rest_route=\/wp\/v2\/posts\/57467\/revisions"}],"predecessor-version":[{"id":57472,"href":"https:\/\/elpajaritonews.com\/index.php?rest_route=\/wp\/v2\/posts\/57467\/revisions\/57472"}],"wp:featuredmedia":[{"embeddable":true,"href":"https:\/\/elpajaritonews.com\/index.php?rest_route=\/wp\/v2\/media\/57468"}],"wp:attachment":[{"href":"https:\/\/elpajaritonews.com\/index.php?rest_route=%2Fwp%2Fv2%2Fmedia&parent=57467"}],"wp:term":[{"taxonomy":"category","embeddable":true,"href":"https:\/\/elpajaritonews.com\/index.php?rest_route=%2Fwp%2Fv2%2Fcategories&post=57467"},{"taxonomy":"post_tag","embeddable":true,"href":"https:\/\/elpajaritonews.com\/index.php?rest_route=%2Fwp%2Fv2%2Ftags&post=57467"}],"curies":[{"name":"wp","href":"https:\/\/api.w.org\/{rel}","templated":true}]}}