{"id":57473,"date":"2024-04-10T16:30:59","date_gmt":"2024-04-10T16:30:59","guid":{"rendered":"https:\/\/elpajaritonews.com\/?p=57473"},"modified":"2024-04-10T16:31:01","modified_gmt":"2024-04-10T16:31:01","slug":"piden-no-politizar-tema-de-desaparecidos-en-sonora","status":"publish","type":"post","link":"https:\/\/elpajaritonews.com\/?p=57473","title":{"rendered":"PIDEN NO POLITIZAR TEMA DE DESAPARECIDOS EN SONORA"},"content":{"rendered":"\n<p class=\"wp-block-paragraph\">Alejandro Matty Ortega\/Irreverente Noticias<\/p>\n\n\n\n<p class=\"wp-block-paragraph\">Madres rastreadoras de Ciudad Obreg\u00f3n piden que su causa no se politice en Sonora.<\/p>\n\n\n\n<p class=\"wp-block-paragraph\">Las madres buscadoras aseguran que s\u00ed reciben apoyo del Gobierno del Estado de Sonora.<\/p>\n\n\n\n<p class=\"wp-block-paragraph\">Mediante un posicionamiento, aclaran que \u00abhablamos sobre el video y comunicado que se difundi\u00f3 recientemente en redes de un candidato con el que sostuvimos un encuentro en fechas recientes en Ciudad Obreg\u00f3n\u00bb.<\/p>\n\n\n\n<p class=\"wp-block-paragraph\">Sobre la reuni\u00f3n previa con el candidato al Senado, Manlio Fabio Beltrones&nbsp; \u00abqueremos hacer la aclaraci\u00f3n que en el video se puede sesgar la informaci\u00f3n o se puede mal entender;\u00bb.<\/p>\n\n\n\n<p class=\"wp-block-paragraph\">Apuntan que \u00absin embargo, el Gobierno de Estado de Sonora, el Dr. Alfonso Durazo, la Secretar\u00eda de Gobierno y la Comisi\u00f3n de B\u00fasqueda, siempre nos han dado apoyo\u00bb.<\/p>\n\n\n\n<p class=\"wp-block-paragraph\">Exponen que \u00ablas puertas del Gobierno del Estado siempre se encuentran abiertas para el dialogo, para escuchar, para la petici\u00f3n, entre algunas otras situaciones m\u00e1s\u00bb.<\/p>\n\n\n\n<p class=\"wp-block-paragraph\">Las madres rastreadoras indican que \u00abqueremos aclarar que en esta administraci\u00f3n es cuando m\u00e1s se ha sentido el cambio positivo\u00bb.<\/p>\n\n\n\n<p class=\"wp-block-paragraph\">Lo anterior, \u00abya que existen funcionarios y un Gobernador de buen coraz\u00f3n, emp\u00e1ticos y solidarios con la causa de buscar personas desaparecidas\u00bb.<\/p>\n\n\n\n<p class=\"wp-block-paragraph\">En este sentido, \u00abno queremos que nuestra causa se politice; nosotras somos apartidistas y no apoyamos a ning\u00fan candidato; sin embargo, escuchamos propuestas de todos los partidos pol\u00edticos que nos inviten a sentarnos en una mesa y cada miembro del colectivo es libre de tomar su decisi\u00f3n el d\u00eda de las elecciones\u00bb.<\/p>\n\n\n\n<p class=\"wp-block-paragraph\">Por lo tanto, \u00abreiteramos de manera muy firme y enf\u00e1tica que en el video y comunicado, las cosas se pueden mal interpretar y configurar de manera que al interesado le convenga, pero para la causa de los colectivos de b\u00fasqueda siempre se nos ha dado el apoyo en todo por parte del Gobernador, Secretaria de Gobierno y Comisi\u00f3n de B\u00fasqueda\u00bb.<\/p>\n","protected":false},"excerpt":{"rendered":"<p>Alejandro Matty Ortega\/Irreverente Noticias Madres rastreadoras de Ciudad Obreg\u00f3n piden que su causa no se politice en Sonora. Las madres buscadoras aseguran que s\u00ed reciben apoyo del Gobierno del Estado de Sonora. Mediante un posicionamiento, aclaran que \u00abhablamos sobre el video y comunicado que se difundi\u00f3 recientemente en redes de un candidato con el que&#8230;<\/p>\n","protected":false},"author":2,"featured_media":57474,"comment_status":"closed","ping_status":"closed","sticky":false,"template":"","format":"standard","meta":{"_crdt_document":"","_exactmetrics_skip_tracking":false,"_exactmetrics_sitenote_active":false,"_exactmetrics_sitenote_note":"","_exactmetrics_sitenote_category":0,"footnotes":""},"categories":[31,1,27],"tags":[28,29,30],"class_list":["post-57473","post","type-post","status-publish","format-standard","has-post-thumbnail","hentry","category-politica","category-seguridad","category-sonora","tag-nogales","tag-nogales-la-gran-frontera","tag-sonora-tierra-de-oportunidades"],"_links":{"self":[{"href":"https:\/\/elpajaritonews.com\/index.php?rest_route=\/wp\/v2\/posts\/57473","targetHints":{"allow":["GET"]}}],"collection":[{"href":"https:\/\/elpajaritonews.com\/index.php?rest_route=\/wp\/v2\/posts"}],"about":[{"href":"https:\/\/elpajaritonews.com\/index.php?rest_route=\/wp\/v2\/types\/post"}],"author":[{"embeddable":true,"href":"https:\/\/elpajaritonews.com\/index.php?rest_route=\/wp\/v2\/users\/2"}],"replies":[{"embeddable":true,"href":"https:\/\/elpajaritonews.com\/index.php?rest_route=%2Fwp%2Fv2%2Fcomments&post=57473"}],"version-history":[{"count":1,"href":"https:\/\/elpajaritonews.com\/index.php?rest_route=\/wp\/v2\/posts\/57473\/revisions"}],"predecessor-version":[{"id":57475,"href":"https:\/\/elpajaritonews.com\/index.php?rest_route=\/wp\/v2\/posts\/57473\/revisions\/57475"}],"wp:featuredmedia":[{"embeddable":true,"href":"https:\/\/elpajaritonews.com\/index.php?rest_route=\/wp\/v2\/media\/57474"}],"wp:attachment":[{"href":"https:\/\/elpajaritonews.com\/index.php?rest_route=%2Fwp%2Fv2%2Fmedia&parent=57473"}],"wp:term":[{"taxonomy":"category","embeddable":true,"href":"https:\/\/elpajaritonews.com\/index.php?rest_route=%2Fwp%2Fv2%2Fcategories&post=57473"},{"taxonomy":"post_tag","embeddable":true,"href":"https:\/\/elpajaritonews.com\/index.php?rest_route=%2Fwp%2Fv2%2Ftags&post=57473"}],"curies":[{"name":"wp","href":"https:\/\/api.w.org\/{rel}","templated":true}]}}