{"id":57481,"date":"2024-04-10T21:03:05","date_gmt":"2024-04-10T21:03:05","guid":{"rendered":"https:\/\/elpajaritonews.com\/?p=57481"},"modified":"2024-04-10T23:53:18","modified_gmt":"2024-04-10T23:53:18","slug":"viene-claudia-sheinbaum-a-mitin-en-hermosillo","status":"publish","type":"post","link":"https:\/\/elpajaritonews.com\/?p=57481","title":{"rendered":"VIENE CLAUDIA SHEINBAUM A MITIN EN HERMOSILLO"},"content":{"rendered":"\n<p class=\"wp-block-paragraph\">Alejandro Matty Ortega\/Irreverente Noticias<\/p>\n\n\n\n<p class=\"wp-block-paragraph\">La candidata presidencial de Morena, Claudia Sheinbaum, realizar\u00e1 un mitin masivo este pr\u00f3ximo s\u00e1bado en Hermosillo, Sonora.<\/p>\n\n\n\n<p class=\"wp-block-paragraph\">En reuni\u00f3n con periodistas de la Mesa Canc\u00fan, David Figueroa Ortega inform\u00f3 que el evento iniciar\u00e1 a las 9.45 de la ma\u00f1ana en la plaza \u00abEmiliana de Zubeld\u00eda\u00bb.<\/p>\n\n\n\n<figure class=\"wp-block-image size-full\"><img loading=\"lazy\" decoding=\"async\" width=\"539\" height=\"582\" src=\"https:\/\/elpajaritonews.com\/wp-content\/uploads\/2024\/04\/fe4d1351-6ed8-4a1b-8b67-87aac723c204.jpg\" alt=\"\" class=\"wp-image-57483\" srcset=\"https:\/\/elpajaritonews.com\/wp-content\/uploads\/2024\/04\/fe4d1351-6ed8-4a1b-8b67-87aac723c204.jpg 539w, https:\/\/elpajaritonews.com\/wp-content\/uploads\/2024\/04\/fe4d1351-6ed8-4a1b-8b67-87aac723c204-278x300.jpg 278w, https:\/\/elpajaritonews.com\/wp-content\/uploads\/2024\/04\/fe4d1351-6ed8-4a1b-8b67-87aac723c204-389x420.jpg 389w\" sizes=\"auto, (max-width: 539px) 100vw, 539px\" \/><\/figure>\n\n\n\n<p class=\"wp-block-paragraph\">El candidato a diputado por el Distrito Local VI Hermosillo por Morena y Partido Verde, destac\u00f3 que la candidata presidencial contar\u00e1 con el apoyo de quienes aspiran a un puesto de elecci\u00f3n popular por Morena y los partidos de la coalici\u00f3n.<\/p>\n\n\n\n<p class=\"wp-block-paragraph\">Este ser\u00e1 el primer evento masivo de la aspirante presidencial en Hermosillo y Sonora.<\/p>\n\n\n\n<p class=\"wp-block-paragraph\">En el mitin plantear\u00e1 su propuesta de Naci\u00f3n y visi\u00f3n de Gobierno para consolidar el Segundo Piso de la Cuarta Transformaci\u00f3n.<\/p>\n\n\n\n<p class=\"wp-block-paragraph\">Claudia Sheinbaum tendr\u00e1 adem\u00e1s eventos masivos en Empalme y Etchojoa el mismo d\u00eda por la tarde.<\/p>\n\n\n\n<p class=\"wp-block-paragraph\">El martes, la candidata a la Alcald\u00eda por Morena, Mar\u00eda Dolores del R\u00edo S\u00e1nchez, fue nombrada Coordinadora de la campa\u00f1a de Claudia Sheinbaum en Hermosillo.<\/p>\n\n\n\n<p class=\"wp-block-paragraph\">La semana pasada, la candidata presidencial dio a conocer su agenda de giras de trabajo por el pa\u00eds.<\/p>\n","protected":false},"excerpt":{"rendered":"<p>Alejandro Matty Ortega\/Irreverente Noticias La candidata presidencial de Morena, Claudia Sheinbaum, realizar\u00e1 un mitin masivo este pr\u00f3ximo s\u00e1bado en Hermosillo, Sonora. En reuni\u00f3n con periodistas de la Mesa Canc\u00fan, David Figueroa Ortega inform\u00f3 que el evento iniciar\u00e1 a las 9.45 de la ma\u00f1ana en la plaza \u00abEmiliana de Zubeld\u00eda\u00bb. El candidato a diputado por el&#8230;<\/p>\n","protected":false},"author":2,"featured_media":57482,"comment_status":"closed","ping_status":"closed","sticky":false,"template":"","format":"standard","meta":{"_crdt_document":"","_exactmetrics_skip_tracking":false,"_exactmetrics_sitenote_active":false,"_exactmetrics_sitenote_note":"","_exactmetrics_sitenote_category":0,"footnotes":""},"categories":[35,26,23,27],"tags":[28,29,30],"class_list":["post-57481","post","type-post","status-publish","format-standard","has-post-thumbnail","hentry","category-elecciones-2024","category-local","category-mexico","category-sonora","tag-nogales","tag-nogales-la-gran-frontera","tag-sonora-tierra-de-oportunidades"],"_links":{"self":[{"href":"https:\/\/elpajaritonews.com\/index.php?rest_route=\/wp\/v2\/posts\/57481","targetHints":{"allow":["GET"]}}],"collection":[{"href":"https:\/\/elpajaritonews.com\/index.php?rest_route=\/wp\/v2\/posts"}],"about":[{"href":"https:\/\/elpajaritonews.com\/index.php?rest_route=\/wp\/v2\/types\/post"}],"author":[{"embeddable":true,"href":"https:\/\/elpajaritonews.com\/index.php?rest_route=\/wp\/v2\/users\/2"}],"replies":[{"embeddable":true,"href":"https:\/\/elpajaritonews.com\/index.php?rest_route=%2Fwp%2Fv2%2Fcomments&post=57481"}],"version-history":[{"count":2,"href":"https:\/\/elpajaritonews.com\/index.php?rest_route=\/wp\/v2\/posts\/57481\/revisions"}],"predecessor-version":[{"id":57492,"href":"https:\/\/elpajaritonews.com\/index.php?rest_route=\/wp\/v2\/posts\/57481\/revisions\/57492"}],"wp:featuredmedia":[{"embeddable":true,"href":"https:\/\/elpajaritonews.com\/index.php?rest_route=\/wp\/v2\/media\/57482"}],"wp:attachment":[{"href":"https:\/\/elpajaritonews.com\/index.php?rest_route=%2Fwp%2Fv2%2Fmedia&parent=57481"}],"wp:term":[{"taxonomy":"category","embeddable":true,"href":"https:\/\/elpajaritonews.com\/index.php?rest_route=%2Fwp%2Fv2%2Fcategories&post=57481"},{"taxonomy":"post_tag","embeddable":true,"href":"https:\/\/elpajaritonews.com\/index.php?rest_route=%2Fwp%2Fv2%2Ftags&post=57481"}],"curies":[{"name":"wp","href":"https:\/\/api.w.org\/{rel}","templated":true}]}}