{"id":57599,"date":"2024-04-15T00:19:32","date_gmt":"2024-04-15T00:19:32","guid":{"rendered":"https:\/\/elpajaritonews.com\/?p=57599"},"modified":"2024-04-15T00:21:27","modified_gmt":"2024-04-15T00:21:27","slug":"cuenta-sonora-con-mas-de-218-mil-dosis-de-vacunas","status":"publish","type":"post","link":"https:\/\/elpajaritonews.com\/?p=57599","title":{"rendered":"CUENTA SONORA CON M\u00c1S DE 218 MIL DOSIS DE VACUNAS"},"content":{"rendered":"\n<p class=\"wp-block-paragraph\">En Sonora se cuenta con m\u00e1s de 218 mil dosis de vacunas, por lo que es importante que las y los sonorenses se acerquen a los diferentes centros y unidades de salud para que completen el esquema de vacunaci\u00f3n y podamos prevenir brotes y casos de diferentes enfermedades inform\u00f3 el gobernador Alfonso Durazo Monta\u00f1o.<\/p>\n\n\n\n<figure class=\"wp-block-image size-large\"><img loading=\"lazy\" decoding=\"async\" width=\"1024\" height=\"682\" src=\"https:\/\/elpajaritonews.com\/wp-content\/uploads\/2024\/04\/24413860-a2a8-4e80-a268-a13c2867e537-1024x682.jpg\" alt=\"\" class=\"wp-image-57601\" srcset=\"https:\/\/elpajaritonews.com\/wp-content\/uploads\/2024\/04\/24413860-a2a8-4e80-a268-a13c2867e537-1024x682.jpg 1024w, https:\/\/elpajaritonews.com\/wp-content\/uploads\/2024\/04\/24413860-a2a8-4e80-a268-a13c2867e537-300x200.jpg 300w, https:\/\/elpajaritonews.com\/wp-content\/uploads\/2024\/04\/24413860-a2a8-4e80-a268-a13c2867e537-768x512.jpg 768w, https:\/\/elpajaritonews.com\/wp-content\/uploads\/2024\/04\/24413860-a2a8-4e80-a268-a13c2867e537-1536x1023.jpg 1536w, https:\/\/elpajaritonews.com\/wp-content\/uploads\/2024\/04\/24413860-a2a8-4e80-a268-a13c2867e537-630x420.jpg 630w, https:\/\/elpajaritonews.com\/wp-content\/uploads\/2024\/04\/24413860-a2a8-4e80-a268-a13c2867e537-640x426.jpg 640w, https:\/\/elpajaritonews.com\/wp-content\/uploads\/2024\/04\/24413860-a2a8-4e80-a268-a13c2867e537-681x454.jpg 681w, https:\/\/elpajaritonews.com\/wp-content\/uploads\/2024\/04\/24413860-a2a8-4e80-a268-a13c2867e537.jpg 1600w\" sizes=\"auto, (max-width: 1024px) 100vw, 1024px\" \/><\/figure>\n\n\n\n<p class=\"wp-block-paragraph\">El pasado 1 de abril inici\u00f3 una intensiva jornada de vacunaci\u00f3n universal por lo que se han instalado puestos semifijos en los 72 municipios, garantizando atenci\u00f3n a las comunidades ind\u00edgenas, alejadas y de dif\u00edcil acceso para que ni\u00f1as y ni\u00f1os cuenten con las dosis de los biol\u00f3gicos.<\/p>\n\n\n\n<p class=\"wp-block-paragraph\">Adem\u00e1s, se est\u00e1n visitando planteles educativos y se instalaron diversos puestos de vacunaci\u00f3n en centros comerciales y plazas.<\/p>\n\n\n\n<figure class=\"wp-block-image size-large\"><img loading=\"lazy\" decoding=\"async\" width=\"1024\" height=\"682\" src=\"https:\/\/elpajaritonews.com\/wp-content\/uploads\/2024\/04\/ac94df38-d312-4d23-bfef-83c35adee447-1024x682.jpg\" alt=\"\" class=\"wp-image-57602\" srcset=\"https:\/\/elpajaritonews.com\/wp-content\/uploads\/2024\/04\/ac94df38-d312-4d23-bfef-83c35adee447-1024x682.jpg 1024w, https:\/\/elpajaritonews.com\/wp-content\/uploads\/2024\/04\/ac94df38-d312-4d23-bfef-83c35adee447-300x200.jpg 300w, https:\/\/elpajaritonews.com\/wp-content\/uploads\/2024\/04\/ac94df38-d312-4d23-bfef-83c35adee447-768x512.jpg 768w, https:\/\/elpajaritonews.com\/wp-content\/uploads\/2024\/04\/ac94df38-d312-4d23-bfef-83c35adee447-1536x1023.jpg 1536w, https:\/\/elpajaritonews.com\/wp-content\/uploads\/2024\/04\/ac94df38-d312-4d23-bfef-83c35adee447-630x420.jpg 630w, https:\/\/elpajaritonews.com\/wp-content\/uploads\/2024\/04\/ac94df38-d312-4d23-bfef-83c35adee447-640x426.jpg 640w, https:\/\/elpajaritonews.com\/wp-content\/uploads\/2024\/04\/ac94df38-d312-4d23-bfef-83c35adee447-681x454.jpg 681w, https:\/\/elpajaritonews.com\/wp-content\/uploads\/2024\/04\/ac94df38-d312-4d23-bfef-83c35adee447.jpg 1600w\" sizes=\"auto, (max-width: 1024px) 100vw, 1024px\" \/><\/figure>\n\n\n\n<p class=\"wp-block-paragraph\">Actualmente en la entidad encuentran disponibles 79 mil 92 dosis contra sarampi\u00f3n, rub\u00e9ola y parotiditis para ni\u00f1as y ni\u00f1os de 1 a 9 a\u00f1os; m\u00e1s de 86 mil dosis contra la poliomielitis para menores de 2 meses a 4 a\u00f1os de edad; 53 mil 17 dosis del biol\u00f3gico SR (sarampi\u00f3n, rub\u00e9ola) para menores de 1 a 9 a\u00f1os y de 10 a 39 a\u00f1os.<\/p>\n","protected":false},"excerpt":{"rendered":"<p>En Sonora se cuenta con m\u00e1s de 218 mil dosis de vacunas, por lo que es importante que las y los sonorenses se acerquen a los diferentes centros y unidades de salud para que completen el esquema de vacunaci\u00f3n y podamos prevenir brotes y casos de diferentes enfermedades inform\u00f3 el gobernador Alfonso Durazo Monta\u00f1o. El&#8230;<\/p>\n","protected":false},"author":2,"featured_media":57600,"comment_status":"closed","ping_status":"closed","sticky":false,"template":"","format":"standard","meta":{"_crdt_document":"","_exactmetrics_skip_tracking":false,"_exactmetrics_sitenote_active":false,"_exactmetrics_sitenote_note":"","_exactmetrics_sitenote_category":0,"footnotes":""},"categories":[31,32,27],"tags":[28,29,30],"class_list":["post-57599","post","type-post","status-publish","format-standard","has-post-thumbnail","hentry","category-politica","category-salud","category-sonora","tag-nogales","tag-nogales-la-gran-frontera","tag-sonora-tierra-de-oportunidades"],"_links":{"self":[{"href":"https:\/\/elpajaritonews.com\/index.php?rest_route=\/wp\/v2\/posts\/57599","targetHints":{"allow":["GET"]}}],"collection":[{"href":"https:\/\/elpajaritonews.com\/index.php?rest_route=\/wp\/v2\/posts"}],"about":[{"href":"https:\/\/elpajaritonews.com\/index.php?rest_route=\/wp\/v2\/types\/post"}],"author":[{"embeddable":true,"href":"https:\/\/elpajaritonews.com\/index.php?rest_route=\/wp\/v2\/users\/2"}],"replies":[{"embeddable":true,"href":"https:\/\/elpajaritonews.com\/index.php?rest_route=%2Fwp%2Fv2%2Fcomments&post=57599"}],"version-history":[{"count":2,"href":"https:\/\/elpajaritonews.com\/index.php?rest_route=\/wp\/v2\/posts\/57599\/revisions"}],"predecessor-version":[{"id":57605,"href":"https:\/\/elpajaritonews.com\/index.php?rest_route=\/wp\/v2\/posts\/57599\/revisions\/57605"}],"wp:featuredmedia":[{"embeddable":true,"href":"https:\/\/elpajaritonews.com\/index.php?rest_route=\/wp\/v2\/media\/57600"}],"wp:attachment":[{"href":"https:\/\/elpajaritonews.com\/index.php?rest_route=%2Fwp%2Fv2%2Fmedia&parent=57599"}],"wp:term":[{"taxonomy":"category","embeddable":true,"href":"https:\/\/elpajaritonews.com\/index.php?rest_route=%2Fwp%2Fv2%2Fcategories&post=57599"},{"taxonomy":"post_tag","embeddable":true,"href":"https:\/\/elpajaritonews.com\/index.php?rest_route=%2Fwp%2Fv2%2Ftags&post=57599"}],"curies":[{"name":"wp","href":"https:\/\/api.w.org\/{rel}","templated":true}]}}