{"id":57677,"date":"2024-04-18T01:17:37","date_gmt":"2024-04-18T01:17:37","guid":{"rendered":"https:\/\/elpajaritonews.com\/?p=57677"},"modified":"2024-04-18T01:17:38","modified_gmt":"2024-04-18T01:17:38","slug":"un-hombre-de-tucson-sera-sentenciado-por-el-asesinato-de-un-nino-de-6-anos","status":"publish","type":"post","link":"https:\/\/elpajaritonews.com\/?p=57677","title":{"rendered":"UN HOMBRE DE TUCSON SER\u00c1 SENTENCIADO POR EL ASESINATO DE UN NI\u00d1O DE 6 A\u00d1OS"},"content":{"rendered":"\n<p class=\"wp-block-paragraph\">Por Vinicio S\u00e1nchez<\/p>\n\n\n\n<p class=\"wp-block-paragraph\">Un hombre de Tucson ser\u00e1 sentenciado en julio por el asesinato de un ni\u00f1o de 6 a\u00f1os en septiembre de 2019, dicen las autoridades.<\/p>\n\n\n\n<p class=\"wp-block-paragraph\">Pablo Mart\u00ednez, Jr., de 36 a\u00f1os, admiti\u00f3 esta semana que mantuvo la cara del ni\u00f1o bajo un grifo abierto en una ba\u00f1era durante cinco a diez minutos mientras lo ba\u00f1aba, dijo la Oficina del Fiscal Federal en Arizona en un comunicado de prensa.<\/p>\n\n\n\n<p class=\"wp-block-paragraph\">El ni\u00f1o sufri\u00f3 \u201cquemaduras t\u00e9rmicas l\u00edquidas\u201d debido a la inhalaci\u00f3n de agua caliente, seg\u00fan el comunicado.<\/p>\n\n\n\n<p class=\"wp-block-paragraph\">Pablo Mart\u00ednez, Jr., de 36 a\u00f1os, fue acusado de asesinato en segundo grado y se declar\u00f3 culpable esta semana. Se enfrenta a una pena m\u00e1xima de cadena perpetua junto con una multa m\u00e1xima de 250.000 d\u00f3lares, seg\u00fan el comunicado.<\/p>\n\n\n\n<p class=\"wp-block-paragraph\">Mart\u00ednez ser\u00e1 sentenciado el 5 de julio ante el juez federal de distrito Scott H. Rash.<\/p>\n\n\n\n<p class=\"wp-block-paragraph\">Esta investigaci\u00f3n fue realizada por el Negociado Federal de Investigaciones y el Departamento de Polic\u00eda de Pascua Yaqui, seg\u00fan el comunicado.<\/p>\n","protected":false},"excerpt":{"rendered":"<p>Por Vinicio S\u00e1nchez Un hombre de Tucson ser\u00e1 sentenciado en julio por el asesinato de un ni\u00f1o de 6 a\u00f1os en septiembre de 2019, dicen las autoridades. Pablo Mart\u00ednez, Jr., de 36 a\u00f1os, admiti\u00f3 esta semana que mantuvo la cara del ni\u00f1o bajo un grifo abierto en una ba\u00f1era durante cinco a diez minutos mientras&#8230;<\/p>\n","protected":false},"author":2,"featured_media":57678,"comment_status":"closed","ping_status":"closed","sticky":false,"template":"","format":"standard","meta":{"_crdt_document":"","_exactmetrics_skip_tracking":false,"_exactmetrics_sitenote_active":false,"_exactmetrics_sitenote_note":"","_exactmetrics_sitenote_category":0,"footnotes":""},"categories":[17,24,1],"tags":[28,29,30],"class_list":["post-57677","post","type-post","status-publish","format-standard","has-post-thumbnail","hentry","category-arizona","category-mundo","category-seguridad","tag-nogales","tag-nogales-la-gran-frontera","tag-sonora-tierra-de-oportunidades"],"_links":{"self":[{"href":"https:\/\/elpajaritonews.com\/index.php?rest_route=\/wp\/v2\/posts\/57677","targetHints":{"allow":["GET"]}}],"collection":[{"href":"https:\/\/elpajaritonews.com\/index.php?rest_route=\/wp\/v2\/posts"}],"about":[{"href":"https:\/\/elpajaritonews.com\/index.php?rest_route=\/wp\/v2\/types\/post"}],"author":[{"embeddable":true,"href":"https:\/\/elpajaritonews.com\/index.php?rest_route=\/wp\/v2\/users\/2"}],"replies":[{"embeddable":true,"href":"https:\/\/elpajaritonews.com\/index.php?rest_route=%2Fwp%2Fv2%2Fcomments&post=57677"}],"version-history":[{"count":1,"href":"https:\/\/elpajaritonews.com\/index.php?rest_route=\/wp\/v2\/posts\/57677\/revisions"}],"predecessor-version":[{"id":57679,"href":"https:\/\/elpajaritonews.com\/index.php?rest_route=\/wp\/v2\/posts\/57677\/revisions\/57679"}],"wp:featuredmedia":[{"embeddable":true,"href":"https:\/\/elpajaritonews.com\/index.php?rest_route=\/wp\/v2\/media\/57678"}],"wp:attachment":[{"href":"https:\/\/elpajaritonews.com\/index.php?rest_route=%2Fwp%2Fv2%2Fmedia&parent=57677"}],"wp:term":[{"taxonomy":"category","embeddable":true,"href":"https:\/\/elpajaritonews.com\/index.php?rest_route=%2Fwp%2Fv2%2Fcategories&post=57677"},{"taxonomy":"post_tag","embeddable":true,"href":"https:\/\/elpajaritonews.com\/index.php?rest_route=%2Fwp%2Fv2%2Ftags&post=57677"}],"curies":[{"name":"wp","href":"https:\/\/api.w.org\/{rel}","templated":true}]}}