{"id":57684,"date":"2024-04-18T03:46:21","date_gmt":"2024-04-18T03:46:21","guid":{"rendered":"https:\/\/elpajaritonews.com\/?p=57684"},"modified":"2024-04-18T03:46:22","modified_gmt":"2024-04-18T03:46:22","slug":"las-tensiones-entre-israel-y-palestina-siguen-siendo-altas-en-tucson","status":"publish","type":"post","link":"https:\/\/elpajaritonews.com\/?p=57684","title":{"rendered":"LAS TENSIONES ENTRE ISRAEL Y PALESTINA SIGUEN SIENDO ALTAS EN TUCSON"},"content":{"rendered":"\n<p class=\"wp-block-paragraph\">por Vinicio S\u00e1nchez<\/p>\n\n\n\n<p class=\"wp-block-paragraph\">Los incidentes antisemitas aumentaron en Arizona el a\u00f1o pasado, y justo esta semana un contra manifestante rompi\u00f3 carteles en una manifestaci\u00f3n en Tucson en apoyo a Gaza.<\/p>\n\n\n\n<p class=\"wp-block-paragraph\">La semana pasada, el Concejo Municipal de Tucson inform\u00f3 a una sala llena de activistas de ambos lados del conflicto entre Israel y Hamas que quer\u00edan ver m\u00e1s unidad aqu\u00ed en casa antes de considerar cualquier resoluci\u00f3n simb\u00f3lica sobre la guerra.<\/p>\n\n\n\n<p class=\"wp-block-paragraph\">Pero un incidente esta semana demuestra que lograr esa unidad es una tarea dif\u00edcil.<\/p>\n\n\n\n<p class=\"wp-block-paragraph\">El lunes, un peque\u00f1o grupo de manifestantes de la Alianza de Solidaridad Palestina de Arizona se reunieron frente a la oficina del representante Juan Ciscomani. El congresista regres\u00f3 de Israel apenas la semana pasada.<\/p>\n\n\n\n<p class=\"wp-block-paragraph\">Despu\u00e9s de unas horas, un contramanifestante que apoyaba a Israel se enfrent\u00f3 a ellos. El video de las redes sociales muestra al hombre visiblemente enojado gritando, agarrando sus carteles de cart\u00f3n y parti\u00e9ndolos por la mitad.<\/p>\n\n\n\n<p class=\"wp-block-paragraph\">\u201cYo defiendo a mi gente, t\u00fa no defiendes a nadie\u201d, dice en el v\u00eddeo. \u00abTodos ustedes simplemente odian a los jud\u00edos, quieren sangre jud\u00eda\u00bb.<\/p>\n\n\n\n<p class=\"wp-block-paragraph\">David Feagin estaba all\u00ed como parte de la Alianza y dijo que se sent\u00eda preocupado.<\/p>\n\n\n\n<p class=\"wp-block-paragraph\">\u201cMi pensamiento inmediato fue: necesito asegurarme de que esto no se vuelva violento\u201d, dijo.<\/p>\n\n\n\n<p class=\"wp-block-paragraph\">Al mismo tiempo, la Liga Antidifamaci\u00f3n inform\u00f3 esta semana que los incidentes antisemitas aumentaron en m\u00e1s del 200 por ciento en Arizona el a\u00f1o pasado, y la mayor\u00eda de ellos ocurrieron despu\u00e9s del 7 de octubre.<\/p>\n\n\n\n<p class=\"wp-block-paragraph\">La Liga tambi\u00e9n inform\u00f3 que muchos incidentes de antisemitismo ocurrieron en protestas en torno a la guerra entre Israel y Hamas.<\/p>\n\n\n\n<p class=\"wp-block-paragraph\">Ahora que han transcurrido seis meses de guerra, ambos grupos han alentado cada vez m\u00e1s a los concejales de la ciudad a tomar partido. Pero en su reuni\u00f3n del 9 de abril no estaban preparados para hacerlo.<\/p>\n\n\n\n<p class=\"wp-block-paragraph\">\u201cEste no es el lugar para resolver esto. Las comunidades de inter\u00e9s deben trabajar juntas\u201d, dijo el vicealcalde Kevin Dahl.<\/p>\n\n\n\n<p class=\"wp-block-paragraph\">Aparte del concejal Lane Santa Cruz, quien puso la resoluci\u00f3n de alto el fuego en la agenda, el consejo no estaba dispuesto a tomar partido por temor a alienar al otro.<\/p>\n\n\n\n<p class=\"wp-block-paragraph\">\u201cLo que me preocupa es la falta de una voz unificada en esto por parte de la comunidad\u201d, dijo la concejal Nikki Lee.<\/p>\n\n\n\n<p class=\"wp-block-paragraph\">Con el liderazgo local estancado, Feagin dijo que la ira sigue siendo la mayor barrera para lograr esa unidad.<\/p>\n\n\n\n<p class=\"wp-block-paragraph\">\u00abCuando hay un acercamiento de ira inmediata y la reacci\u00f3n inmediata es la violencia, no hay unidad posible\u00bb, dijo.<\/p>\n\n\n\n<p class=\"wp-block-paragraph\">Sin embargo, en esa misma protesta, Feagin vio evidencia de que estas discusiones no son imposibles.<\/p>\n\n\n\n<p class=\"wp-block-paragraph\">\u201cPudimos hablar con al menos dos personas separadas y mostrarles por qu\u00e9 est\u00e1bamos all\u00ed, y pudimos terminar cort\u00e9smente, estrechar la mano y decir, ya sabes, todo es respeto. Creo que es importante se\u00f1alar que la unidad es posible entre personas que est\u00e1n dispuestas a hablar\u201d, dijo.<\/p>\n\n\n\n<p class=\"wp-block-paragraph\">En la reuni\u00f3n del consejo del 9 de abril, la alcaldesa Regina Romero dijo que planeaba escribir al presidente Biden y a los l\u00edderes federales sobre los fuertes sentimientos de Tucson sobre la guerra. Por ahora, las discusiones dentro de la comunidad, aunque dolorosas, tendr\u00e1n que continuar.<\/p>\n","protected":false},"excerpt":{"rendered":"<p>por Vinicio S\u00e1nchez Los incidentes antisemitas aumentaron en Arizona el a\u00f1o pasado, y justo esta semana un contra manifestante rompi\u00f3 carteles en una manifestaci\u00f3n en Tucson en apoyo a Gaza. La semana pasada, el Concejo Municipal de Tucson inform\u00f3 a una sala llena de activistas de ambos lados del conflicto entre Israel y Hamas que&#8230;<\/p>\n","protected":false},"author":2,"featured_media":57685,"comment_status":"closed","ping_status":"closed","sticky":false,"template":"","format":"standard","meta":{"_crdt_document":"","_exactmetrics_skip_tracking":false,"_exactmetrics_sitenote_active":false,"_exactmetrics_sitenote_note":"","_exactmetrics_sitenote_category":0,"footnotes":""},"categories":[17,24,31,1],"tags":[],"class_list":["post-57684","post","type-post","status-publish","format-standard","has-post-thumbnail","hentry","category-arizona","category-mundo","category-politica","category-seguridad"],"_links":{"self":[{"href":"https:\/\/elpajaritonews.com\/index.php?rest_route=\/wp\/v2\/posts\/57684","targetHints":{"allow":["GET"]}}],"collection":[{"href":"https:\/\/elpajaritonews.com\/index.php?rest_route=\/wp\/v2\/posts"}],"about":[{"href":"https:\/\/elpajaritonews.com\/index.php?rest_route=\/wp\/v2\/types\/post"}],"author":[{"embeddable":true,"href":"https:\/\/elpajaritonews.com\/index.php?rest_route=\/wp\/v2\/users\/2"}],"replies":[{"embeddable":true,"href":"https:\/\/elpajaritonews.com\/index.php?rest_route=%2Fwp%2Fv2%2Fcomments&post=57684"}],"version-history":[{"count":1,"href":"https:\/\/elpajaritonews.com\/index.php?rest_route=\/wp\/v2\/posts\/57684\/revisions"}],"predecessor-version":[{"id":57686,"href":"https:\/\/elpajaritonews.com\/index.php?rest_route=\/wp\/v2\/posts\/57684\/revisions\/57686"}],"wp:featuredmedia":[{"embeddable":true,"href":"https:\/\/elpajaritonews.com\/index.php?rest_route=\/wp\/v2\/media\/57685"}],"wp:attachment":[{"href":"https:\/\/elpajaritonews.com\/index.php?rest_route=%2Fwp%2Fv2%2Fmedia&parent=57684"}],"wp:term":[{"taxonomy":"category","embeddable":true,"href":"https:\/\/elpajaritonews.com\/index.php?rest_route=%2Fwp%2Fv2%2Fcategories&post=57684"},{"taxonomy":"post_tag","embeddable":true,"href":"https:\/\/elpajaritonews.com\/index.php?rest_route=%2Fwp%2Fv2%2Ftags&post=57684"}],"curies":[{"name":"wp","href":"https:\/\/api.w.org\/{rel}","templated":true}]}}