{"id":57700,"date":"2024-04-18T23:29:25","date_gmt":"2024-04-18T23:29:25","guid":{"rendered":"https:\/\/elpajaritonews.com\/?p=57700"},"modified":"2024-04-18T23:29:27","modified_gmt":"2024-04-18T23:29:27","slug":"es-ernestina-castro-valenzuela-oficialmente-la-candidata-a-la-diputacion-local-del-distrito-15-en-cajeme-por-el-partido-morena","status":"publish","type":"post","link":"https:\/\/elpajaritonews.com\/?p=57700","title":{"rendered":"ES ERNESTINA CASTRO VALENZUELA OFICIALMENTE LA CANDIDATA A LA DIPUTACI\u00d3N LOCAL DEL DISTRITO 15 EN CAJEME POR EL PARTIDO MORENA"},"content":{"rendered":"\n<p class=\"wp-block-paragraph\">La reconocida maestra, legisladora y presidenta del Grupo Parlamentario de Morena en el Congreso del Estado Ernestina Castro Valenzuela participar\u00e1 de nuevo en esta contienda electoral por la diputaci\u00f3n local del distrito 15 en la coalici\u00f3n (Morena, Nueva Alianza, Encuentro Social y Partido del Trabajo).<\/p>\n\n\n\n<p class=\"wp-block-paragraph\">De manera oficial se registr\u00f3 ante el Instituto Estatal Electoral y Participaci\u00f3n Ciudadana como candidata junto a su suplente tambi\u00e9n de profesi\u00f3n docente Elizabeth Espinoza Ayala.<\/p>\n\n\n\n<figure class=\"wp-block-image size-large\"><img loading=\"lazy\" decoding=\"async\" width=\"1024\" height=\"682\" src=\"https:\/\/elpajaritonews.com\/wp-content\/uploads\/2024\/04\/4526e581-69a7-47b1-9442-367f9d874f5e-1024x682.jpg\" alt=\"\" class=\"wp-image-57702\" srcset=\"https:\/\/elpajaritonews.com\/wp-content\/uploads\/2024\/04\/4526e581-69a7-47b1-9442-367f9d874f5e-1024x682.jpg 1024w, https:\/\/elpajaritonews.com\/wp-content\/uploads\/2024\/04\/4526e581-69a7-47b1-9442-367f9d874f5e-300x200.jpg 300w, https:\/\/elpajaritonews.com\/wp-content\/uploads\/2024\/04\/4526e581-69a7-47b1-9442-367f9d874f5e-768x512.jpg 768w, https:\/\/elpajaritonews.com\/wp-content\/uploads\/2024\/04\/4526e581-69a7-47b1-9442-367f9d874f5e-1536x1024.jpg 1536w, https:\/\/elpajaritonews.com\/wp-content\/uploads\/2024\/04\/4526e581-69a7-47b1-9442-367f9d874f5e-2048x1365.jpg 2048w, https:\/\/elpajaritonews.com\/wp-content\/uploads\/2024\/04\/4526e581-69a7-47b1-9442-367f9d874f5e-630x420.jpg 630w, https:\/\/elpajaritonews.com\/wp-content\/uploads\/2024\/04\/4526e581-69a7-47b1-9442-367f9d874f5e-640x427.jpg 640w, https:\/\/elpajaritonews.com\/wp-content\/uploads\/2024\/04\/4526e581-69a7-47b1-9442-367f9d874f5e-681x454.jpg 681w\" sizes=\"auto, (max-width: 1024px) 100vw, 1024px\" \/><\/figure>\n\n\n\n<p class=\"wp-block-paragraph\">\u201cMe siento muy comprometida con los Ciudadanos de Cajeme por la oportunidad de poder&nbsp; representarlos nuevamente en el Congreso del Estado de Sonora. Muy optimista por el \u00e1nimo y la aceptaci\u00f3n que sigue teniendo el proyecto de la Cuarta Transformaci\u00f3n. En esta elecci\u00f3n espero que sea un proceso electoral pacifico, concurrido, en el que los Ciudadanos participen eligiendo democr\u00e1ticamente sus representantes populares\u201d expres\u00f3 la legisladora actual del distrito 17 en Cajeme.<\/p>\n\n\n\n<p class=\"wp-block-paragraph\">Este jueves 4 de abril vence el plazo para registro de candidatos a las alcald\u00edas y diputaciones locales en Sonora, siendo el Instituto Estatal Electoral y Participaci\u00f3n Ciudadana quien valide la documentaci\u00f3n presentada por cada aspirante cuando dar\u00e1n a conocer la lista completa.<\/p>\n\n\n\n<figure class=\"wp-block-image size-large\"><img loading=\"lazy\" decoding=\"async\" width=\"751\" height=\"1024\" src=\"https:\/\/elpajaritonews.com\/wp-content\/uploads\/2024\/04\/0ef513db-ae5c-46b0-bfdb-3eb9c2d8bde2-751x1024.jpg\" alt=\"\" class=\"wp-image-57703\" srcset=\"https:\/\/elpajaritonews.com\/wp-content\/uploads\/2024\/04\/0ef513db-ae5c-46b0-bfdb-3eb9c2d8bde2-751x1024.jpg 751w, https:\/\/elpajaritonews.com\/wp-content\/uploads\/2024\/04\/0ef513db-ae5c-46b0-bfdb-3eb9c2d8bde2-220x300.jpg 220w, https:\/\/elpajaritonews.com\/wp-content\/uploads\/2024\/04\/0ef513db-ae5c-46b0-bfdb-3eb9c2d8bde2-768x1047.jpg 768w, https:\/\/elpajaritonews.com\/wp-content\/uploads\/2024\/04\/0ef513db-ae5c-46b0-bfdb-3eb9c2d8bde2-308x420.jpg 308w, https:\/\/elpajaritonews.com\/wp-content\/uploads\/2024\/04\/0ef513db-ae5c-46b0-bfdb-3eb9c2d8bde2-640x872.jpg 640w, https:\/\/elpajaritonews.com\/wp-content\/uploads\/2024\/04\/0ef513db-ae5c-46b0-bfdb-3eb9c2d8bde2-681x928.jpg 681w, https:\/\/elpajaritonews.com\/wp-content\/uploads\/2024\/04\/0ef513db-ae5c-46b0-bfdb-3eb9c2d8bde2.jpg 939w\" sizes=\"auto, (max-width: 751px) 100vw, 751px\" \/><\/figure>\n\n\n\n<p class=\"wp-block-paragraph\">La diputada Ernestina Castro Valenzuela se ha caracterizado por ser una pol\u00edtica que vela por el bienestar de los Sonorenses espec\u00edficamente para el bien com\u00fan de la poblaci\u00f3n Cajemense, esto a trav\u00e9s de iniciativas que se han aprobado durante su encargo como legisladora en el Congreso del Estado de Sonora.<\/p>\n","protected":false},"excerpt":{"rendered":"<p>La reconocida maestra, legisladora y presidenta del Grupo Parlamentario de Morena en el Congreso del Estado Ernestina Castro Valenzuela participar\u00e1 de nuevo en esta contienda electoral por la diputaci\u00f3n local del distrito 15 en la coalici\u00f3n (Morena, Nueva Alianza, Encuentro Social y Partido del Trabajo). De manera oficial se registr\u00f3 ante el Instituto Estatal Electoral&#8230;<\/p>\n","protected":false},"author":2,"featured_media":57701,"comment_status":"closed","ping_status":"closed","sticky":false,"template":"","format":"standard","meta":{"_crdt_document":"","_exactmetrics_skip_tracking":false,"_exactmetrics_sitenote_active":false,"_exactmetrics_sitenote_note":"","_exactmetrics_sitenote_category":0,"footnotes":""},"categories":[35,26,31,27],"tags":[28,29,30],"class_list":["post-57700","post","type-post","status-publish","format-standard","has-post-thumbnail","hentry","category-elecciones-2024","category-local","category-politica","category-sonora","tag-nogales","tag-nogales-la-gran-frontera","tag-sonora-tierra-de-oportunidades"],"_links":{"self":[{"href":"https:\/\/elpajaritonews.com\/index.php?rest_route=\/wp\/v2\/posts\/57700","targetHints":{"allow":["GET"]}}],"collection":[{"href":"https:\/\/elpajaritonews.com\/index.php?rest_route=\/wp\/v2\/posts"}],"about":[{"href":"https:\/\/elpajaritonews.com\/index.php?rest_route=\/wp\/v2\/types\/post"}],"author":[{"embeddable":true,"href":"https:\/\/elpajaritonews.com\/index.php?rest_route=\/wp\/v2\/users\/2"}],"replies":[{"embeddable":true,"href":"https:\/\/elpajaritonews.com\/index.php?rest_route=%2Fwp%2Fv2%2Fcomments&post=57700"}],"version-history":[{"count":1,"href":"https:\/\/elpajaritonews.com\/index.php?rest_route=\/wp\/v2\/posts\/57700\/revisions"}],"predecessor-version":[{"id":57704,"href":"https:\/\/elpajaritonews.com\/index.php?rest_route=\/wp\/v2\/posts\/57700\/revisions\/57704"}],"wp:featuredmedia":[{"embeddable":true,"href":"https:\/\/elpajaritonews.com\/index.php?rest_route=\/wp\/v2\/media\/57701"}],"wp:attachment":[{"href":"https:\/\/elpajaritonews.com\/index.php?rest_route=%2Fwp%2Fv2%2Fmedia&parent=57700"}],"wp:term":[{"taxonomy":"category","embeddable":true,"href":"https:\/\/elpajaritonews.com\/index.php?rest_route=%2Fwp%2Fv2%2Fcategories&post=57700"},{"taxonomy":"post_tag","embeddable":true,"href":"https:\/\/elpajaritonews.com\/index.php?rest_route=%2Fwp%2Fv2%2Ftags&post=57700"}],"curies":[{"name":"wp","href":"https:\/\/api.w.org\/{rel}","templated":true}]}}