{"id":57705,"date":"2024-04-19T00:33:35","date_gmt":"2024-04-19T00:33:35","guid":{"rendered":"https:\/\/elpajaritonews.com\/?p=57705"},"modified":"2024-04-19T00:33:36","modified_gmt":"2024-04-19T00:33:36","slug":"jurado-inicia-juicio-de-un-ranchero-acusado-de-matar-a-tiros-a-un-mexicano-en-su-propiedad","status":"publish","type":"post","link":"https:\/\/elpajaritonews.com\/?p=57705","title":{"rendered":"JURADO INICIA JUICIO DE UN RANCHERO ACUSADO DE MATAR A TIROS A UN MEXICANO EN SU PROPIEDAD"},"content":{"rendered":"\n<p class=\"wp-block-paragraph\">George Alan Kelly se declar\u00f3 inocente del asesinato de un ciudadano mexicano.<\/p>\n\n\n\n<p class=\"wp-block-paragraph\">El jurado comenz\u00f3 sus deliberaciones el jueves por la tarde en el juicio por asesinato de George Alan Kelly, de 75 a\u00f1os, un ranchero acusado de matar a tiros a un ciudadano mexicano en su propiedad cerca de la frontera entre Estados Unidos y M\u00e9xico en Nogales. George Alan Kelly se ha declarado inocente.<\/p>\n\n\n\n<p class=\"wp-block-paragraph\">Las autoridades recuperaron el cuerpo de Gabriel Cuen Buitimea en la propiedad de Kelly el 30 de enero de 2023, despu\u00e9s de que Kelly pidiera ayuda.<\/p>\n\n\n\n<p class=\"wp-block-paragraph\">La abogada defensora Brenna Larkin dijo al jurado el jueves que los investigadores ten\u00edan prejuicios contra Kelly y manejaron el caso de manera inadecuada.<\/p>\n\n\n\n<p class=\"wp-block-paragraph\">\u00abEl hecho es que probablemente nunca sabremos qu\u00e9 le pas\u00f3 realmente a Gabriel, y no lo sabremos porque la investigaci\u00f3n en este caso lleg\u00f3 a conclusiones precipitadas\u00bb, dijo Larkin. \u201cNo buscaron cuando deb\u00edan hacerlo. No conservaron la evidencia que deber\u00edan haberlo hecho. No hicieron las pruebas que deb\u00edan hacerse. Y ahora nunca lo sabremos. Y cuando ese sea el caso, que ahora nunca lo sabremos, ser\u00e1 un veredicto de no culpabilidad\u201d.<\/p>\n\n\n\n<p class=\"wp-block-paragraph\">La defensa dice que Kelly vio a un grupo de hombres en su propiedad con armas de fuego y dispar\u00f3 por encima de sus cabezas para asustarlos, asegur\u00e1ndose de no disparar a nadie.<\/p>\n\n\n\n<p class=\"wp-block-paragraph\">El fiscal William Moran dijo que Kelly dispar\u00f3 contra los inmigrantes indocumentados Cuen y Daniel Ram\u00edrez desde su porche mientras cruzaban su propiedad. Ram\u00edrez fue testigo del caso.<\/p>\n\n\n\n<p class=\"wp-block-paragraph\">\u201cSin previo aviso verbal, sin un grito, sin ninguna indicaci\u00f3n tanto a Gabriel como a Daniel, apunta con ese arma a estos dos hombres y dispara una y otra vez, nueve veces\u201d, dijo Moran.<\/p>\n","protected":false},"excerpt":{"rendered":"<p>George Alan Kelly se declar\u00f3 inocente del asesinato de un ciudadano mexicano. El jurado comenz\u00f3 sus deliberaciones el jueves por la tarde en el juicio por asesinato de George Alan Kelly, de 75 a\u00f1os, un ranchero acusado de matar a tiros a un ciudadano mexicano en su propiedad cerca de la frontera entre Estados Unidos&#8230;<\/p>\n","protected":false},"author":2,"featured_media":57706,"comment_status":"closed","ping_status":"closed","sticky":false,"template":"","format":"standard","meta":{"_crdt_document":"","_exactmetrics_skip_tracking":false,"_exactmetrics_sitenote_active":false,"_exactmetrics_sitenote_note":"","_exactmetrics_sitenote_category":0,"footnotes":""},"categories":[17,23,38,1,27],"tags":[],"class_list":["post-57705","post","type-post","status-publish","format-standard","has-post-thumbnail","hentry","category-arizona","category-mexico","category-migracion","category-seguridad","category-sonora"],"_links":{"self":[{"href":"https:\/\/elpajaritonews.com\/index.php?rest_route=\/wp\/v2\/posts\/57705","targetHints":{"allow":["GET"]}}],"collection":[{"href":"https:\/\/elpajaritonews.com\/index.php?rest_route=\/wp\/v2\/posts"}],"about":[{"href":"https:\/\/elpajaritonews.com\/index.php?rest_route=\/wp\/v2\/types\/post"}],"author":[{"embeddable":true,"href":"https:\/\/elpajaritonews.com\/index.php?rest_route=\/wp\/v2\/users\/2"}],"replies":[{"embeddable":true,"href":"https:\/\/elpajaritonews.com\/index.php?rest_route=%2Fwp%2Fv2%2Fcomments&post=57705"}],"version-history":[{"count":1,"href":"https:\/\/elpajaritonews.com\/index.php?rest_route=\/wp\/v2\/posts\/57705\/revisions"}],"predecessor-version":[{"id":57707,"href":"https:\/\/elpajaritonews.com\/index.php?rest_route=\/wp\/v2\/posts\/57705\/revisions\/57707"}],"wp:featuredmedia":[{"embeddable":true,"href":"https:\/\/elpajaritonews.com\/index.php?rest_route=\/wp\/v2\/media\/57706"}],"wp:attachment":[{"href":"https:\/\/elpajaritonews.com\/index.php?rest_route=%2Fwp%2Fv2%2Fmedia&parent=57705"}],"wp:term":[{"taxonomy":"category","embeddable":true,"href":"https:\/\/elpajaritonews.com\/index.php?rest_route=%2Fwp%2Fv2%2Fcategories&post=57705"},{"taxonomy":"post_tag","embeddable":true,"href":"https:\/\/elpajaritonews.com\/index.php?rest_route=%2Fwp%2Fv2%2Ftags&post=57705"}],"curies":[{"name":"wp","href":"https:\/\/api.w.org\/{rel}","templated":true}]}}