{"id":57711,"date":"2024-04-19T04:16:25","date_gmt":"2024-04-19T04:16:25","guid":{"rendered":"https:\/\/elpajaritonews.com\/?p=57711"},"modified":"2024-04-19T04:16:26","modified_gmt":"2024-04-19T04:16:26","slug":"acuerda-gobierno-de-sonora-acciones-para-prevencion-a-la-salud-por-temporada-de-calor","status":"publish","type":"post","link":"https:\/\/elpajaritonews.com\/?p=57711","title":{"rendered":"ACUERDA GOBIERNO DE SONORA ACCIONES PARA PREVENCI\u00d3N A LA SALUD POR TEMPORADA DE CALOR"},"content":{"rendered":"\n<p class=\"wp-block-paragraph\">En el marco del inicio de la temporada de calor del presente a\u00f1o, el gobernador Alfonso Durazo Monta\u00f1o encabez\u00f3 la primera sesi\u00f3n ordinaria 2024 del Consejo Estatal de Salud&nbsp; (CES), con el objetivo de que todas las dependencias est\u00e9n coordinadas para hacer frente a los riesgos para la poblaci\u00f3n a consecuencia de las altas temperaturas.<\/p>\n\n\n\n<figure class=\"wp-block-image size-full\"><img loading=\"lazy\" decoding=\"async\" width=\"1024\" height=\"732\" src=\"https:\/\/elpajaritonews.com\/wp-content\/uploads\/2024\/04\/download-1.jpg\" alt=\"\" class=\"wp-image-57713\" srcset=\"https:\/\/elpajaritonews.com\/wp-content\/uploads\/2024\/04\/download-1.jpg 1024w, https:\/\/elpajaritonews.com\/wp-content\/uploads\/2024\/04\/download-1-300x214.jpg 300w, https:\/\/elpajaritonews.com\/wp-content\/uploads\/2024\/04\/download-1-768x549.jpg 768w, https:\/\/elpajaritonews.com\/wp-content\/uploads\/2024\/04\/download-1-588x420.jpg 588w, https:\/\/elpajaritonews.com\/wp-content\/uploads\/2024\/04\/download-1-640x458.jpg 640w, https:\/\/elpajaritonews.com\/wp-content\/uploads\/2024\/04\/download-1-681x487.jpg 681w\" sizes=\"auto, (max-width: 1024px) 100vw, 1024px\" \/><\/figure>\n\n\n\n<p class=\"wp-block-paragraph\">En esta reuni\u00f3n se votaron 36 recomendaciones&nbsp; que van enfocadas a la protecci\u00f3n de la poblaci\u00f3n, resaltando la promoci\u00f3n a la salud previo y durante la temporada de calor, la realizaci\u00f3n de campa\u00f1as inform\u00e1ticas, integraci\u00f3n de informes de ondas de calor, forestaci\u00f3n de zonas urbanas, instalaci\u00f3n de albergues y zonas frescas, identificaci\u00f3n de poblaciones y zonas de riesgo, resguardo de personas vulnerables, atenci\u00f3n prehospitalaria, y cultura de aclimataci\u00f3n.<\/p>\n\n\n\n<figure class=\"wp-block-image size-large\"><img loading=\"lazy\" decoding=\"async\" width=\"1024\" height=\"682\" src=\"https:\/\/elpajaritonews.com\/wp-content\/uploads\/2024\/04\/ef4e8629-ee90-4b18-b0b5-465719bf4d56-1024x682.jpg\" alt=\"\" class=\"wp-image-57714\" srcset=\"https:\/\/elpajaritonews.com\/wp-content\/uploads\/2024\/04\/ef4e8629-ee90-4b18-b0b5-465719bf4d56-1024x682.jpg 1024w, https:\/\/elpajaritonews.com\/wp-content\/uploads\/2024\/04\/ef4e8629-ee90-4b18-b0b5-465719bf4d56-300x200.jpg 300w, https:\/\/elpajaritonews.com\/wp-content\/uploads\/2024\/04\/ef4e8629-ee90-4b18-b0b5-465719bf4d56-768x512.jpg 768w, https:\/\/elpajaritonews.com\/wp-content\/uploads\/2024\/04\/ef4e8629-ee90-4b18-b0b5-465719bf4d56-630x420.jpg 630w, https:\/\/elpajaritonews.com\/wp-content\/uploads\/2024\/04\/ef4e8629-ee90-4b18-b0b5-465719bf4d56-640x427.jpg 640w, https:\/\/elpajaritonews.com\/wp-content\/uploads\/2024\/04\/ef4e8629-ee90-4b18-b0b5-465719bf4d56-681x454.jpg 681w, https:\/\/elpajaritonews.com\/wp-content\/uploads\/2024\/04\/ef4e8629-ee90-4b18-b0b5-465719bf4d56.jpg 1280w\" sizes=\"auto, (max-width: 1024px) 100vw, 1024px\" \/><\/figure>\n\n\n\n<p class=\"wp-block-paragraph\">Por parte de la Coordinaci\u00f3n Estatal de Protecci\u00f3n Civil se promovieron acciones dirigidas al resguardo de grupos vulnerables como ni\u00f1os, adultos mayores, jornaleros, trabajadores de la construcci\u00f3n y poblaci\u00f3n migrante que se encuentre en el estado, acercamiento constante con cadenas comerciales para concientizar sobre \u00e1reas frescas y prevenci\u00f3n de golpes de calor e insolaci\u00f3n.<\/p>\n\n\n\n<p class=\"wp-block-paragraph\">Tambi\u00e9n se plante\u00f3 la instalaci\u00f3n de refugios m\u00f3viles con servicios de atenci\u00f3n prehospitalaria, ventilaci\u00f3n y bebidas hidratantes en carpas cerradas para atenci\u00f3n a la poblaci\u00f3n vulnerable.<\/p>\n\n\n\n<p class=\"wp-block-paragraph\">Durante la reuni\u00f3n se dio a conocer que el pron\u00f3stico climatol\u00f3gico de Conagua indica que las primeras lluvias se presentar\u00e1n en Sonora para la segunda quincena de junio, en tanto que para lo que resta de abril y el mes de mayo no se contemplan precipitaciones.<\/p>\n","protected":false},"excerpt":{"rendered":"<p>En el marco del inicio de la temporada de calor del presente a\u00f1o, el gobernador Alfonso Durazo Monta\u00f1o encabez\u00f3 la primera sesi\u00f3n ordinaria 2024 del Consejo Estatal de Salud&nbsp; (CES), con el objetivo de que todas las dependencias est\u00e9n coordinadas para hacer frente a los riesgos para la poblaci\u00f3n a consecuencia de las altas temperaturas&#8230;.<\/p>\n","protected":false},"author":2,"featured_media":57712,"comment_status":"closed","ping_status":"closed","sticky":false,"template":"","format":"standard","meta":{"_crdt_document":"","_exactmetrics_skip_tracking":false,"_exactmetrics_sitenote_active":false,"_exactmetrics_sitenote_note":"","_exactmetrics_sitenote_category":0,"footnotes":""},"categories":[1],"tags":[],"class_list":["post-57711","post","type-post","status-publish","format-standard","has-post-thumbnail","hentry","category-seguridad"],"_links":{"self":[{"href":"https:\/\/elpajaritonews.com\/index.php?rest_route=\/wp\/v2\/posts\/57711","targetHints":{"allow":["GET"]}}],"collection":[{"href":"https:\/\/elpajaritonews.com\/index.php?rest_route=\/wp\/v2\/posts"}],"about":[{"href":"https:\/\/elpajaritonews.com\/index.php?rest_route=\/wp\/v2\/types\/post"}],"author":[{"embeddable":true,"href":"https:\/\/elpajaritonews.com\/index.php?rest_route=\/wp\/v2\/users\/2"}],"replies":[{"embeddable":true,"href":"https:\/\/elpajaritonews.com\/index.php?rest_route=%2Fwp%2Fv2%2Fcomments&post=57711"}],"version-history":[{"count":1,"href":"https:\/\/elpajaritonews.com\/index.php?rest_route=\/wp\/v2\/posts\/57711\/revisions"}],"predecessor-version":[{"id":57715,"href":"https:\/\/elpajaritonews.com\/index.php?rest_route=\/wp\/v2\/posts\/57711\/revisions\/57715"}],"wp:featuredmedia":[{"embeddable":true,"href":"https:\/\/elpajaritonews.com\/index.php?rest_route=\/wp\/v2\/media\/57712"}],"wp:attachment":[{"href":"https:\/\/elpajaritonews.com\/index.php?rest_route=%2Fwp%2Fv2%2Fmedia&parent=57711"}],"wp:term":[{"taxonomy":"category","embeddable":true,"href":"https:\/\/elpajaritonews.com\/index.php?rest_route=%2Fwp%2Fv2%2Fcategories&post=57711"},{"taxonomy":"post_tag","embeddable":true,"href":"https:\/\/elpajaritonews.com\/index.php?rest_route=%2Fwp%2Fv2%2Ftags&post=57711"}],"curies":[{"name":"wp","href":"https:\/\/api.w.org\/{rel}","templated":true}]}}