{"id":57716,"date":"2024-04-19T05:30:16","date_gmt":"2024-04-19T05:30:16","guid":{"rendered":"https:\/\/elpajaritonews.com\/?p=57716"},"modified":"2024-04-19T05:30:19","modified_gmt":"2024-04-19T05:30:19","slug":"retomaremos-peticiones-de-maestras-y-maestros-respecto-pensiones-y-otorgamiento-de-plazas-diana-karina-barreras","status":"publish","type":"post","link":"https:\/\/elpajaritonews.com\/?p=57716","title":{"rendered":"RETOMAREMOS PETICIONES DE MAESTRAS Y MAESTROS RESPECTO PENSIONES Y OTORGAMIENTO DE PLAZAS: DIANA KARINA BARRERAS"},"content":{"rendered":"\n<p class=\"wp-block-paragraph\">Porque m\u00e1s Cuarta Transformaci\u00f3n es m\u00e1s educaci\u00f3n, Diana Karina Barreras Samaniego, candidata a diputada federal por el distrito 3 de Sonora, se\u00f1al\u00f3 que se tomar\u00e1n en cuenta las necesidades de las y los maestros para revisar el funcionamiento de la Unidad del Sistema para la Carrera de las Maestras y Maestros (USICAMM).<\/p>\n\n\n\n<figure class=\"wp-block-image size-large\"><img loading=\"lazy\" decoding=\"async\" width=\"1024\" height=\"682\" src=\"https:\/\/elpajaritonews.com\/wp-content\/uploads\/2024\/04\/5b76e497-0a52-4e0d-83fd-ac48d51d0268-1024x682.jpg\" alt=\"\" class=\"wp-image-57718\" srcset=\"https:\/\/elpajaritonews.com\/wp-content\/uploads\/2024\/04\/5b76e497-0a52-4e0d-83fd-ac48d51d0268-1024x682.jpg 1024w, https:\/\/elpajaritonews.com\/wp-content\/uploads\/2024\/04\/5b76e497-0a52-4e0d-83fd-ac48d51d0268-300x200.jpg 300w, https:\/\/elpajaritonews.com\/wp-content\/uploads\/2024\/04\/5b76e497-0a52-4e0d-83fd-ac48d51d0268-768x512.jpg 768w, https:\/\/elpajaritonews.com\/wp-content\/uploads\/2024\/04\/5b76e497-0a52-4e0d-83fd-ac48d51d0268-1536x1024.jpg 1536w, https:\/\/elpajaritonews.com\/wp-content\/uploads\/2024\/04\/5b76e497-0a52-4e0d-83fd-ac48d51d0268-2048x1365.jpg 2048w, https:\/\/elpajaritonews.com\/wp-content\/uploads\/2024\/04\/5b76e497-0a52-4e0d-83fd-ac48d51d0268-630x420.jpg 630w, https:\/\/elpajaritonews.com\/wp-content\/uploads\/2024\/04\/5b76e497-0a52-4e0d-83fd-ac48d51d0268-640x427.jpg 640w, https:\/\/elpajaritonews.com\/wp-content\/uploads\/2024\/04\/5b76e497-0a52-4e0d-83fd-ac48d51d0268-681x454.jpg 681w\" sizes=\"auto, (max-width: 1024px) 100vw, 1024px\" \/><\/figure>\n\n\n\n<p class=\"wp-block-paragraph\">La candidata de Morena, Partido del Trabajo y Partido Verde, indic\u00f3 que ya ha tenido oportunidad de charlar con grupos de estudiantes normalistas, docentes reci\u00e9n egresados, y maestras y maestros en activo, quienes le plantearon sus principales inquietudes en el tema.<\/p>\n\n\n\n<p class=\"wp-block-paragraph\">\u201cYa tuve oportunidad de platicar con maestras y maestros y nos plantearon sus inquietudes y necesidades, sobre todo en dos temas muy espec\u00edficos que son el tema de las pensiones y las quejas en la asignaci\u00f3n de las plazas por medio de la USICAMM, y ya tenemos estos temas para revisarlos y para apoyar en lo que sea necesario desde la C\u00e1mara de Diputados\u201d, expres\u00f3.<\/p>\n\n\n\n<p class=\"wp-block-paragraph\">Diana Karina Barreras record\u00f3 que la doctora Claudia Sheinbaum ha expresado que quiere ser recordada como la presidenta de la educaci\u00f3n p\u00fablica, por lo que se comprometi\u00f3 a apoyarla en lo que sea necesario desde el poder Legislativo como diputada federal.<\/p>\n\n\n\n<p class=\"wp-block-paragraph\">\u201cEstoy en la misma l\u00ednea que nuestra pr\u00f3xima presidenta en el sentido que se garantizar\u00e1 un sistema de pensiones en beneficio del todo el magisterio nacional porque para la Cuarta Transformaci\u00f3n el proyecto educativo es prioritario\u201d, expres\u00f3.<\/p>\n\n\n\n<p class=\"wp-block-paragraph\">El d\u00eda de hoy por la ma\u00f1ana, la candidata de la coalici\u00f3n Sigamos Haciendo Historia recorri\u00f3 el Mercado Ol\u00edmpico, mejor conocido como La Yarda, y por la tarde visit\u00f3 a vecinas y vecinos de la colonia Luis Donaldo Colosio, donde recogi\u00f3 m\u00faltiples muestras de apoyo para las y los candidatos de la 4T.<\/p>\n","protected":false},"excerpt":{"rendered":"<p>Porque m\u00e1s Cuarta Transformaci\u00f3n es m\u00e1s educaci\u00f3n, Diana Karina Barreras Samaniego, candidata a diputada federal por el distrito 3 de Sonora, se\u00f1al\u00f3 que se tomar\u00e1n en cuenta las necesidades de las y los maestros para revisar el funcionamiento de la Unidad del Sistema para la Carrera de las Maestras y Maestros (USICAMM). La candidata de&#8230;<\/p>\n","protected":false},"author":2,"featured_media":57717,"comment_status":"closed","ping_status":"closed","sticky":false,"template":"","format":"standard","meta":{"_crdt_document":"","_exactmetrics_skip_tracking":false,"_exactmetrics_sitenote_active":false,"_exactmetrics_sitenote_note":"","_exactmetrics_sitenote_category":0,"footnotes":""},"categories":[35,26,31,27],"tags":[28,29,30],"class_list":["post-57716","post","type-post","status-publish","format-standard","has-post-thumbnail","hentry","category-elecciones-2024","category-local","category-politica","category-sonora","tag-nogales","tag-nogales-la-gran-frontera","tag-sonora-tierra-de-oportunidades"],"_links":{"self":[{"href":"https:\/\/elpajaritonews.com\/index.php?rest_route=\/wp\/v2\/posts\/57716","targetHints":{"allow":["GET"]}}],"collection":[{"href":"https:\/\/elpajaritonews.com\/index.php?rest_route=\/wp\/v2\/posts"}],"about":[{"href":"https:\/\/elpajaritonews.com\/index.php?rest_route=\/wp\/v2\/types\/post"}],"author":[{"embeddable":true,"href":"https:\/\/elpajaritonews.com\/index.php?rest_route=\/wp\/v2\/users\/2"}],"replies":[{"embeddable":true,"href":"https:\/\/elpajaritonews.com\/index.php?rest_route=%2Fwp%2Fv2%2Fcomments&post=57716"}],"version-history":[{"count":1,"href":"https:\/\/elpajaritonews.com\/index.php?rest_route=\/wp\/v2\/posts\/57716\/revisions"}],"predecessor-version":[{"id":57719,"href":"https:\/\/elpajaritonews.com\/index.php?rest_route=\/wp\/v2\/posts\/57716\/revisions\/57719"}],"wp:featuredmedia":[{"embeddable":true,"href":"https:\/\/elpajaritonews.com\/index.php?rest_route=\/wp\/v2\/media\/57717"}],"wp:attachment":[{"href":"https:\/\/elpajaritonews.com\/index.php?rest_route=%2Fwp%2Fv2%2Fmedia&parent=57716"}],"wp:term":[{"taxonomy":"category","embeddable":true,"href":"https:\/\/elpajaritonews.com\/index.php?rest_route=%2Fwp%2Fv2%2Fcategories&post=57716"},{"taxonomy":"post_tag","embeddable":true,"href":"https:\/\/elpajaritonews.com\/index.php?rest_route=%2Fwp%2Fv2%2Ftags&post=57716"}],"curies":[{"name":"wp","href":"https:\/\/api.w.org\/{rel}","templated":true}]}}