{"id":57737,"date":"2024-04-19T23:16:58","date_gmt":"2024-04-19T23:16:58","guid":{"rendered":"https:\/\/elpajaritonews.com\/?p=57737"},"modified":"2024-04-19T23:17:00","modified_gmt":"2024-04-19T23:17:00","slug":"prioritario-recuperar-el-transporte-ferroviario-de-pasajeros-lorenia-valles","status":"publish","type":"post","link":"https:\/\/elpajaritonews.com\/?p=57737","title":{"rendered":"PRIORITARIO RECUPERAR EL TRANSPORTE FERROVIARIO DE PASAJEROS: LORENIA VALLES"},"content":{"rendered":"\n<p class=\"wp-block-paragraph\">Es urgente mejorar la movilidad de las personas a precios accesibles, dijo la candidata. Porque la falta de transporte ferroviaria ha derivado en una crisis de conectividad y movilidad, en el segundo piso de la cuarta transformaci\u00f3n se trabajar\u00e1 para que haya 18 mil kil\u00f3metros de v\u00edas f\u00e9rreas para trenes de pasajeros, entre estos, el Tren Tepic-Mazatl\u00e1n-Nogales, asegur\u00f3 la candidata al senado por Morena, Lorenia Valles Sampedro.<\/p>\n\n\n\n<figure class=\"wp-block-image size-large\"><img loading=\"lazy\" decoding=\"async\" width=\"1024\" height=\"574\" src=\"https:\/\/elpajaritonews.com\/wp-content\/uploads\/2024\/04\/b9790bda-f84c-4800-8a96-882e88b337ac-1024x574.jpg\" alt=\"\" class=\"wp-image-57739\" srcset=\"https:\/\/elpajaritonews.com\/wp-content\/uploads\/2024\/04\/b9790bda-f84c-4800-8a96-882e88b337ac-1024x574.jpg 1024w, https:\/\/elpajaritonews.com\/wp-content\/uploads\/2024\/04\/b9790bda-f84c-4800-8a96-882e88b337ac-300x168.jpg 300w, https:\/\/elpajaritonews.com\/wp-content\/uploads\/2024\/04\/b9790bda-f84c-4800-8a96-882e88b337ac-768x431.jpg 768w, https:\/\/elpajaritonews.com\/wp-content\/uploads\/2024\/04\/b9790bda-f84c-4800-8a96-882e88b337ac-749x420.jpg 749w, https:\/\/elpajaritonews.com\/wp-content\/uploads\/2024\/04\/b9790bda-f84c-4800-8a96-882e88b337ac-640x359.jpg 640w, https:\/\/elpajaritonews.com\/wp-content\/uploads\/2024\/04\/b9790bda-f84c-4800-8a96-882e88b337ac-681x382.jpg 681w, https:\/\/elpajaritonews.com\/wp-content\/uploads\/2024\/04\/b9790bda-f84c-4800-8a96-882e88b337ac.jpg 1280w\" sizes=\"auto, (max-width: 1024px) 100vw, 1024px\" \/><\/figure>\n\n\n\n<p class=\"wp-block-paragraph\">La reforma constitucional del presidente L\u00f3pez Obrador busca resguardar los intereses de la Naci\u00f3n, declarando al sector ferroviario como prioritario para M\u00e9xico y devolverle el papel preponderante que tuvo en el pasado a fin de revertir las pol\u00edticas entreguistas de los gobiernos neoliberales, se\u00f1al\u00f3 la morenista.<\/p>\n\n\n\n<p class=\"wp-block-paragraph\">\u201cEs urgente recuperar, democratizar y eficientar el transporte ferroviario de pasajeros para mejorar la movilidad de las personas en todo el pa\u00eds a precios accesibles, as\u00ed como descongestionar las carreteras y v\u00edas internas. Por ello, una prioridad del Gobierno de la doctora Claudia Sheinbaum y del Senado, ser\u00e1 impulsar la propuesta del Ejecutivo para declarar a los ferrocarriles, tanto de pasajeros como de carga, \u00e1reas prioritarias para el desarrollo nacional en las que el Estado ejercer\u00e1 su rector\u00eda\u201d, coment\u00f3.<\/p>\n\n\n\n<figure class=\"wp-block-image size-large\"><img loading=\"lazy\" decoding=\"async\" width=\"1024\" height=\"683\" src=\"https:\/\/elpajaritonews.com\/wp-content\/uploads\/2024\/04\/838a8922-ae7a-4eda-a847-279b03d809f7-1024x683.jpg\" alt=\"\" class=\"wp-image-57740\" srcset=\"https:\/\/elpajaritonews.com\/wp-content\/uploads\/2024\/04\/838a8922-ae7a-4eda-a847-279b03d809f7-1024x683.jpg 1024w, https:\/\/elpajaritonews.com\/wp-content\/uploads\/2024\/04\/838a8922-ae7a-4eda-a847-279b03d809f7-300x200.jpg 300w, https:\/\/elpajaritonews.com\/wp-content\/uploads\/2024\/04\/838a8922-ae7a-4eda-a847-279b03d809f7-768x512.jpg 768w, https:\/\/elpajaritonews.com\/wp-content\/uploads\/2024\/04\/838a8922-ae7a-4eda-a847-279b03d809f7-630x420.jpg 630w, https:\/\/elpajaritonews.com\/wp-content\/uploads\/2024\/04\/838a8922-ae7a-4eda-a847-279b03d809f7-640x427.jpg 640w, https:\/\/elpajaritonews.com\/wp-content\/uploads\/2024\/04\/838a8922-ae7a-4eda-a847-279b03d809f7-681x454.jpg 681w, https:\/\/elpajaritonews.com\/wp-content\/uploads\/2024\/04\/838a8922-ae7a-4eda-a847-279b03d809f7.jpg 1280w\" sizes=\"auto, (max-width: 1024px) 100vw, 1024px\" \/><\/figure>\n\n\n\n<p class=\"wp-block-paragraph\">El transporte ferroviario de pasajeros, de acuerdo con Valles Sampedro, fomentar\u00e1 la actividad econ\u00f3mica e impulsar\u00e1 la productividad, al mejorar la conectividad y reducir los tiempos de traslado. Adem\u00e1s, incentivar\u00e1 la creaci\u00f3n de infraestructura f\u00e9rrea para reactivar la econom\u00eda de Sonora y del pa\u00eds.<\/p>\n\n\n\n<p class=\"wp-block-paragraph\">Agreg\u00f3 que, a ra\u00edz de la privatizaci\u00f3n de los ferrocarriles en 1995, los concesionarios no han invertido en infraestructura y dejaron de prestar el servicio de transporte ferroviario de pasajeros a pesar de que la capacidad instalada y la demanda lo permit\u00edan.<\/p>\n\n\n\n<p class=\"wp-block-paragraph\">\u201cEl modelo de transporte adoptado durante las anteriores administraciones, basado en concesiones, privilegi\u00f3 \u00fanicamente el transporte en las regiones de mayor crecimiento econ\u00f3mico en detrimento de las zonas de menor desarrollo, lo cual no debe seguir siendo as\u00ed\u201d, finaliz\u00f3.<\/p>\n","protected":false},"excerpt":{"rendered":"<p>Es urgente mejorar la movilidad de las personas a precios accesibles, dijo la candidata. Porque la falta de transporte ferroviaria ha derivado en una crisis de conectividad y movilidad, en el segundo piso de la cuarta transformaci\u00f3n se trabajar\u00e1 para que haya 18 mil kil\u00f3metros de v\u00edas f\u00e9rreas para trenes de pasajeros, entre estos, el&#8230;<\/p>\n","protected":false},"author":2,"featured_media":57738,"comment_status":"closed","ping_status":"closed","sticky":false,"template":"","format":"standard","meta":{"_crdt_document":"","_exactmetrics_skip_tracking":false,"_exactmetrics_sitenote_active":false,"_exactmetrics_sitenote_note":"","_exactmetrics_sitenote_category":0,"footnotes":""},"categories":[35,26,31,27],"tags":[28,29,30],"class_list":["post-57737","post","type-post","status-publish","format-standard","has-post-thumbnail","hentry","category-elecciones-2024","category-local","category-politica","category-sonora","tag-nogales","tag-nogales-la-gran-frontera","tag-sonora-tierra-de-oportunidades"],"_links":{"self":[{"href":"https:\/\/elpajaritonews.com\/index.php?rest_route=\/wp\/v2\/posts\/57737","targetHints":{"allow":["GET"]}}],"collection":[{"href":"https:\/\/elpajaritonews.com\/index.php?rest_route=\/wp\/v2\/posts"}],"about":[{"href":"https:\/\/elpajaritonews.com\/index.php?rest_route=\/wp\/v2\/types\/post"}],"author":[{"embeddable":true,"href":"https:\/\/elpajaritonews.com\/index.php?rest_route=\/wp\/v2\/users\/2"}],"replies":[{"embeddable":true,"href":"https:\/\/elpajaritonews.com\/index.php?rest_route=%2Fwp%2Fv2%2Fcomments&post=57737"}],"version-history":[{"count":1,"href":"https:\/\/elpajaritonews.com\/index.php?rest_route=\/wp\/v2\/posts\/57737\/revisions"}],"predecessor-version":[{"id":57741,"href":"https:\/\/elpajaritonews.com\/index.php?rest_route=\/wp\/v2\/posts\/57737\/revisions\/57741"}],"wp:featuredmedia":[{"embeddable":true,"href":"https:\/\/elpajaritonews.com\/index.php?rest_route=\/wp\/v2\/media\/57738"}],"wp:attachment":[{"href":"https:\/\/elpajaritonews.com\/index.php?rest_route=%2Fwp%2Fv2%2Fmedia&parent=57737"}],"wp:term":[{"taxonomy":"category","embeddable":true,"href":"https:\/\/elpajaritonews.com\/index.php?rest_route=%2Fwp%2Fv2%2Fcategories&post=57737"},{"taxonomy":"post_tag","embeddable":true,"href":"https:\/\/elpajaritonews.com\/index.php?rest_route=%2Fwp%2Fv2%2Ftags&post=57737"}],"curies":[{"name":"wp","href":"https:\/\/api.w.org\/{rel}","templated":true}]}}