{"id":57793,"date":"2024-04-21T15:37:22","date_gmt":"2024-04-21T15:37:22","guid":{"rendered":"https:\/\/elpajaritonews.com\/?p=57793"},"modified":"2024-04-21T15:37:52","modified_gmt":"2024-04-21T15:37:52","slug":"en-equipo-los-candidatos-de-la-4t-lograremos-mas-beneficios-para-hermosillo-en-los-proximos-anos-karina-barreras","status":"publish","type":"post","link":"https:\/\/elpajaritonews.com\/?p=57793","title":{"rendered":"EN EQUIPO, LOS CANDIDATOS DE LA 4T LOGRAREMOS M\u00c1S BENEFICIOS PARA HERMOSILLO EN LOS PR\u00d3XIMOS A\u00d1OS: KARINA BARRERAS"},"content":{"rendered":"\n<p class=\"wp-block-paragraph\">Juntos, las y los candidatos de la Cuarta Transformaci\u00f3n, tanto en lo local como en lo federal, lograr\u00e1n m\u00e1s beneficios para Hermosillo en los pr\u00f3ximos a\u00f1os, consider\u00f3 Diana Karina Barreras Samaniego.<\/p>\n\n\n\n<p class=\"wp-block-paragraph\">En el sector Pueblitos, la candidata a la diputaci\u00f3n federal por el distrito 3 de Sonora, acompa\u00f1\u00f3 en su arranque de campa\u00f1a a Mar\u00eda Dolores del R\u00edo y Ren\u00e9 Garc\u00eda, candidata y candidato a la Alcald\u00eda de Hermosillo y a la diputaci\u00f3n local por el distrito 12, respectivamente.<\/p>\n\n\n\n<figure class=\"wp-block-image size-large\"><img loading=\"lazy\" decoding=\"async\" width=\"1024\" height=\"683\" src=\"https:\/\/elpajaritonews.com\/wp-content\/uploads\/2024\/04\/7085c4a4-5feb-452a-9195-fa88caf2221e-1024x683.jpg\" alt=\"\" class=\"wp-image-57795\" srcset=\"https:\/\/elpajaritonews.com\/wp-content\/uploads\/2024\/04\/7085c4a4-5feb-452a-9195-fa88caf2221e-1024x683.jpg 1024w, https:\/\/elpajaritonews.com\/wp-content\/uploads\/2024\/04\/7085c4a4-5feb-452a-9195-fa88caf2221e-300x200.jpg 300w, https:\/\/elpajaritonews.com\/wp-content\/uploads\/2024\/04\/7085c4a4-5feb-452a-9195-fa88caf2221e-768x512.jpg 768w, https:\/\/elpajaritonews.com\/wp-content\/uploads\/2024\/04\/7085c4a4-5feb-452a-9195-fa88caf2221e-1536x1024.jpg 1536w, https:\/\/elpajaritonews.com\/wp-content\/uploads\/2024\/04\/7085c4a4-5feb-452a-9195-fa88caf2221e-2048x1365.jpg 2048w, https:\/\/elpajaritonews.com\/wp-content\/uploads\/2024\/04\/7085c4a4-5feb-452a-9195-fa88caf2221e-630x420.jpg 630w, https:\/\/elpajaritonews.com\/wp-content\/uploads\/2024\/04\/7085c4a4-5feb-452a-9195-fa88caf2221e-640x427.jpg 640w, https:\/\/elpajaritonews.com\/wp-content\/uploads\/2024\/04\/7085c4a4-5feb-452a-9195-fa88caf2221e-681x454.jpg 681w\" sizes=\"auto, (max-width: 1024px) 100vw, 1024px\" \/><\/figure>\n\n\n\n<p class=\"wp-block-paragraph\">\u201cCon mucho gusto estoy acompa\u00f1ando a mis amigos Mar\u00eda Dolores y Ren\u00e9, y a mis amigos candidatos el Congreso local, a Jacobo (Mendoza) y a Lorenia (Valles), porque en los pr\u00f3ximos a\u00f1os vamos a trabajar juntos, en equipo, alineados, en el Ayuntamiento, en el Congreso de Sonora y en las c\u00e1maras de Diputados y de Senadores para que a todo Hermosillo le vaya mucho mejor\u201d, consider\u00f3.<\/p>\n\n\n\n<p class=\"wp-block-paragraph\">La abanderada de Morena, Partido del Trabajo y Partido Verde, se\u00f1al\u00f3 que el compromiso m\u00e1s importante es que contin\u00fae la Cuarta Transformaci\u00f3n, porque m\u00e1s 4T significa m\u00e1s beneficios tangibles para ni\u00f1as y ni\u00f1os, j\u00f3venes, mujeres, personas con discapacidad, y para adultos mayores.<\/p>\n\n\n\n<figure class=\"wp-block-image size-large\"><img loading=\"lazy\" decoding=\"async\" width=\"1024\" height=\"683\" src=\"https:\/\/elpajaritonews.com\/wp-content\/uploads\/2024\/04\/11b98730-2c32-493b-a60e-bf127fe29b9b-1024x683.jpg\" alt=\"\" class=\"wp-image-57796\" srcset=\"https:\/\/elpajaritonews.com\/wp-content\/uploads\/2024\/04\/11b98730-2c32-493b-a60e-bf127fe29b9b-1024x683.jpg 1024w, https:\/\/elpajaritonews.com\/wp-content\/uploads\/2024\/04\/11b98730-2c32-493b-a60e-bf127fe29b9b-300x200.jpg 300w, https:\/\/elpajaritonews.com\/wp-content\/uploads\/2024\/04\/11b98730-2c32-493b-a60e-bf127fe29b9b-768x512.jpg 768w, https:\/\/elpajaritonews.com\/wp-content\/uploads\/2024\/04\/11b98730-2c32-493b-a60e-bf127fe29b9b-1536x1024.jpg 1536w, https:\/\/elpajaritonews.com\/wp-content\/uploads\/2024\/04\/11b98730-2c32-493b-a60e-bf127fe29b9b-2048x1365.jpg 2048w, https:\/\/elpajaritonews.com\/wp-content\/uploads\/2024\/04\/11b98730-2c32-493b-a60e-bf127fe29b9b-630x420.jpg 630w, https:\/\/elpajaritonews.com\/wp-content\/uploads\/2024\/04\/11b98730-2c32-493b-a60e-bf127fe29b9b-640x427.jpg 640w, https:\/\/elpajaritonews.com\/wp-content\/uploads\/2024\/04\/11b98730-2c32-493b-a60e-bf127fe29b9b-681x454.jpg 681w\" sizes=\"auto, (max-width: 1024px) 100vw, 1024px\" \/><\/figure>\n\n\n\n<p class=\"wp-block-paragraph\">Y desde el Congreso de la Uni\u00f3n, adelant\u00f3, trabajar\u00e1 tanto para defender los apoyos sociales como para gestionar los recursos necesarios para lograr un municipio de Hermosillo m\u00e1s justo y que atiende a sus grupos m\u00e1s vulnerables<\/p>\n\n\n\n<p class=\"wp-block-paragraph\">\u201cComo diputada federal, en la discusi\u00f3n de los presupuestos, voy a gestionar para \u2018bajar\u2019 los recursos necesarios para que los beneficios lleguen en esa cancha que nos piden los j\u00f3venes, en ese centro de atenci\u00f3n que nos piden los adultos mayores, en esas calles pavimentadas que nos piden en cada colonia que visitamos, y se los digo mir\u00e1ndolas y mir\u00e1ndolos a todos a los ojos\u201d, subray\u00f3.<\/p>\n\n\n\n<figure class=\"wp-block-image size-large\"><img loading=\"lazy\" decoding=\"async\" width=\"1024\" height=\"683\" src=\"https:\/\/elpajaritonews.com\/wp-content\/uploads\/2024\/04\/0778a8d5-6ac2-4e08-999a-ec58a796d31e-1024x683.jpg\" alt=\"\" class=\"wp-image-57797\" srcset=\"https:\/\/elpajaritonews.com\/wp-content\/uploads\/2024\/04\/0778a8d5-6ac2-4e08-999a-ec58a796d31e-1024x683.jpg 1024w, https:\/\/elpajaritonews.com\/wp-content\/uploads\/2024\/04\/0778a8d5-6ac2-4e08-999a-ec58a796d31e-300x200.jpg 300w, https:\/\/elpajaritonews.com\/wp-content\/uploads\/2024\/04\/0778a8d5-6ac2-4e08-999a-ec58a796d31e-768x512.jpg 768w, https:\/\/elpajaritonews.com\/wp-content\/uploads\/2024\/04\/0778a8d5-6ac2-4e08-999a-ec58a796d31e-1536x1024.jpg 1536w, https:\/\/elpajaritonews.com\/wp-content\/uploads\/2024\/04\/0778a8d5-6ac2-4e08-999a-ec58a796d31e-2048x1365.jpg 2048w, https:\/\/elpajaritonews.com\/wp-content\/uploads\/2024\/04\/0778a8d5-6ac2-4e08-999a-ec58a796d31e-630x420.jpg 630w, https:\/\/elpajaritonews.com\/wp-content\/uploads\/2024\/04\/0778a8d5-6ac2-4e08-999a-ec58a796d31e-640x427.jpg 640w, https:\/\/elpajaritonews.com\/wp-content\/uploads\/2024\/04\/0778a8d5-6ac2-4e08-999a-ec58a796d31e-681x454.jpg 681w\" sizes=\"auto, (max-width: 1024px) 100vw, 1024px\" \/><\/figure>\n\n\n\n<p class=\"wp-block-paragraph\">En el evento tambi\u00e9n se cont\u00f3 con la presencia de Lorenia Valles, candidata al Senado; Jacobo Mendoza, candidato a diputado federal por el distrito 5 de Sonora; y las y los candidatos a diputados locales Norberto Barraza, Eli Sallard, \u00d3scar Ortiz, David Figueroa y Vicky Espinoza.<\/p>\n","protected":false},"excerpt":{"rendered":"<p>Juntos, las y los candidatos de la Cuarta Transformaci\u00f3n, tanto en lo local como en lo federal, lograr\u00e1n m\u00e1s beneficios para Hermosillo en los pr\u00f3ximos a\u00f1os, consider\u00f3 Diana Karina Barreras Samaniego. En el sector Pueblitos, la candidata a la diputaci\u00f3n federal por el distrito 3 de Sonora, acompa\u00f1\u00f3 en su arranque de campa\u00f1a a Mar\u00eda&#8230;<\/p>\n","protected":false},"author":2,"featured_media":57794,"comment_status":"closed","ping_status":"closed","sticky":false,"template":"","format":"standard","meta":{"_crdt_document":"","_exactmetrics_skip_tracking":false,"_exactmetrics_sitenote_active":false,"_exactmetrics_sitenote_note":"","_exactmetrics_sitenote_category":0,"footnotes":""},"categories":[35,26,31,27],"tags":[28,29,30],"class_list":["post-57793","post","type-post","status-publish","format-standard","has-post-thumbnail","hentry","category-elecciones-2024","category-local","category-politica","category-sonora","tag-nogales","tag-nogales-la-gran-frontera","tag-sonora-tierra-de-oportunidades"],"_links":{"self":[{"href":"https:\/\/elpajaritonews.com\/index.php?rest_route=\/wp\/v2\/posts\/57793","targetHints":{"allow":["GET"]}}],"collection":[{"href":"https:\/\/elpajaritonews.com\/index.php?rest_route=\/wp\/v2\/posts"}],"about":[{"href":"https:\/\/elpajaritonews.com\/index.php?rest_route=\/wp\/v2\/types\/post"}],"author":[{"embeddable":true,"href":"https:\/\/elpajaritonews.com\/index.php?rest_route=\/wp\/v2\/users\/2"}],"replies":[{"embeddable":true,"href":"https:\/\/elpajaritonews.com\/index.php?rest_route=%2Fwp%2Fv2%2Fcomments&post=57793"}],"version-history":[{"count":2,"href":"https:\/\/elpajaritonews.com\/index.php?rest_route=\/wp\/v2\/posts\/57793\/revisions"}],"predecessor-version":[{"id":57799,"href":"https:\/\/elpajaritonews.com\/index.php?rest_route=\/wp\/v2\/posts\/57793\/revisions\/57799"}],"wp:featuredmedia":[{"embeddable":true,"href":"https:\/\/elpajaritonews.com\/index.php?rest_route=\/wp\/v2\/media\/57794"}],"wp:attachment":[{"href":"https:\/\/elpajaritonews.com\/index.php?rest_route=%2Fwp%2Fv2%2Fmedia&parent=57793"}],"wp:term":[{"taxonomy":"category","embeddable":true,"href":"https:\/\/elpajaritonews.com\/index.php?rest_route=%2Fwp%2Fv2%2Fcategories&post=57793"},{"taxonomy":"post_tag","embeddable":true,"href":"https:\/\/elpajaritonews.com\/index.php?rest_route=%2Fwp%2Fv2%2Ftags&post=57793"}],"curies":[{"name":"wp","href":"https:\/\/api.w.org\/{rel}","templated":true}]}}