{"id":57872,"date":"2024-04-23T06:03:44","date_gmt":"2024-04-23T06:03:44","guid":{"rendered":"https:\/\/elpajaritonews.com\/?p=57872"},"modified":"2024-04-23T06:03:46","modified_gmt":"2024-04-23T06:03:46","slug":"juez-declara-nulo-juicio-en-caso-de-ganadero-acusado-de-matar-a-migrante-en-nogales-az","status":"publish","type":"post","link":"https:\/\/elpajaritonews.com\/?p=57872","title":{"rendered":"JUEZ DECLARA NULO JUICIO EN CASO DE GANADERO ACUSADO DE MATAR A MIGRANTE EN NOGALES AZ"},"content":{"rendered":"\n<p class=\"wp-block-paragraph\">Por Vinicio S\u00e1nchez<\/p>\n\n\n\n<p class=\"wp-block-paragraph\">El juez declar\u00f3 ayer nulo el juicio por asesinato del ranchero George Alan Kelly despu\u00e9s de que el jurado no pudo ponerse de acuerdo sobre un veredicto.<\/p>\n\n\n\n<p class=\"wp-block-paragraph\">El juez Thomas Fink pregunt\u00f3 al presidente del jurado el lunes por la tarde si hab\u00eda alguna manera de que el jurado de ocho personas pudiera llegar a un veredicto, tras un proceso de cuatro semanas.<\/p>\n\n\n\n<p class=\"wp-block-paragraph\">\u00ab\u00bfEs su opini\u00f3n, como presidente, que si el tribunal le proporcionara tiempo adicional y cualquier otro recurso o cualquier otro material o evidencia que pueda, eso no ser\u00eda un esfuerzo fruct\u00edfero y que usted, como jurado, seguir\u00eda siendo \u00bfEst\u00e1 estancado y no puede llegar a un veredicto? Dijo Fink.<\/p>\n\n\n\n<p class=\"wp-block-paragraph\">\u00abCreo que todav\u00eda estar\u00edamos estancados y no podr\u00edamos llegar a un veredicto, Se\u00f1or\u00eda\u00bb, dijo el capataz.<\/p>\n\n\n\n<p class=\"wp-block-paragraph\">Las autoridades recuperaron el cuerpo de Gabriel Cuen Buitimea, ciudadano mexicano, de 48 a\u00f1os, en la propiedad de Kelly, cerca de la frontera en Nogales. Kelly se declar\u00f3 inocente de la muerte a tiros.<\/p>\n\n\n\n<p class=\"wp-block-paragraph\">La defensa dice que Kelly vio a un grupo de hombres en su propiedad con armas de fuego y dispar\u00f3 por encima de sus cabezas para asustarlos, asegur\u00e1ndose de no disparar a nadie. Los abogados defensores dijeron que los investigadores ten\u00edan prejuicios contra Kelly y manejaron incorrectamente el caso y por eso probablemente nunca sabr\u00e1n qui\u00e9n mat\u00f3 a Cuen Buitimea.<\/p>\n\n\n\n<p class=\"wp-block-paragraph\">Los fiscales del caso argumentaron que Kelly dispar\u00f3 contra los inmigrantes indocumentados Cuen Buitimea y Daniel Ram\u00edrez desde su porche mientras cruzaban su propiedad, sin previo aviso ni provocaci\u00f3n. Ram\u00edrez fue testigo del caso.<\/p>\n\n\n\n<p class=\"wp-block-paragraph\">El tribunal celebrar\u00e1 una audiencia la pr\u00f3xima semana para decidir si habr\u00e1 un nuevo juicio.<\/p>\n","protected":false},"excerpt":{"rendered":"<p>Por Vinicio S\u00e1nchez El juez declar\u00f3 ayer nulo el juicio por asesinato del ranchero George Alan Kelly despu\u00e9s de que el jurado no pudo ponerse de acuerdo sobre un veredicto. El juez Thomas Fink pregunt\u00f3 al presidente del jurado el lunes por la tarde si hab\u00eda alguna manera de que el jurado de ocho personas&#8230;<\/p>\n","protected":false},"author":2,"featured_media":57873,"comment_status":"closed","ping_status":"closed","sticky":false,"template":"","format":"standard","meta":{"_crdt_document":"","_exactmetrics_skip_tracking":false,"_exactmetrics_sitenote_active":false,"_exactmetrics_sitenote_note":"","_exactmetrics_sitenote_category":0,"footnotes":""},"categories":[17,38,31,1,27],"tags":[28,29,30],"class_list":["post-57872","post","type-post","status-publish","format-standard","has-post-thumbnail","hentry","category-arizona","category-migracion","category-politica","category-seguridad","category-sonora","tag-nogales","tag-nogales-la-gran-frontera","tag-sonora-tierra-de-oportunidades"],"_links":{"self":[{"href":"https:\/\/elpajaritonews.com\/index.php?rest_route=\/wp\/v2\/posts\/57872","targetHints":{"allow":["GET"]}}],"collection":[{"href":"https:\/\/elpajaritonews.com\/index.php?rest_route=\/wp\/v2\/posts"}],"about":[{"href":"https:\/\/elpajaritonews.com\/index.php?rest_route=\/wp\/v2\/types\/post"}],"author":[{"embeddable":true,"href":"https:\/\/elpajaritonews.com\/index.php?rest_route=\/wp\/v2\/users\/2"}],"replies":[{"embeddable":true,"href":"https:\/\/elpajaritonews.com\/index.php?rest_route=%2Fwp%2Fv2%2Fcomments&post=57872"}],"version-history":[{"count":1,"href":"https:\/\/elpajaritonews.com\/index.php?rest_route=\/wp\/v2\/posts\/57872\/revisions"}],"predecessor-version":[{"id":57874,"href":"https:\/\/elpajaritonews.com\/index.php?rest_route=\/wp\/v2\/posts\/57872\/revisions\/57874"}],"wp:featuredmedia":[{"embeddable":true,"href":"https:\/\/elpajaritonews.com\/index.php?rest_route=\/wp\/v2\/media\/57873"}],"wp:attachment":[{"href":"https:\/\/elpajaritonews.com\/index.php?rest_route=%2Fwp%2Fv2%2Fmedia&parent=57872"}],"wp:term":[{"taxonomy":"category","embeddable":true,"href":"https:\/\/elpajaritonews.com\/index.php?rest_route=%2Fwp%2Fv2%2Fcategories&post=57872"},{"taxonomy":"post_tag","embeddable":true,"href":"https:\/\/elpajaritonews.com\/index.php?rest_route=%2Fwp%2Fv2%2Ftags&post=57872"}],"curies":[{"name":"wp","href":"https:\/\/api.w.org\/{rel}","templated":true}]}}