{"id":58082,"date":"2024-04-27T23:09:49","date_gmt":"2024-04-27T23:09:49","guid":{"rendered":"https:\/\/elpajaritonews.com\/?p=58082"},"modified":"2024-04-27T23:09:59","modified_gmt":"2024-04-27T23:09:59","slug":"gestionaremos-el-programa-sembrando-vida-para-las-comunidades-de-la-costa-de-hermosillo-karina-barreras","status":"publish","type":"post","link":"https:\/\/elpajaritonews.com\/?p=58082","title":{"rendered":"GESTIONAREMOS EL PROGRAMA SEMBRANDO VIDA PARA LAS COMUNIDADES DE LA COSTA DE HERMOSILLO: KARINA BARRERAS"},"content":{"rendered":"\n<p class=\"wp-block-paragraph\">Para presentar sus propuestas legislativas y escuchar las necesidades de los ejidatarios de El Triunfo, Diana Karina Barreras Samaniego, candidata a diputada federal por el distrito 3 de Sonora, recorri\u00f3 el ejido y sostuvo una reuni\u00f3n con los integrantes de la comunidad.<\/p>\n\n\n\n<p class=\"wp-block-paragraph\">La abanderada de Morena, Partido del Trabajo y Partido Verde, conoci\u00f3 de primera mano los planteamientos de los ejidatarios, quienes pusieron especial \u00e9nfasis en la posibilidad de recibir el apoyo Sembrando Vida.<\/p>\n\n\n\n<p class=\"wp-block-paragraph\">El objetivo de dicho programa es rescatar al campo, reactivar la econom\u00eda local y la regeneraci\u00f3n del tejido social en las comunidades, por medio de un est\u00edmulo econ\u00f3mico que reciben sus beneficiarias y beneficiarios, atendiendo al mismo tiempo la pobreza rural y la degradaci\u00f3n ambiental.<\/p>\n\n\n\n<p class=\"wp-block-paragraph\">En Sonora, los municipios que en los que est\u00e1 presente son Y\u00e9cora, Sahuaripa, Arivechi, Bacanora, Soyopa, \u00d3navas, Rosario y La Colorada.<\/p>\n\n\n\n<figure class=\"wp-block-image size-full\"><img loading=\"lazy\" decoding=\"async\" width=\"987\" height=\"619\" src=\"https:\/\/elpajaritonews.com\/wp-content\/uploads\/2024\/04\/34762659-7696-477a-b83f-2ddff9ce67fb.jpg\" alt=\"\" class=\"wp-image-58084\" srcset=\"https:\/\/elpajaritonews.com\/wp-content\/uploads\/2024\/04\/34762659-7696-477a-b83f-2ddff9ce67fb.jpg 987w, https:\/\/elpajaritonews.com\/wp-content\/uploads\/2024\/04\/34762659-7696-477a-b83f-2ddff9ce67fb-300x188.jpg 300w, https:\/\/elpajaritonews.com\/wp-content\/uploads\/2024\/04\/34762659-7696-477a-b83f-2ddff9ce67fb-768x482.jpg 768w, https:\/\/elpajaritonews.com\/wp-content\/uploads\/2024\/04\/34762659-7696-477a-b83f-2ddff9ce67fb-670x420.jpg 670w, https:\/\/elpajaritonews.com\/wp-content\/uploads\/2024\/04\/34762659-7696-477a-b83f-2ddff9ce67fb-640x401.jpg 640w, https:\/\/elpajaritonews.com\/wp-content\/uploads\/2024\/04\/34762659-7696-477a-b83f-2ddff9ce67fb-681x427.jpg 681w\" sizes=\"auto, (max-width: 987px) 100vw, 987px\" \/><\/figure>\n\n\n\n<p class=\"wp-block-paragraph\">\u201cEse apoyo del primer gobierno de la cuarta transformaci\u00f3n lleg\u00f3 a nuestro estado en el a\u00f1o 2022, pero se enfoc\u00f3 m\u00e1s a las comunidades y municipios de la sierra, pero como diputada federal nos vamos a sentar con los responsables para revisar las reglas de operaci\u00f3n y de c\u00f3mo se escogen a los beneficiarios para \u2018bajarlo\u2019 a los ejidos de la costa\u201d, se\u00f1al\u00f3.<\/p>\n\n\n\n<p class=\"wp-block-paragraph\">Diana Karina Barreras subray\u00f3 que, en su Plan de Naci\u00f3n, la pr\u00f3xima presidenta, la doctora Claudia Sheinbaum, ya se comprometi\u00f3 a mantener este programa destinado a municipios o localidades con rezago social.<\/p>\n\n\n\n<p class=\"wp-block-paragraph\">\u201cSe pudiera traer la modalidad de \u2018Sistemas Agroforestales de \u00e1rboles maderables y frutales\u2019 en el que el que, por ejemplo, se podr\u00eda trabajar con mezquite en el caso de los maderables, y naranja o nogal en el caso de los frutales, eso lo tendr\u00edamos que ver, pero lo vamos a gestionar\u201d, adelant\u00f3 la candidata de la coalici\u00f3n Sigamos Haciendo Historia.<\/p>\n","protected":false},"excerpt":{"rendered":"<p>Para presentar sus propuestas legislativas y escuchar las necesidades de los ejidatarios de El Triunfo, Diana Karina Barreras Samaniego, candidata a diputada federal por el distrito 3 de Sonora, recorri\u00f3 el ejido y sostuvo una reuni\u00f3n con los integrantes de la comunidad. La abanderada de Morena, Partido del Trabajo y Partido Verde, conoci\u00f3 de primera&#8230;<\/p>\n","protected":false},"author":2,"featured_media":58083,"comment_status":"closed","ping_status":"closed","sticky":false,"template":"","format":"standard","meta":{"_crdt_document":"","_exactmetrics_skip_tracking":false,"_exactmetrics_sitenote_active":false,"_exactmetrics_sitenote_note":"","_exactmetrics_sitenote_category":0,"footnotes":""},"categories":[35,26,31,27],"tags":[28,29,30],"class_list":["post-58082","post","type-post","status-publish","format-standard","has-post-thumbnail","hentry","category-elecciones-2024","category-local","category-politica","category-sonora","tag-nogales","tag-nogales-la-gran-frontera","tag-sonora-tierra-de-oportunidades"],"_links":{"self":[{"href":"https:\/\/elpajaritonews.com\/index.php?rest_route=\/wp\/v2\/posts\/58082","targetHints":{"allow":["GET"]}}],"collection":[{"href":"https:\/\/elpajaritonews.com\/index.php?rest_route=\/wp\/v2\/posts"}],"about":[{"href":"https:\/\/elpajaritonews.com\/index.php?rest_route=\/wp\/v2\/types\/post"}],"author":[{"embeddable":true,"href":"https:\/\/elpajaritonews.com\/index.php?rest_route=\/wp\/v2\/users\/2"}],"replies":[{"embeddable":true,"href":"https:\/\/elpajaritonews.com\/index.php?rest_route=%2Fwp%2Fv2%2Fcomments&post=58082"}],"version-history":[{"count":2,"href":"https:\/\/elpajaritonews.com\/index.php?rest_route=\/wp\/v2\/posts\/58082\/revisions"}],"predecessor-version":[{"id":58086,"href":"https:\/\/elpajaritonews.com\/index.php?rest_route=\/wp\/v2\/posts\/58082\/revisions\/58086"}],"wp:featuredmedia":[{"embeddable":true,"href":"https:\/\/elpajaritonews.com\/index.php?rest_route=\/wp\/v2\/media\/58083"}],"wp:attachment":[{"href":"https:\/\/elpajaritonews.com\/index.php?rest_route=%2Fwp%2Fv2%2Fmedia&parent=58082"}],"wp:term":[{"taxonomy":"category","embeddable":true,"href":"https:\/\/elpajaritonews.com\/index.php?rest_route=%2Fwp%2Fv2%2Fcategories&post=58082"},{"taxonomy":"post_tag","embeddable":true,"href":"https:\/\/elpajaritonews.com\/index.php?rest_route=%2Fwp%2Fv2%2Ftags&post=58082"}],"curies":[{"name":"wp","href":"https:\/\/api.w.org\/{rel}","templated":true}]}}