{"id":58096,"date":"2024-04-28T19:18:36","date_gmt":"2024-04-28T19:18:36","guid":{"rendered":"https:\/\/elpajaritonews.com\/?p=58096"},"modified":"2024-04-28T19:18:37","modified_gmt":"2024-04-28T19:18:37","slug":"se-vuelca-autobus-de-peregrinos-rumbo-a-chalma-14-muertos","status":"publish","type":"post","link":"https:\/\/elpajaritonews.com\/?p=58096","title":{"rendered":"SE VUELCA AUTOB\u00daS DE PEREGRINOS RUMBO A CHALMA; 14 MUERTOS"},"content":{"rendered":"\n<p class=\"wp-block-paragraph\">Al menos 14 personas murieron y 31 resultaron lesionadas cuando el autob\u00fas en el que viajaban peregrinos con destino al Santuario del Se\u00f1or de Chalma, se qued\u00f3 sin frenos y volc\u00f3 en la carretera Joquicingo-Malinalco, a la altura del club de golf.<\/p>\n\n\n\n<figure class=\"wp-block-image size-full\"><img loading=\"lazy\" decoding=\"async\" width=\"628\" height=\"628\" src=\"https:\/\/elpajaritonews.com\/wp-content\/uploads\/2024\/04\/GMRWzvXWwAAS5bs.jpg\" alt=\"\" class=\"wp-image-58098\" srcset=\"https:\/\/elpajaritonews.com\/wp-content\/uploads\/2024\/04\/GMRWzvXWwAAS5bs.jpg 628w, https:\/\/elpajaritonews.com\/wp-content\/uploads\/2024\/04\/GMRWzvXWwAAS5bs-300x300.jpg 300w, https:\/\/elpajaritonews.com\/wp-content\/uploads\/2024\/04\/GMRWzvXWwAAS5bs-150x150.jpg 150w, https:\/\/elpajaritonews.com\/wp-content\/uploads\/2024\/04\/GMRWzvXWwAAS5bs-420x420.jpg 420w\" sizes=\"auto, (max-width: 628px) 100vw, 628px\" \/><\/figure>\n\n\n\n<p class=\"wp-block-paragraph\">De acuerdo a los primeros reportes, el autob\u00fas de la l\u00ednea La Joya, proveniente de la comunidad de San Luis de la Paz, Guanajuato, present\u00f3 fallas en el sistema de frenado y en la bajada del Guarda Guerrero, y volc\u00f3 sobre el pavimento.<\/p>\n\n\n\n<figure class=\"wp-block-image size-full\"><img loading=\"lazy\" decoding=\"async\" width=\"720\" height=\"604\" src=\"https:\/\/elpajaritonews.com\/wp-content\/uploads\/2024\/04\/GMRWzwiWYAAGucz.jpg\" alt=\"\" class=\"wp-image-58099\" srcset=\"https:\/\/elpajaritonews.com\/wp-content\/uploads\/2024\/04\/GMRWzwiWYAAGucz.jpg 720w, https:\/\/elpajaritonews.com\/wp-content\/uploads\/2024\/04\/GMRWzwiWYAAGucz-300x252.jpg 300w, https:\/\/elpajaritonews.com\/wp-content\/uploads\/2024\/04\/GMRWzwiWYAAGucz-501x420.jpg 501w, https:\/\/elpajaritonews.com\/wp-content\/uploads\/2024\/04\/GMRWzwiWYAAGucz-640x537.jpg 640w, https:\/\/elpajaritonews.com\/wp-content\/uploads\/2024\/04\/GMRWzwiWYAAGucz-681x571.jpg 681w\" sizes=\"auto, (max-width: 720px) 100vw, 720px\" \/><\/figure>\n\n\n\n<p class=\"wp-block-paragraph\">Debido a la velocidad con la que bajaba el autob\u00fas se desliz\u00f3 durante varios metros sobre uno de sus costados.<\/p>\n\n\n\n<figure class=\"wp-block-image size-full\"><img loading=\"lazy\" decoding=\"async\" width=\"720\" height=\"747\" src=\"https:\/\/elpajaritonews.com\/wp-content\/uploads\/2024\/04\/GMRWzxhW0AAKaDz.jpg\" alt=\"\" class=\"wp-image-58100\" srcset=\"https:\/\/elpajaritonews.com\/wp-content\/uploads\/2024\/04\/GMRWzxhW0AAKaDz.jpg 720w, https:\/\/elpajaritonews.com\/wp-content\/uploads\/2024\/04\/GMRWzxhW0AAKaDz-289x300.jpg 289w, https:\/\/elpajaritonews.com\/wp-content\/uploads\/2024\/04\/GMRWzxhW0AAKaDz-405x420.jpg 405w, https:\/\/elpajaritonews.com\/wp-content\/uploads\/2024\/04\/GMRWzxhW0AAKaDz-640x664.jpg 640w, https:\/\/elpajaritonews.com\/wp-content\/uploads\/2024\/04\/GMRWzxhW0AAKaDz-681x707.jpg 681w\" sizes=\"auto, (max-width: 720px) 100vw, 720px\" \/><\/figure>\n\n\n\n<p class=\"wp-block-paragraph\">El accidente ocurri\u00f3 alrededor de las 7:15 horas de este domingo y al lugar del siniestro han llegado&nbsp; los cuerpos de emergencia coma la Cruz Roja, los Servicios de Urgencias del Estado de M\u00e9xico y la unidad de Rescate Rel\u00e1mpagos para apoyar a los lesionados y trasladarlos a hospitales de la zona y de la capital mexiquense.<\/p>\n\n\n\n<figure class=\"wp-block-image size-full\"><img loading=\"lazy\" decoding=\"async\" width=\"1024\" height=\"827\" src=\"https:\/\/elpajaritonews.com\/wp-content\/uploads\/2024\/04\/se-vuelca-autobus-de-peregrinos-rumbo-a-chalma-14-muertos-1259html-chalmajpg-8902html-421e234d-06cc-40d6-bb48-7ea97431c0d8.webp\" alt=\"\" class=\"wp-image-58101\" srcset=\"https:\/\/elpajaritonews.com\/wp-content\/uploads\/2024\/04\/se-vuelca-autobus-de-peregrinos-rumbo-a-chalma-14-muertos-1259html-chalmajpg-8902html-421e234d-06cc-40d6-bb48-7ea97431c0d8.webp 1024w, https:\/\/elpajaritonews.com\/wp-content\/uploads\/2024\/04\/se-vuelca-autobus-de-peregrinos-rumbo-a-chalma-14-muertos-1259html-chalmajpg-8902html-421e234d-06cc-40d6-bb48-7ea97431c0d8-300x242.webp 300w, https:\/\/elpajaritonews.com\/wp-content\/uploads\/2024\/04\/se-vuelca-autobus-de-peregrinos-rumbo-a-chalma-14-muertos-1259html-chalmajpg-8902html-421e234d-06cc-40d6-bb48-7ea97431c0d8-768x620.webp 768w, https:\/\/elpajaritonews.com\/wp-content\/uploads\/2024\/04\/se-vuelca-autobus-de-peregrinos-rumbo-a-chalma-14-muertos-1259html-chalmajpg-8902html-421e234d-06cc-40d6-bb48-7ea97431c0d8-520x420.webp 520w, https:\/\/elpajaritonews.com\/wp-content\/uploads\/2024\/04\/se-vuelca-autobus-de-peregrinos-rumbo-a-chalma-14-muertos-1259html-chalmajpg-8902html-421e234d-06cc-40d6-bb48-7ea97431c0d8-640x517.webp 640w, https:\/\/elpajaritonews.com\/wp-content\/uploads\/2024\/04\/se-vuelca-autobus-de-peregrinos-rumbo-a-chalma-14-muertos-1259html-chalmajpg-8902html-421e234d-06cc-40d6-bb48-7ea97431c0d8-681x550.webp 681w\" sizes=\"auto, (max-width: 1024px) 100vw, 1024px\" \/><\/figure>\n\n\n\n<p class=\"wp-block-paragraph\">En un primer reporte se inform\u00f3 que hay por lo menos 25 lesionados y seis v\u00edctimas mortales, pero m\u00e1s tarde la Secretar\u00eda de Seguridad del Estado de M\u00e9xico actualiz\u00f3 la cifra a 31 lesionados y 14 muertos.<\/p>\n","protected":false},"excerpt":{"rendered":"<p>Al menos 14 personas murieron y 31 resultaron lesionadas cuando el autob\u00fas en el que viajaban peregrinos con destino al Santuario del Se\u00f1or de Chalma, se qued\u00f3 sin frenos y volc\u00f3 en la carretera Joquicingo-Malinalco, a la altura del club de golf. De acuerdo a los primeros reportes, el autob\u00fas de la l\u00ednea La Joya,&#8230;<\/p>\n","protected":false},"author":2,"featured_media":58097,"comment_status":"closed","ping_status":"closed","sticky":false,"template":"","format":"standard","meta":{"_crdt_document":"","_exactmetrics_skip_tracking":false,"_exactmetrics_sitenote_active":false,"_exactmetrics_sitenote_note":"","_exactmetrics_sitenote_category":0,"footnotes":""},"categories":[23,1],"tags":[],"class_list":["post-58096","post","type-post","status-publish","format-standard","has-post-thumbnail","hentry","category-mexico","category-seguridad"],"_links":{"self":[{"href":"https:\/\/elpajaritonews.com\/index.php?rest_route=\/wp\/v2\/posts\/58096","targetHints":{"allow":["GET"]}}],"collection":[{"href":"https:\/\/elpajaritonews.com\/index.php?rest_route=\/wp\/v2\/posts"}],"about":[{"href":"https:\/\/elpajaritonews.com\/index.php?rest_route=\/wp\/v2\/types\/post"}],"author":[{"embeddable":true,"href":"https:\/\/elpajaritonews.com\/index.php?rest_route=\/wp\/v2\/users\/2"}],"replies":[{"embeddable":true,"href":"https:\/\/elpajaritonews.com\/index.php?rest_route=%2Fwp%2Fv2%2Fcomments&post=58096"}],"version-history":[{"count":1,"href":"https:\/\/elpajaritonews.com\/index.php?rest_route=\/wp\/v2\/posts\/58096\/revisions"}],"predecessor-version":[{"id":58102,"href":"https:\/\/elpajaritonews.com\/index.php?rest_route=\/wp\/v2\/posts\/58096\/revisions\/58102"}],"wp:featuredmedia":[{"embeddable":true,"href":"https:\/\/elpajaritonews.com\/index.php?rest_route=\/wp\/v2\/media\/58097"}],"wp:attachment":[{"href":"https:\/\/elpajaritonews.com\/index.php?rest_route=%2Fwp%2Fv2%2Fmedia&parent=58096"}],"wp:term":[{"taxonomy":"category","embeddable":true,"href":"https:\/\/elpajaritonews.com\/index.php?rest_route=%2Fwp%2Fv2%2Fcategories&post=58096"},{"taxonomy":"post_tag","embeddable":true,"href":"https:\/\/elpajaritonews.com\/index.php?rest_route=%2Fwp%2Fv2%2Ftags&post=58096"}],"curies":[{"name":"wp","href":"https:\/\/api.w.org\/{rel}","templated":true}]}}