{"id":58149,"date":"2024-04-30T21:21:38","date_gmt":"2024-04-30T21:21:38","guid":{"rendered":"https:\/\/elpajaritonews.com\/?p=58149"},"modified":"2024-04-30T21:21:40","modified_gmt":"2024-04-30T21:21:40","slug":"confirman-a-karina-zarate-como-candidata-en-formula-al-distrito-05-en-hermosillo","status":"publish","type":"post","link":"https:\/\/elpajaritonews.com\/?p=58149","title":{"rendered":"CONFIRMAN A KARINA Z\u00c1RATE COMO CANDIDATA EN F\u00d3RMULA AL DISTRITO 05 EN HERMOSILLO."},"content":{"rendered":"\n<p class=\"wp-block-paragraph\">Karina Z\u00e1rate F\u00e9lix fue confirmada por las autoridad electoral&nbsp; como&nbsp; candidata a Diputada Federal Suplente&nbsp; del Distrito 05 con cabecera en Hermosillo, haciendo f\u00f3rmula con Jacobo Mendoza.<\/p>\n\n\n\n<p class=\"wp-block-paragraph\">En el marco de su acuerdo de alianza con los partidos PT y PVEM, Karina Z\u00e1rate estar\u00eda representando la coalici\u00f3n \u00abSigamos Haciendo Historia\u00bb de cara al.proceso electoral del pr\u00f3ximo 2 de Junio.<\/p>\n\n\n\n<p class=\"wp-block-paragraph\">El Consejo General del Instituto Nacional Electoral emiti\u00f3 en fecha reciente&nbsp; la resoluci\u00f3n, luego de recibir el escrito de la Coalici\u00f3n \u00abSigamos Haciendo Historia\u00bb el pasado 5 de abril.<\/p>\n\n\n\n<p class=\"wp-block-paragraph\">De esta manera la f\u00f3rmula de candidatos a diputado federal titular y suplente por el distrito 05 qued\u00f3 completa y registrada en tiempo y forma para ser presentada en las elecciones del 2 de junio pr\u00f3ximo.<\/p>\n\n\n\n<p class=\"wp-block-paragraph\">Al respecto la ahora candidata a diputada federal suplente, Karina Z\u00e1rate se dijo honrada por la oportunidad de seguir sirviendo a Sonora y muy emocionada de participar junto a Jacobo Mendoza en el proceso electoral en marcha.<\/p>\n\n\n\n<p class=\"wp-block-paragraph\">Dijo que asume como propias las posturas del candidato titular y que trabajar\u00e1 de forma decidida para hacer realidad la necesidad de consolidar la \u201cCuarta Transformaci\u00f3n\u201d en M\u00e9xico y en Sonora.<\/p>\n\n\n\n<p class=\"wp-block-paragraph\">\u00abMe entusiasma sumarme de forma oficial a un equipo de trabajo que se enfoca en la transformaci\u00f3n de aquellos que menos tienen, de los grupos m\u00e1s vulnerables quienes siempre han sido mi&nbsp; inspiraci\u00f3n para el servicio p\u00fablico\u00bb enfatiz\u00f3.<\/p>\n","protected":false},"excerpt":{"rendered":"<p>Karina Z\u00e1rate F\u00e9lix fue confirmada por las autoridad electoral&nbsp; como&nbsp; candidata a Diputada Federal Suplente&nbsp; del Distrito 05 con cabecera en Hermosillo, haciendo f\u00f3rmula con Jacobo Mendoza. En el marco de su acuerdo de alianza con los partidos PT y PVEM, Karina Z\u00e1rate estar\u00eda representando la coalici\u00f3n \u00abSigamos Haciendo Historia\u00bb de cara al.proceso electoral del&#8230;<\/p>\n","protected":false},"author":2,"featured_media":58150,"comment_status":"closed","ping_status":"closed","sticky":false,"template":"","format":"standard","meta":{"_crdt_document":"","_exactmetrics_skip_tracking":false,"_exactmetrics_sitenote_active":false,"_exactmetrics_sitenote_note":"","_exactmetrics_sitenote_category":0,"footnotes":""},"categories":[35,26,31,27],"tags":[28,29,30],"class_list":["post-58149","post","type-post","status-publish","format-standard","has-post-thumbnail","hentry","category-elecciones-2024","category-local","category-politica","category-sonora","tag-nogales","tag-nogales-la-gran-frontera","tag-sonora-tierra-de-oportunidades"],"_links":{"self":[{"href":"https:\/\/elpajaritonews.com\/index.php?rest_route=\/wp\/v2\/posts\/58149","targetHints":{"allow":["GET"]}}],"collection":[{"href":"https:\/\/elpajaritonews.com\/index.php?rest_route=\/wp\/v2\/posts"}],"about":[{"href":"https:\/\/elpajaritonews.com\/index.php?rest_route=\/wp\/v2\/types\/post"}],"author":[{"embeddable":true,"href":"https:\/\/elpajaritonews.com\/index.php?rest_route=\/wp\/v2\/users\/2"}],"replies":[{"embeddable":true,"href":"https:\/\/elpajaritonews.com\/index.php?rest_route=%2Fwp%2Fv2%2Fcomments&post=58149"}],"version-history":[{"count":1,"href":"https:\/\/elpajaritonews.com\/index.php?rest_route=\/wp\/v2\/posts\/58149\/revisions"}],"predecessor-version":[{"id":58151,"href":"https:\/\/elpajaritonews.com\/index.php?rest_route=\/wp\/v2\/posts\/58149\/revisions\/58151"}],"wp:featuredmedia":[{"embeddable":true,"href":"https:\/\/elpajaritonews.com\/index.php?rest_route=\/wp\/v2\/media\/58150"}],"wp:attachment":[{"href":"https:\/\/elpajaritonews.com\/index.php?rest_route=%2Fwp%2Fv2%2Fmedia&parent=58149"}],"wp:term":[{"taxonomy":"category","embeddable":true,"href":"https:\/\/elpajaritonews.com\/index.php?rest_route=%2Fwp%2Fv2%2Fcategories&post=58149"},{"taxonomy":"post_tag","embeddable":true,"href":"https:\/\/elpajaritonews.com\/index.php?rest_route=%2Fwp%2Fv2%2Ftags&post=58149"}],"curies":[{"name":"wp","href":"https:\/\/api.w.org\/{rel}","templated":true}]}}