{"id":58170,"date":"2024-04-30T22:34:26","date_gmt":"2024-04-30T22:34:26","guid":{"rendered":"https:\/\/elpajaritonews.com\/?p=58170"},"modified":"2024-04-30T22:34:28","modified_gmt":"2024-04-30T22:34:28","slug":"sere-garante-de-los-derechos-y-educacion-de-la-ninez-en-sonora-dfo","status":"publish","type":"post","link":"https:\/\/elpajaritonews.com\/?p=58170","title":{"rendered":"\u00abSER\u00c9 GARANTE DE LOS DERECHOS Y EDUCACI\u00d3N DE LA NI\u00d1EZ EN SONORA\u00bb: DFO"},"content":{"rendered":"\n<p class=\"wp-block-paragraph\">\u00abComo legislador, ser\u00e9 garante de los derechos y la educaci\u00f3n de la ni\u00f1ez en Sonora\u00bb destac\u00f3 David Figueroa Ortega.<\/p>\n\n\n\n<p class=\"wp-block-paragraph\">En el marco del \u00abD\u00eda del Ni\u00f1o\u00bb, el candidato a Diputado Local por el Distrito 06 Hermosillo, destac\u00f3 que \u00ablas ni\u00f1as, ni\u00f1os y adolescentes, tienen derecho a una vida plena y feliz\u00bb.<\/p>\n\n\n\n<figure class=\"wp-block-image size-large\"><img loading=\"lazy\" decoding=\"async\" width=\"683\" height=\"1024\" src=\"https:\/\/elpajaritonews.com\/wp-content\/uploads\/2024\/04\/3bc1dc78-ec1c-4908-b48c-bed60833f4df-683x1024.jpg\" alt=\"\" class=\"wp-image-58172\" srcset=\"https:\/\/elpajaritonews.com\/wp-content\/uploads\/2024\/04\/3bc1dc78-ec1c-4908-b48c-bed60833f4df-683x1024.jpg 683w, https:\/\/elpajaritonews.com\/wp-content\/uploads\/2024\/04\/3bc1dc78-ec1c-4908-b48c-bed60833f4df-200x300.jpg 200w, https:\/\/elpajaritonews.com\/wp-content\/uploads\/2024\/04\/3bc1dc78-ec1c-4908-b48c-bed60833f4df-768x1152.jpg 768w, https:\/\/elpajaritonews.com\/wp-content\/uploads\/2024\/04\/3bc1dc78-ec1c-4908-b48c-bed60833f4df-1024x1536.jpg 1024w, https:\/\/elpajaritonews.com\/wp-content\/uploads\/2024\/04\/3bc1dc78-ec1c-4908-b48c-bed60833f4df-280x420.jpg 280w, https:\/\/elpajaritonews.com\/wp-content\/uploads\/2024\/04\/3bc1dc78-ec1c-4908-b48c-bed60833f4df-640x960.jpg 640w, https:\/\/elpajaritonews.com\/wp-content\/uploads\/2024\/04\/3bc1dc78-ec1c-4908-b48c-bed60833f4df-681x1022.jpg 681w, https:\/\/elpajaritonews.com\/wp-content\/uploads\/2024\/04\/3bc1dc78-ec1c-4908-b48c-bed60833f4df.jpg 1032w\" sizes=\"auto, (max-width: 683px) 100vw, 683px\" \/><\/figure>\n\n\n\n<p class=\"wp-block-paragraph\">Describi\u00f3 que \u00abnuestra ni\u00f1ez tiene derecho a una familia, un hogar libre de violencia, al acceso a la educaci\u00f3n, a los servicios de salud y al sano esparcimiento en Sonora\u00bb.<\/p>\n\n\n\n<p class=\"wp-block-paragraph\">Hoy, con el objetivo de evitar la deserci\u00f3n escolar, \u00abse deben fortalecer los programas de becas para las ni\u00f1as, ni\u00f1os y adolescentes de Sonora\u00bb.<\/p>\n\n\n\n<p class=\"wp-block-paragraph\">De manera puntual, \u00abbrindar accesibilidad educativa a la ni\u00f1ez y adolescencia con alguna discapacidad\u00bb.<\/p>\n\n\n\n<figure class=\"wp-block-image size-large\"><img loading=\"lazy\" decoding=\"async\" width=\"1024\" height=\"683\" src=\"https:\/\/elpajaritonews.com\/wp-content\/uploads\/2024\/04\/954e7818-2b67-4cf0-93af-8f0496b51d5d-1024x683.jpg\" alt=\"\" class=\"wp-image-58173\" srcset=\"https:\/\/elpajaritonews.com\/wp-content\/uploads\/2024\/04\/954e7818-2b67-4cf0-93af-8f0496b51d5d-1024x683.jpg 1024w, https:\/\/elpajaritonews.com\/wp-content\/uploads\/2024\/04\/954e7818-2b67-4cf0-93af-8f0496b51d5d-300x200.jpg 300w, https:\/\/elpajaritonews.com\/wp-content\/uploads\/2024\/04\/954e7818-2b67-4cf0-93af-8f0496b51d5d-768x512.jpg 768w, https:\/\/elpajaritonews.com\/wp-content\/uploads\/2024\/04\/954e7818-2b67-4cf0-93af-8f0496b51d5d-1536x1024.jpg 1536w, https:\/\/elpajaritonews.com\/wp-content\/uploads\/2024\/04\/954e7818-2b67-4cf0-93af-8f0496b51d5d-630x420.jpg 630w, https:\/\/elpajaritonews.com\/wp-content\/uploads\/2024\/04\/954e7818-2b67-4cf0-93af-8f0496b51d5d-640x427.jpg 640w, https:\/\/elpajaritonews.com\/wp-content\/uploads\/2024\/04\/954e7818-2b67-4cf0-93af-8f0496b51d5d-681x454.jpg 681w, https:\/\/elpajaritonews.com\/wp-content\/uploads\/2024\/04\/954e7818-2b67-4cf0-93af-8f0496b51d5d.jpg 1548w\" sizes=\"auto, (max-width: 1024px) 100vw, 1024px\" \/><\/figure>\n\n\n\n<p class=\"wp-block-paragraph\">Hoy en d\u00eda, \u00abdesafortunadamente en algunos municipios inmersos en el abandono oficial y la marginaci\u00f3n, el trabajo infantil es una realidad que afecta el desarrollo y bienestar f\u00edsico, mental o moral&nbsp; de muchos ni\u00f1os, orillados a desyerbar y arar la tierra en los campos agr\u00edcolas\u00bb.<\/p>\n\n\n\n<p class=\"wp-block-paragraph\">Adem\u00e1s, esta situaci\u00f3n incentiva la deserci\u00f3n escolar ya que las obligaciones impuestas por asuntos econ\u00f3micos los obliga a tomar esa decisi\u00f3n.<\/p>\n\n\n\n<p class=\"wp-block-paragraph\">Resalt\u00f3 que \u00abla Encuesta Nacional de Trabajo Infantil (ENTI) 2022, publicada por el Instituto Nacional de Estad\u00edstica, Geograf\u00eda e Inform\u00e1tica (Inegi), revela que el 10.6 % de los menores sonorenses de 5 a 17 a\u00f1os, se vio en la necesidad de trabajar ese a\u00f1o y ya en el 2023, hab\u00eda 810 mil 201 ni\u00f1as, ni\u00f1os y adolescentes en Sonora\u00bb.<\/p>\n\n\n\n<p class=\"wp-block-paragraph\">Aqu\u00ed los resultados de la Encuesta Nacional de Trabajo Infantil (ENTI) 2022, https:\/\/www.inegi.org.mx\/contenidos\/saladeprensa\/boletines\/2023\/ENTI\/ENTI_23.pdf<\/p>\n\n\n\n<p class=\"wp-block-paragraph\">Figueroa Ortega lament\u00f3 la dif\u00edcil situaci\u00f3n de los menores que ven sus derechos humanos vulnerados, \u00abrebasados por la necesidad de buscar el alimento en el campo, en el comercio y muchas ocasiones en la calle\u00bb.<\/p>\n\n\n\n<p class=\"wp-block-paragraph\">Apunt\u00f3 que como legislador \u00abser\u00e9 garante de los derechos de la ni\u00f1ez en Sonora\u00bb.<\/p>\n\n\n\n<p class=\"wp-block-paragraph\">En todo momento, dijo \u00abobservar\u00e9 la aplicaci\u00f3n y el cumplimiento de la Ley de los Derechos de Ni\u00f1as, Ni\u00f1os y Adolescentes del<\/p>\n\n\n\n<p class=\"wp-block-paragraph\">Estado de Sonora\u00bb.<\/p>\n\n\n\n<p class=\"wp-block-paragraph\">A 11 d\u00edas de iniciar sus pasos al Congreso, Figueroa Ortega activ\u00f3 recorridos en las colonias Reforma Norte, Las Torres y Santa Isabel.<\/p>\n\n\n\n<p class=\"wp-block-paragraph\">Adem\u00e1s, escuch\u00f3 las demandas ciudadanas y llev\u00f3 sus propuestas a la \u00abBenito Ju\u00e1rez\u00bb, Lomas de Madrid y Ley 57.<\/p>\n\n\n\n<p class=\"wp-block-paragraph\">Por la tarde, asisti\u00f3 a una reuni\u00f3n entre amigos en compa\u00f1\u00eda de Mar\u00eda Dolores del R\u00edo S\u00e1nchez, candidata a la Alcald\u00eda de Hermosillo.<\/p>\n\n\n\n<p class=\"wp-block-paragraph\">Llam\u00f3 una vez m\u00e1s al voto razonado el 2 de junio, \u00abpor nuestros ni\u00f1os, j\u00f3venes, adultos mayores, personas con discapacidad y por nuestras familias, lleg\u00f3 la hora de transformar juntos a Sonora\u00bb.<\/p>\n","protected":false},"excerpt":{"rendered":"<p>\u00abComo legislador, ser\u00e9 garante de los derechos y la educaci\u00f3n de la ni\u00f1ez en Sonora\u00bb destac\u00f3 David Figueroa Ortega. En el marco del \u00abD\u00eda del Ni\u00f1o\u00bb, el candidato a Diputado Local por el Distrito 06 Hermosillo, destac\u00f3 que \u00ablas ni\u00f1as, ni\u00f1os y adolescentes, tienen derecho a una vida plena y feliz\u00bb. Describi\u00f3 que \u00abnuestra ni\u00f1ez&#8230;<\/p>\n","protected":false},"author":2,"featured_media":58171,"comment_status":"closed","ping_status":"closed","sticky":false,"template":"","format":"standard","meta":{"_crdt_document":"","_exactmetrics_skip_tracking":false,"_exactmetrics_sitenote_active":false,"_exactmetrics_sitenote_note":"","_exactmetrics_sitenote_category":0,"footnotes":""},"categories":[35,26,31,27],"tags":[28,29,30],"class_list":["post-58170","post","type-post","status-publish","format-standard","has-post-thumbnail","hentry","category-elecciones-2024","category-local","category-politica","category-sonora","tag-nogales","tag-nogales-la-gran-frontera","tag-sonora-tierra-de-oportunidades"],"_links":{"self":[{"href":"https:\/\/elpajaritonews.com\/index.php?rest_route=\/wp\/v2\/posts\/58170","targetHints":{"allow":["GET"]}}],"collection":[{"href":"https:\/\/elpajaritonews.com\/index.php?rest_route=\/wp\/v2\/posts"}],"about":[{"href":"https:\/\/elpajaritonews.com\/index.php?rest_route=\/wp\/v2\/types\/post"}],"author":[{"embeddable":true,"href":"https:\/\/elpajaritonews.com\/index.php?rest_route=\/wp\/v2\/users\/2"}],"replies":[{"embeddable":true,"href":"https:\/\/elpajaritonews.com\/index.php?rest_route=%2Fwp%2Fv2%2Fcomments&post=58170"}],"version-history":[{"count":1,"href":"https:\/\/elpajaritonews.com\/index.php?rest_route=\/wp\/v2\/posts\/58170\/revisions"}],"predecessor-version":[{"id":58174,"href":"https:\/\/elpajaritonews.com\/index.php?rest_route=\/wp\/v2\/posts\/58170\/revisions\/58174"}],"wp:featuredmedia":[{"embeddable":true,"href":"https:\/\/elpajaritonews.com\/index.php?rest_route=\/wp\/v2\/media\/58171"}],"wp:attachment":[{"href":"https:\/\/elpajaritonews.com\/index.php?rest_route=%2Fwp%2Fv2%2Fmedia&parent=58170"}],"wp:term":[{"taxonomy":"category","embeddable":true,"href":"https:\/\/elpajaritonews.com\/index.php?rest_route=%2Fwp%2Fv2%2Fcategories&post=58170"},{"taxonomy":"post_tag","embeddable":true,"href":"https:\/\/elpajaritonews.com\/index.php?rest_route=%2Fwp%2Fv2%2Ftags&post=58170"}],"curies":[{"name":"wp","href":"https:\/\/api.w.org\/{rel}","templated":true}]}}