{"id":58175,"date":"2024-05-01T17:20:47","date_gmt":"2024-05-01T17:20:47","guid":{"rendered":"https:\/\/elpajaritonews.com\/?p=58175"},"modified":"2024-05-01T17:20:48","modified_gmt":"2024-05-01T17:20:48","slug":"modifica-congreso-de-sonora-diversas-leyes-a-favor-de-la-atencion-digna-de-personas-con-discapacidad","status":"publish","type":"post","link":"https:\/\/elpajaritonews.com\/?p=58175","title":{"rendered":"MODIFICA CONGRESO DE SONORA DIVERSAS LEYES A FAVOR DE LA ATENCI\u00d3N DIGNA DE PERSONAS CON DISCAPACIDAD"},"content":{"rendered":"\n<figure class=\"wp-block-image size-full\"><img loading=\"lazy\" decoding=\"async\" width=\"802\" height=\"99\" src=\"https:\/\/elpajaritonews.com\/wp-content\/uploads\/2024\/05\/BANER-marzo.jpg\" alt=\"\" class=\"wp-image-58176\" srcset=\"https:\/\/elpajaritonews.com\/wp-content\/uploads\/2024\/05\/BANER-marzo.jpg 802w, https:\/\/elpajaritonews.com\/wp-content\/uploads\/2024\/05\/BANER-marzo-300x37.jpg 300w, https:\/\/elpajaritonews.com\/wp-content\/uploads\/2024\/05\/BANER-marzo-768x95.jpg 768w, https:\/\/elpajaritonews.com\/wp-content\/uploads\/2024\/05\/BANER-marzo-640x79.jpg 640w, https:\/\/elpajaritonews.com\/wp-content\/uploads\/2024\/05\/BANER-marzo-681x84.jpg 681w\" sizes=\"auto, (max-width: 802px) 100vw, 802px\" \/><\/figure>\n\n\n\n<p class=\"wp-block-paragraph\">Las personas con discapacidad deben ser consideradas como un grupo de atenci\u00f3n prioritaria que sea atendido desde las instancias p\u00fablicas, con medidas espec\u00edficas que acorten o eliminen las brechas de desigualdad, motivo por el cual el Congreso de Sonora aprob\u00f3 reformas a diez normas estatales a favor de quienes tienen una discapacidad.<\/p>\n\n\n\n<p class=\"wp-block-paragraph\">Aprueba Ley de Cunas Vac\u00edas, sobre la muerte de hijas e hijos durante la gestaci\u00f3n o despu\u00e9s de nacidos<\/p>\n\n\n\n<figure class=\"wp-block-image size-large\"><img loading=\"lazy\" decoding=\"async\" width=\"1024\" height=\"682\" src=\"https:\/\/elpajaritonews.com\/wp-content\/uploads\/2024\/05\/919beb5a-4e08-4494-9355-14f7949dacba-1024x682.jpg\" alt=\"\" class=\"wp-image-58178\" srcset=\"https:\/\/elpajaritonews.com\/wp-content\/uploads\/2024\/05\/919beb5a-4e08-4494-9355-14f7949dacba-1024x682.jpg 1024w, https:\/\/elpajaritonews.com\/wp-content\/uploads\/2024\/05\/919beb5a-4e08-4494-9355-14f7949dacba-300x200.jpg 300w, https:\/\/elpajaritonews.com\/wp-content\/uploads\/2024\/05\/919beb5a-4e08-4494-9355-14f7949dacba-768x512.jpg 768w, https:\/\/elpajaritonews.com\/wp-content\/uploads\/2024\/05\/919beb5a-4e08-4494-9355-14f7949dacba-1536x1023.jpg 1536w, https:\/\/elpajaritonews.com\/wp-content\/uploads\/2024\/05\/919beb5a-4e08-4494-9355-14f7949dacba-630x420.jpg 630w, https:\/\/elpajaritonews.com\/wp-content\/uploads\/2024\/05\/919beb5a-4e08-4494-9355-14f7949dacba-640x426.jpg 640w, https:\/\/elpajaritonews.com\/wp-content\/uploads\/2024\/05\/919beb5a-4e08-4494-9355-14f7949dacba-681x454.jpg 681w, https:\/\/elpajaritonews.com\/wp-content\/uploads\/2024\/05\/919beb5a-4e08-4494-9355-14f7949dacba.jpg 1600w\" sizes=\"auto, (max-width: 1024px) 100vw, 1024px\" \/><\/figure>\n\n\n\n<p class=\"wp-block-paragraph\">Las y los diputados coincidieron que la accesibilidad es el eje rector para evitar la vulneraci\u00f3n de derechos y un elemento que contribuye a fortalecer la igualdad de oportunidades, de acuerdo al dictamen presentado por la Comisi\u00f3n de Atenci\u00f3n a Grupos Vulnerables de la Sociedad.<\/p>\n\n\n\n<p class=\"wp-block-paragraph\">En la \u00faltima sesi\u00f3n del segundo periodo ordinario, el Pleno aprob\u00f3 la modificaci\u00f3n de las leyes de Inclusi\u00f3n y Desarrollo de las Personas con Discapacidad o en Situaci\u00f3n de Discapacidad; Defensor\u00eda P\u00fablica; Atenci\u00f3n a V\u00edctimas; Org\u00e1nica de la Fiscal\u00eda General de Justicia; Org\u00e1nica del Poder Judicial del Estado; Salud; Educaci\u00f3n; Turismo; Cultura F\u00edsica y Deporte; y Fomento de la Cultura y Protecci\u00f3n del Patrimonio Cultural.<\/p>\n\n\n\n<p class=\"wp-block-paragraph\">En esta ordinaria se aprob\u00f3 un Decreto que reforma la Ley de Salud y la Ley del Servicio Civil, al que se denomin\u00f3 \u201cLey de Cunas Vac\u00edas\u201d, con el fin de crear protocolos que ofrezcan apoyo y atenci\u00f3n integral y digna a padres y madres que experimentan la p\u00e9rdida de una hija o hijo durante la gestaci\u00f3n o despu\u00e9s de nacidos, de manera que no experimenten este proceso en la soledad y la incomprensi\u00f3n.<\/p>\n\n\n\n<p class=\"wp-block-paragraph\">Las propuestas impulsadas por integrantes de la Comisi\u00f3n de Salud y socializadas en Parlamento Abierto, con el acompa\u00f1amiento de la asociaci\u00f3n civil \u201cPadres en el Cielo\u201d, obligan a las instituciones de salud a formar y capacitar al profesional m\u00e9dico para enfrentar con sensibilidad estas situaciones, as\u00ed como poner a disposici\u00f3n de mujeres y sus familias un espacio que brinde privacidad y permita el acompa\u00f1amiento en los momentos de luto, mientras que en el aspecto laboral se les ofrece el derecho a diez semanas de descanso.<\/p>\n\n\n\n<p class=\"wp-block-paragraph\">En el siguiente punto del orden del d\u00eda, el Pleno aprob\u00f3 el Decreto que declara el 14 de noviembre de cada a\u00f1o como \u201cD\u00eda Estatal de las y los Profesionales Inmobiliarios\u201d, dictamen presentado por la Comisi\u00f3n de Vivienda, que consider\u00f3 la importancia de reconocer la labor de acompa\u00f1amiento que desempe\u00f1an quienes se dedican a esta actividad con los clientes que desean adquirir un bien inmueble, as\u00ed como el papel de la Asociaci\u00f3n Mexicana de Profesionales Inmobiliarios, A.C. en sus 68 a\u00f1os de su existencia.<\/p>\n\n\n\n<p class=\"wp-block-paragraph\">Adicionalmente se presentaron tres posicionamientos: en relaci\u00f3n al trabajo legislativo desarrollado en la 63 Legislatura, sobre el Poder Legislativo y su papel en el proceso electoral en Sonora, y respecto de los trabajos realizados en favor de los sonorenses en esta Soberan\u00eda.<\/p>\n\n\n\n<p class=\"wp-block-paragraph\">Posteriormente se aprob\u00f3 el decreto que clausura el segundo periodo de sesiones ordinarias conforme a la Constituci\u00f3n local y la Ley Org\u00e1nica del Poder Legislativo, correspondiente al segundo a\u00f1o de ejercicio constitucional, y se enton\u00f3 el Himno Nacional.<\/p>\n","protected":false},"excerpt":{"rendered":"<p>Las personas con discapacidad deben ser consideradas como un grupo de atenci\u00f3n prioritaria que sea atendido desde las instancias p\u00fablicas, con medidas espec\u00edficas que acorten o eliminen las brechas de desigualdad, motivo por el cual el Congreso de Sonora aprob\u00f3 reformas a diez normas estatales a favor de quienes tienen una discapacidad. Aprueba Ley de&#8230;<\/p>\n","protected":false},"author":2,"featured_media":58177,"comment_status":"closed","ping_status":"closed","sticky":false,"template":"","format":"standard","meta":{"_crdt_document":"","_exactmetrics_skip_tracking":false,"_exactmetrics_sitenote_active":false,"_exactmetrics_sitenote_note":"","_exactmetrics_sitenote_category":0,"footnotes":""},"categories":[20,26,31,27],"tags":[28,29,30],"class_list":["post-58175","post","type-post","status-publish","format-standard","has-post-thumbnail","hentry","category-congreso","category-local","category-politica","category-sonora","tag-nogales","tag-nogales-la-gran-frontera","tag-sonora-tierra-de-oportunidades"],"_links":{"self":[{"href":"https:\/\/elpajaritonews.com\/index.php?rest_route=\/wp\/v2\/posts\/58175","targetHints":{"allow":["GET"]}}],"collection":[{"href":"https:\/\/elpajaritonews.com\/index.php?rest_route=\/wp\/v2\/posts"}],"about":[{"href":"https:\/\/elpajaritonews.com\/index.php?rest_route=\/wp\/v2\/types\/post"}],"author":[{"embeddable":true,"href":"https:\/\/elpajaritonews.com\/index.php?rest_route=\/wp\/v2\/users\/2"}],"replies":[{"embeddable":true,"href":"https:\/\/elpajaritonews.com\/index.php?rest_route=%2Fwp%2Fv2%2Fcomments&post=58175"}],"version-history":[{"count":1,"href":"https:\/\/elpajaritonews.com\/index.php?rest_route=\/wp\/v2\/posts\/58175\/revisions"}],"predecessor-version":[{"id":58179,"href":"https:\/\/elpajaritonews.com\/index.php?rest_route=\/wp\/v2\/posts\/58175\/revisions\/58179"}],"wp:featuredmedia":[{"embeddable":true,"href":"https:\/\/elpajaritonews.com\/index.php?rest_route=\/wp\/v2\/media\/58177"}],"wp:attachment":[{"href":"https:\/\/elpajaritonews.com\/index.php?rest_route=%2Fwp%2Fv2%2Fmedia&parent=58175"}],"wp:term":[{"taxonomy":"category","embeddable":true,"href":"https:\/\/elpajaritonews.com\/index.php?rest_route=%2Fwp%2Fv2%2Fcategories&post=58175"},{"taxonomy":"post_tag","embeddable":true,"href":"https:\/\/elpajaritonews.com\/index.php?rest_route=%2Fwp%2Fv2%2Ftags&post=58175"}],"curies":[{"name":"wp","href":"https:\/\/api.w.org\/{rel}","templated":true}]}}