{"id":58183,"date":"2024-05-01T23:28:38","date_gmt":"2024-05-01T23:28:38","guid":{"rendered":"https:\/\/elpajaritonews.com\/?p=58183"},"modified":"2024-05-01T23:28:40","modified_gmt":"2024-05-01T23:28:40","slug":"preside-gobernador-desfile-por-el-dia-del-trabajo","status":"publish","type":"post","link":"https:\/\/elpajaritonews.com\/?p=58183","title":{"rendered":"PRESIDE GOBERNADOR DESFILE POR EL D\u00cdA DEL TRABAJO"},"content":{"rendered":"\n<p class=\"wp-block-paragraph\">El mandatario estatal escuch\u00f3 y atendi\u00f3 las demandas de los trabajadores y trabajadores sonorenses<\/p>\n\n\n\n<figure class=\"wp-block-image size-large\"><img loading=\"lazy\" decoding=\"async\" width=\"1024\" height=\"682\" src=\"https:\/\/elpajaritonews.com\/wp-content\/uploads\/2024\/05\/2f635105-75da-454a-b6c8-74eab8c1a24e-1024x682.jpg\" alt=\"\" class=\"wp-image-58185\" srcset=\"https:\/\/elpajaritonews.com\/wp-content\/uploads\/2024\/05\/2f635105-75da-454a-b6c8-74eab8c1a24e-1024x682.jpg 1024w, https:\/\/elpajaritonews.com\/wp-content\/uploads\/2024\/05\/2f635105-75da-454a-b6c8-74eab8c1a24e-300x200.jpg 300w, https:\/\/elpajaritonews.com\/wp-content\/uploads\/2024\/05\/2f635105-75da-454a-b6c8-74eab8c1a24e-768x512.jpg 768w, https:\/\/elpajaritonews.com\/wp-content\/uploads\/2024\/05\/2f635105-75da-454a-b6c8-74eab8c1a24e-630x420.jpg 630w, https:\/\/elpajaritonews.com\/wp-content\/uploads\/2024\/05\/2f635105-75da-454a-b6c8-74eab8c1a24e-640x427.jpg 640w, https:\/\/elpajaritonews.com\/wp-content\/uploads\/2024\/05\/2f635105-75da-454a-b6c8-74eab8c1a24e-681x454.jpg 681w, https:\/\/elpajaritonews.com\/wp-content\/uploads\/2024\/05\/2f635105-75da-454a-b6c8-74eab8c1a24e.jpg 1280w\" sizes=\"auto, (max-width: 1024px) 100vw, 1024px\" \/><\/figure>\n\n\n\n<p class=\"wp-block-paragraph\">Ratificando el derecho de las y los trabajadores sonorenses a que tengan mejores condiciones laborales, el gobernador Alfonso Durazo Monta\u00f1o, atendi\u00f3 las demandas de afiliados a los distintos sindicatos en el Desfile por el D\u00eda del Trabajo.<\/p>\n\n\n\n<p class=\"wp-block-paragraph\">Los 24 contingentes que desfilaron agradecieron logros laborales en apoyo de la autoridad estatal, adem\u00e1s de realizar solicitudes de mejoras por parte del contingente integrado por l\u00edderes y trabajadores activos y jubilados de sindicatos en la entidad.<\/p>\n\n\n\n<figure class=\"wp-block-image size-large\"><img loading=\"lazy\" decoding=\"async\" width=\"1024\" height=\"682\" src=\"https:\/\/elpajaritonews.com\/wp-content\/uploads\/2024\/05\/3559a8c6-4cef-4161-bc15-46e5e100579a-1024x682.jpg\" alt=\"\" class=\"wp-image-58186\" srcset=\"https:\/\/elpajaritonews.com\/wp-content\/uploads\/2024\/05\/3559a8c6-4cef-4161-bc15-46e5e100579a-1024x682.jpg 1024w, https:\/\/elpajaritonews.com\/wp-content\/uploads\/2024\/05\/3559a8c6-4cef-4161-bc15-46e5e100579a-300x200.jpg 300w, https:\/\/elpajaritonews.com\/wp-content\/uploads\/2024\/05\/3559a8c6-4cef-4161-bc15-46e5e100579a-768x512.jpg 768w, https:\/\/elpajaritonews.com\/wp-content\/uploads\/2024\/05\/3559a8c6-4cef-4161-bc15-46e5e100579a-630x420.jpg 630w, https:\/\/elpajaritonews.com\/wp-content\/uploads\/2024\/05\/3559a8c6-4cef-4161-bc15-46e5e100579a-640x427.jpg 640w, https:\/\/elpajaritonews.com\/wp-content\/uploads\/2024\/05\/3559a8c6-4cef-4161-bc15-46e5e100579a-681x454.jpg 681w, https:\/\/elpajaritonews.com\/wp-content\/uploads\/2024\/05\/3559a8c6-4cef-4161-bc15-46e5e100579a.jpg 1280w\" sizes=\"auto, (max-width: 1024px) 100vw, 1024px\" \/><\/figure>\n\n\n\n<p class=\"wp-block-paragraph\">El gobernador Durazo Monta\u00f1o, ante m\u00e1s de 30 mil trabajadores reiter\u00f3 el compromiso que tiene con las y los sonorenses para avanzar en la mejora de la condici\u00f3n de las y los trabajadores y de continuar al frente de un gobierno sensible que atienda las demandas en el sentido que las y los trabajadores planteen.<\/p>\n","protected":false},"excerpt":{"rendered":"<p>El mandatario estatal escuch\u00f3 y atendi\u00f3 las demandas de los trabajadores y trabajadores sonorenses Ratificando el derecho de las y los trabajadores sonorenses a que tengan mejores condiciones laborales, el gobernador Alfonso Durazo Monta\u00f1o, atendi\u00f3 las demandas de afiliados a los distintos sindicatos en el Desfile por el D\u00eda del Trabajo. Los 24 contingentes que&#8230;<\/p>\n","protected":false},"author":2,"featured_media":58184,"comment_status":"closed","ping_status":"closed","sticky":false,"template":"","format":"standard","meta":{"_crdt_document":"","_exactmetrics_skip_tracking":false,"_exactmetrics_sitenote_active":false,"_exactmetrics_sitenote_note":"","_exactmetrics_sitenote_category":0,"footnotes":""},"categories":[31,27],"tags":[28,29,30],"class_list":["post-58183","post","type-post","status-publish","format-standard","has-post-thumbnail","hentry","category-politica","category-sonora","tag-nogales","tag-nogales-la-gran-frontera","tag-sonora-tierra-de-oportunidades"],"_links":{"self":[{"href":"https:\/\/elpajaritonews.com\/index.php?rest_route=\/wp\/v2\/posts\/58183","targetHints":{"allow":["GET"]}}],"collection":[{"href":"https:\/\/elpajaritonews.com\/index.php?rest_route=\/wp\/v2\/posts"}],"about":[{"href":"https:\/\/elpajaritonews.com\/index.php?rest_route=\/wp\/v2\/types\/post"}],"author":[{"embeddable":true,"href":"https:\/\/elpajaritonews.com\/index.php?rest_route=\/wp\/v2\/users\/2"}],"replies":[{"embeddable":true,"href":"https:\/\/elpajaritonews.com\/index.php?rest_route=%2Fwp%2Fv2%2Fcomments&post=58183"}],"version-history":[{"count":1,"href":"https:\/\/elpajaritonews.com\/index.php?rest_route=\/wp\/v2\/posts\/58183\/revisions"}],"predecessor-version":[{"id":58187,"href":"https:\/\/elpajaritonews.com\/index.php?rest_route=\/wp\/v2\/posts\/58183\/revisions\/58187"}],"wp:featuredmedia":[{"embeddable":true,"href":"https:\/\/elpajaritonews.com\/index.php?rest_route=\/wp\/v2\/media\/58184"}],"wp:attachment":[{"href":"https:\/\/elpajaritonews.com\/index.php?rest_route=%2Fwp%2Fv2%2Fmedia&parent=58183"}],"wp:term":[{"taxonomy":"category","embeddable":true,"href":"https:\/\/elpajaritonews.com\/index.php?rest_route=%2Fwp%2Fv2%2Fcategories&post=58183"},{"taxonomy":"post_tag","embeddable":true,"href":"https:\/\/elpajaritonews.com\/index.php?rest_route=%2Fwp%2Fv2%2Ftags&post=58183"}],"curies":[{"name":"wp","href":"https:\/\/api.w.org\/{rel}","templated":true}]}}