{"id":58188,"date":"2024-05-01T23:49:49","date_gmt":"2024-05-01T23:49:49","guid":{"rendered":"https:\/\/elpajaritonews.com\/?p=58188"},"modified":"2024-05-01T23:49:51","modified_gmt":"2024-05-01T23:49:51","slug":"mi-gobierno-garantizara-que-todo-el-esfuerzo-de-los-trabajadores-regrese-en-beneficio-para-ellos-no-para-unos-cuantos-maria-dolores-del-rio","status":"publish","type":"post","link":"https:\/\/elpajaritonews.com\/?p=58188","title":{"rendered":"MI GOBIERNO GARANTIZAR\u00c1 QUE TODO EL ESFUERZO DE LOS TRABAJADORES REGRESE EN BENEFICIO PARA ELLOS, NO PARA UNOS CUANTOS: MAR\u00cdA DOLORES DEL R\u00cdO"},"content":{"rendered":"\n<p class=\"wp-block-paragraph\">Mar\u00eda Dolores del R\u00edo, candidata a la alcald\u00eda de Hermosillo por MORENA, extendi\u00f3 su compromiso ante los trabajadores pertenecientes a la Confederaci\u00f3n de Trabajadores de M\u00e9xico (CTM), exponiendo tres compromisos de gobierno encaminados al sector laboral de Hermosillo.<\/p>\n\n\n\n<figure class=\"wp-block-image size-large\"><img loading=\"lazy\" decoding=\"async\" width=\"1024\" height=\"576\" src=\"https:\/\/elpajaritonews.com\/wp-content\/uploads\/2024\/05\/3e1729b3-579b-4bd0-8fdd-2f863a30ad79-1024x576.jpg\" alt=\"\" class=\"wp-image-58190\" srcset=\"https:\/\/elpajaritonews.com\/wp-content\/uploads\/2024\/05\/3e1729b3-579b-4bd0-8fdd-2f863a30ad79-1024x576.jpg 1024w, https:\/\/elpajaritonews.com\/wp-content\/uploads\/2024\/05\/3e1729b3-579b-4bd0-8fdd-2f863a30ad79-300x169.jpg 300w, https:\/\/elpajaritonews.com\/wp-content\/uploads\/2024\/05\/3e1729b3-579b-4bd0-8fdd-2f863a30ad79-768x432.jpg 768w, https:\/\/elpajaritonews.com\/wp-content\/uploads\/2024\/05\/3e1729b3-579b-4bd0-8fdd-2f863a30ad79-747x420.jpg 747w, https:\/\/elpajaritonews.com\/wp-content\/uploads\/2024\/05\/3e1729b3-579b-4bd0-8fdd-2f863a30ad79-640x360.jpg 640w, https:\/\/elpajaritonews.com\/wp-content\/uploads\/2024\/05\/3e1729b3-579b-4bd0-8fdd-2f863a30ad79-681x383.jpg 681w, https:\/\/elpajaritonews.com\/wp-content\/uploads\/2024\/05\/3e1729b3-579b-4bd0-8fdd-2f863a30ad79.jpg 1290w\" sizes=\"auto, (max-width: 1024px) 100vw, 1024px\" \/><\/figure>\n\n\n\n<p class=\"wp-block-paragraph\">Como primer compromiso, mencion\u00f3 que se gestionar\u00e1 vivienda digna para las y los trabajadores a trav\u00e9s de colaboraci\u00f3n con el gobierno federal y estatal.<\/p>\n\n\n\n<p class=\"wp-block-paragraph\">\u201cEn sus barrios, en sus colonias, estar\u00e1n los servicios que la gente requiera y recuperaremos las guarder\u00edas que construimos hace 20 a\u00f1os, en la colonia Olivos, Caf\u00e9 Combate, Minitas y Solidaridad\u201d agreg\u00f3, Del R\u00edo como parte de su segundo compromiso.<\/p>\n\n\n\n<p class=\"wp-block-paragraph\">La abanderada de la candidatura com\u00fan Sigamos Haciendo Historia en Sonora mencion\u00f3 que la recuperaci\u00f3n de las guarder\u00edas \u201cser\u00e1 para que las madres jefas de familia puedan tener un lugar digno donde dejar a sus hijos mientras trabajan\u201d.<\/p>\n\n\n\n<figure class=\"wp-block-image size-large\"><img loading=\"lazy\" decoding=\"async\" width=\"1024\" height=\"682\" src=\"https:\/\/elpajaritonews.com\/wp-content\/uploads\/2024\/05\/a1b7e057-5de8-40aa-8ba6-1eb23af2f3d2-1024x682.jpg\" alt=\"\" class=\"wp-image-58191\" srcset=\"https:\/\/elpajaritonews.com\/wp-content\/uploads\/2024\/05\/a1b7e057-5de8-40aa-8ba6-1eb23af2f3d2-1024x682.jpg 1024w, https:\/\/elpajaritonews.com\/wp-content\/uploads\/2024\/05\/a1b7e057-5de8-40aa-8ba6-1eb23af2f3d2-300x200.jpg 300w, https:\/\/elpajaritonews.com\/wp-content\/uploads\/2024\/05\/a1b7e057-5de8-40aa-8ba6-1eb23af2f3d2-768x512.jpg 768w, https:\/\/elpajaritonews.com\/wp-content\/uploads\/2024\/05\/a1b7e057-5de8-40aa-8ba6-1eb23af2f3d2-630x420.jpg 630w, https:\/\/elpajaritonews.com\/wp-content\/uploads\/2024\/05\/a1b7e057-5de8-40aa-8ba6-1eb23af2f3d2-640x427.jpg 640w, https:\/\/elpajaritonews.com\/wp-content\/uploads\/2024\/05\/a1b7e057-5de8-40aa-8ba6-1eb23af2f3d2-681x454.jpg 681w, https:\/\/elpajaritonews.com\/wp-content\/uploads\/2024\/05\/a1b7e057-5de8-40aa-8ba6-1eb23af2f3d2.jpg 1280w\" sizes=\"auto, (max-width: 1024px) 100vw, 1024px\" \/><\/figure>\n\n\n\n<p class=\"wp-block-paragraph\">El tercer compromiso fue que las puertas del ayuntamiento siempre estar\u00e1n abiertas para las y los ciudadanos.<\/p>\n\n\n\n<p class=\"wp-block-paragraph\">\u201cGarantizar\u00e9 que los hermosillenses puedan tener reuniones directas con los funcionarios para compartir sus problemas y quejas a trav\u00e9s del Mi\u00e9rcoles de la Gente\u201d.<\/p>\n\n\n\n<figure class=\"wp-block-image size-large\"><img loading=\"lazy\" decoding=\"async\" width=\"1024\" height=\"579\" src=\"https:\/\/elpajaritonews.com\/wp-content\/uploads\/2024\/05\/f006c4dd-2b3b-45cb-a1dc-3f776d571583-1024x579.jpg\" alt=\"\" class=\"wp-image-58192\" srcset=\"https:\/\/elpajaritonews.com\/wp-content\/uploads\/2024\/05\/f006c4dd-2b3b-45cb-a1dc-3f776d571583-1024x579.jpg 1024w, https:\/\/elpajaritonews.com\/wp-content\/uploads\/2024\/05\/f006c4dd-2b3b-45cb-a1dc-3f776d571583-300x170.jpg 300w, https:\/\/elpajaritonews.com\/wp-content\/uploads\/2024\/05\/f006c4dd-2b3b-45cb-a1dc-3f776d571583-768x434.jpg 768w, https:\/\/elpajaritonews.com\/wp-content\/uploads\/2024\/05\/f006c4dd-2b3b-45cb-a1dc-3f776d571583-1536x868.jpg 1536w, https:\/\/elpajaritonews.com\/wp-content\/uploads\/2024\/05\/f006c4dd-2b3b-45cb-a1dc-3f776d571583-743x420.jpg 743w, https:\/\/elpajaritonews.com\/wp-content\/uploads\/2024\/05\/f006c4dd-2b3b-45cb-a1dc-3f776d571583-640x362.jpg 640w, https:\/\/elpajaritonews.com\/wp-content\/uploads\/2024\/05\/f006c4dd-2b3b-45cb-a1dc-3f776d571583-681x385.jpg 681w, https:\/\/elpajaritonews.com\/wp-content\/uploads\/2024\/05\/f006c4dd-2b3b-45cb-a1dc-3f776d571583.jpg 1600w\" sizes=\"auto, (max-width: 1024px) 100vw, 1024px\" \/><\/figure>\n\n\n\n<p class=\"wp-block-paragraph\">Para finalizar, record\u00f3 a los agremiados que \u201cEstas elecciones se definen entre dos visiones, la del PRI que ha quitado la dignidad a los obreros y los jubilados; y la nuestra, la de la transformaci\u00f3n que pone en el centro a los trabajadores y sus derechos\u201d.<\/p>\n","protected":false},"excerpt":{"rendered":"<p>Mar\u00eda Dolores del R\u00edo, candidata a la alcald\u00eda de Hermosillo por MORENA, extendi\u00f3 su compromiso ante los trabajadores pertenecientes a la Confederaci\u00f3n de Trabajadores de M\u00e9xico (CTM), exponiendo tres compromisos de gobierno encaminados al sector laboral de Hermosillo. Como primer compromiso, mencion\u00f3 que se gestionar\u00e1 vivienda digna para las y los trabajadores a trav\u00e9s de&#8230;<\/p>\n","protected":false},"author":2,"featured_media":58189,"comment_status":"closed","ping_status":"closed","sticky":false,"template":"","format":"standard","meta":{"_crdt_document":"","_exactmetrics_skip_tracking":false,"_exactmetrics_sitenote_active":false,"_exactmetrics_sitenote_note":"","_exactmetrics_sitenote_category":0,"footnotes":""},"categories":[35,26,31,27],"tags":[29,30],"class_list":["post-58188","post","type-post","status-publish","format-standard","has-post-thumbnail","hentry","category-elecciones-2024","category-local","category-politica","category-sonora","tag-nogales-la-gran-frontera","tag-sonora-tierra-de-oportunidades"],"_links":{"self":[{"href":"https:\/\/elpajaritonews.com\/index.php?rest_route=\/wp\/v2\/posts\/58188","targetHints":{"allow":["GET"]}}],"collection":[{"href":"https:\/\/elpajaritonews.com\/index.php?rest_route=\/wp\/v2\/posts"}],"about":[{"href":"https:\/\/elpajaritonews.com\/index.php?rest_route=\/wp\/v2\/types\/post"}],"author":[{"embeddable":true,"href":"https:\/\/elpajaritonews.com\/index.php?rest_route=\/wp\/v2\/users\/2"}],"replies":[{"embeddable":true,"href":"https:\/\/elpajaritonews.com\/index.php?rest_route=%2Fwp%2Fv2%2Fcomments&post=58188"}],"version-history":[{"count":1,"href":"https:\/\/elpajaritonews.com\/index.php?rest_route=\/wp\/v2\/posts\/58188\/revisions"}],"predecessor-version":[{"id":58193,"href":"https:\/\/elpajaritonews.com\/index.php?rest_route=\/wp\/v2\/posts\/58188\/revisions\/58193"}],"wp:featuredmedia":[{"embeddable":true,"href":"https:\/\/elpajaritonews.com\/index.php?rest_route=\/wp\/v2\/media\/58189"}],"wp:attachment":[{"href":"https:\/\/elpajaritonews.com\/index.php?rest_route=%2Fwp%2Fv2%2Fmedia&parent=58188"}],"wp:term":[{"taxonomy":"category","embeddable":true,"href":"https:\/\/elpajaritonews.com\/index.php?rest_route=%2Fwp%2Fv2%2Fcategories&post=58188"},{"taxonomy":"post_tag","embeddable":true,"href":"https:\/\/elpajaritonews.com\/index.php?rest_route=%2Fwp%2Fv2%2Ftags&post=58188"}],"curies":[{"name":"wp","href":"https:\/\/api.w.org\/{rel}","templated":true}]}}