{"id":58272,"date":"2024-05-04T01:48:05","date_gmt":"2024-05-04T01:48:05","guid":{"rendered":"https:\/\/elpajaritonews.com\/?p=58272"},"modified":"2024-05-04T01:48:07","modified_gmt":"2024-05-04T01:48:07","slug":"sonora-continua-confiando-en-la-4t-asegura-ramon-flores","status":"publish","type":"post","link":"https:\/\/elpajaritonews.com\/?p=58272","title":{"rendered":"SONORA CONTIN\u00daA CONFIANDO EN LA 4T, ASEGURA RAM\u00d3N FLORES"},"content":{"rendered":"\n<p class=\"wp-block-paragraph\">La principal expresi\u00f3n de la gente de los municipios que ha recorrido del distrito 04 federal, es la confianza que le tienen a los gobiernos de la Cuarta Transformaci\u00f3n, al demostrarles que est\u00e1n cercas del ciudadano, al mejorar su entorno en: lo educativo, mayor inversi\u00f3n a la infraestructura, impulso al desarrollo econ\u00f3mico, pero principalmente en la salud; precis\u00f3 el candidato a diputado federal por la coalici\u00f3n Sigamos Haciendo Historia, Ram\u00f3n Flores.<\/p>\n\n\n\n<figure class=\"wp-block-image size-full\"><img loading=\"lazy\" decoding=\"async\" width=\"960\" height=\"641\" src=\"https:\/\/elpajaritonews.com\/wp-content\/uploads\/2024\/05\/ebb4f198-1a2d-4881-b7e3-0e71f8aee6ec.jpg\" alt=\"\" class=\"wp-image-58274\" srcset=\"https:\/\/elpajaritonews.com\/wp-content\/uploads\/2024\/05\/ebb4f198-1a2d-4881-b7e3-0e71f8aee6ec.jpg 960w, https:\/\/elpajaritonews.com\/wp-content\/uploads\/2024\/05\/ebb4f198-1a2d-4881-b7e3-0e71f8aee6ec-300x200.jpg 300w, https:\/\/elpajaritonews.com\/wp-content\/uploads\/2024\/05\/ebb4f198-1a2d-4881-b7e3-0e71f8aee6ec-768x513.jpg 768w, https:\/\/elpajaritonews.com\/wp-content\/uploads\/2024\/05\/ebb4f198-1a2d-4881-b7e3-0e71f8aee6ec-629x420.jpg 629w, https:\/\/elpajaritonews.com\/wp-content\/uploads\/2024\/05\/ebb4f198-1a2d-4881-b7e3-0e71f8aee6ec-537x360.jpg 537w, https:\/\/elpajaritonews.com\/wp-content\/uploads\/2024\/05\/ebb4f198-1a2d-4881-b7e3-0e71f8aee6ec-640x427.jpg 640w, https:\/\/elpajaritonews.com\/wp-content\/uploads\/2024\/05\/ebb4f198-1a2d-4881-b7e3-0e71f8aee6ec-681x455.jpg 681w\" sizes=\"auto, (max-width: 960px) 100vw, 960px\" \/><\/figure>\n\n\n\n<p class=\"wp-block-paragraph\">Dijo que para que contin\u00fae el crecimiento del pa\u00eds, es importante llegar al Congreso de la Uni\u00f3n para impulsar las 20 reformas enviadas por el presidente Andr\u00e9s Manuel L\u00f3pez Obrador, mismas que no pudieron salir en este periodo ordinario, ante la falta de voluntad de la oposici\u00f3n el PRIAN.<\/p>\n\n\n\n<p class=\"wp-block-paragraph\">\u201cUna de las m\u00e1s importantes es el reconocimiento a los pueblos ind\u00edgenas, como sujetos de derecho p\u00fablico. Para darles atenci\u00f3n especial, al ser los habitantes m\u00e1s olvidados por los gobiernos neoliberales, pero en la Cuarta Transformaci\u00f3n, se trabaja para mejorar la calidad de vida de los ind\u00edgenas y del ciudadano, de ah\u00ed la confianza a la 4T\u201d, mencion\u00f3 el candidato petista.<\/p>\n\n\n\n<figure class=\"wp-block-image size-full\"><img loading=\"lazy\" decoding=\"async\" width=\"720\" height=\"960\" src=\"https:\/\/elpajaritonews.com\/wp-content\/uploads\/2024\/05\/e58e5bfb-99ac-4799-9d3b-5d24e2aa74ac.jpg\" alt=\"\" class=\"wp-image-58275\" srcset=\"https:\/\/elpajaritonews.com\/wp-content\/uploads\/2024\/05\/e58e5bfb-99ac-4799-9d3b-5d24e2aa74ac.jpg 720w, https:\/\/elpajaritonews.com\/wp-content\/uploads\/2024\/05\/e58e5bfb-99ac-4799-9d3b-5d24e2aa74ac-225x300.jpg 225w, https:\/\/elpajaritonews.com\/wp-content\/uploads\/2024\/05\/e58e5bfb-99ac-4799-9d3b-5d24e2aa74ac-315x420.jpg 315w, https:\/\/elpajaritonews.com\/wp-content\/uploads\/2024\/05\/e58e5bfb-99ac-4799-9d3b-5d24e2aa74ac-640x853.jpg 640w, https:\/\/elpajaritonews.com\/wp-content\/uploads\/2024\/05\/e58e5bfb-99ac-4799-9d3b-5d24e2aa74ac-681x908.jpg 681w\" sizes=\"auto, (max-width: 720px) 100vw, 720px\" \/><\/figure>\n\n\n\n<p class=\"wp-block-paragraph\">Agreg\u00f3 que otras de la reformas pendientes son las becas a estudiantes de familias pobres en todos los niveles escolares, \u201cen Sonora con el esfuerzo del gobernador Alfonso Durazo Monta\u00f1o se ha logrado este apoyo, pero no es suficiente, debemos legislar para que incremente y quede en la constituci\u00f3n mexicana como un derecho\u201d.<\/p>\n\n\n\n<figure class=\"wp-block-image size-full\"><img loading=\"lazy\" decoding=\"async\" width=\"960\" height=\"641\" src=\"https:\/\/elpajaritonews.com\/wp-content\/uploads\/2024\/05\/73166b20-2a08-4cbf-b95c-42ec5e10d47d.jpg\" alt=\"\" class=\"wp-image-58276\" srcset=\"https:\/\/elpajaritonews.com\/wp-content\/uploads\/2024\/05\/73166b20-2a08-4cbf-b95c-42ec5e10d47d.jpg 960w, https:\/\/elpajaritonews.com\/wp-content\/uploads\/2024\/05\/73166b20-2a08-4cbf-b95c-42ec5e10d47d-300x200.jpg 300w, https:\/\/elpajaritonews.com\/wp-content\/uploads\/2024\/05\/73166b20-2a08-4cbf-b95c-42ec5e10d47d-768x513.jpg 768w, https:\/\/elpajaritonews.com\/wp-content\/uploads\/2024\/05\/73166b20-2a08-4cbf-b95c-42ec5e10d47d-629x420.jpg 629w, https:\/\/elpajaritonews.com\/wp-content\/uploads\/2024\/05\/73166b20-2a08-4cbf-b95c-42ec5e10d47d-537x360.jpg 537w, https:\/\/elpajaritonews.com\/wp-content\/uploads\/2024\/05\/73166b20-2a08-4cbf-b95c-42ec5e10d47d-640x427.jpg 640w, https:\/\/elpajaritonews.com\/wp-content\/uploads\/2024\/05\/73166b20-2a08-4cbf-b95c-42ec5e10d47d-681x455.jpg 681w\" sizes=\"auto, (max-width: 960px) 100vw, 960px\" \/><\/figure>\n\n\n\n<p class=\"wp-block-paragraph\">El candidato Ram\u00f3n Flores en compa\u00f1\u00eda de los aspirantes al Senado y a diputado local, Celida L\u00f3pez y Froyl\u00e1n G\u00e1mez, as\u00ed como a Sebasti\u00e1n Ordu\u00f1o, sostuvieron encuentros con pescadores y con j\u00f3venes guaymenses, a quienes les compartieron el proyecto de naci\u00f3n que se encuentran impulsando junto a la doctora Claudia Sheinbaum, la pr\u00f3xima presidenta de M\u00e9xico.<\/p>\n","protected":false},"excerpt":{"rendered":"<p>La principal expresi\u00f3n de la gente de los municipios que ha recorrido del distrito 04 federal, es la confianza que le tienen a los gobiernos de la Cuarta Transformaci\u00f3n, al demostrarles que est\u00e1n cercas del ciudadano, al mejorar su entorno en: lo educativo, mayor inversi\u00f3n a la infraestructura, impulso al desarrollo econ\u00f3mico, pero principalmente en&#8230;<\/p>\n","protected":false},"author":2,"featured_media":58273,"comment_status":"closed","ping_status":"closed","sticky":false,"template":"","format":"standard","meta":{"_crdt_document":"","_exactmetrics_skip_tracking":false,"_exactmetrics_sitenote_active":false,"_exactmetrics_sitenote_note":"","_exactmetrics_sitenote_category":0,"footnotes":""},"categories":[35,26,23,31,27],"tags":[28,29,30],"class_list":["post-58272","post","type-post","status-publish","format-standard","has-post-thumbnail","hentry","category-elecciones-2024","category-local","category-mexico","category-politica","category-sonora","tag-nogales","tag-nogales-la-gran-frontera","tag-sonora-tierra-de-oportunidades"],"_links":{"self":[{"href":"https:\/\/elpajaritonews.com\/index.php?rest_route=\/wp\/v2\/posts\/58272","targetHints":{"allow":["GET"]}}],"collection":[{"href":"https:\/\/elpajaritonews.com\/index.php?rest_route=\/wp\/v2\/posts"}],"about":[{"href":"https:\/\/elpajaritonews.com\/index.php?rest_route=\/wp\/v2\/types\/post"}],"author":[{"embeddable":true,"href":"https:\/\/elpajaritonews.com\/index.php?rest_route=\/wp\/v2\/users\/2"}],"replies":[{"embeddable":true,"href":"https:\/\/elpajaritonews.com\/index.php?rest_route=%2Fwp%2Fv2%2Fcomments&post=58272"}],"version-history":[{"count":1,"href":"https:\/\/elpajaritonews.com\/index.php?rest_route=\/wp\/v2\/posts\/58272\/revisions"}],"predecessor-version":[{"id":58277,"href":"https:\/\/elpajaritonews.com\/index.php?rest_route=\/wp\/v2\/posts\/58272\/revisions\/58277"}],"wp:featuredmedia":[{"embeddable":true,"href":"https:\/\/elpajaritonews.com\/index.php?rest_route=\/wp\/v2\/media\/58273"}],"wp:attachment":[{"href":"https:\/\/elpajaritonews.com\/index.php?rest_route=%2Fwp%2Fv2%2Fmedia&parent=58272"}],"wp:term":[{"taxonomy":"category","embeddable":true,"href":"https:\/\/elpajaritonews.com\/index.php?rest_route=%2Fwp%2Fv2%2Fcategories&post=58272"},{"taxonomy":"post_tag","embeddable":true,"href":"https:\/\/elpajaritonews.com\/index.php?rest_route=%2Fwp%2Fv2%2Ftags&post=58272"}],"curies":[{"name":"wp","href":"https:\/\/api.w.org\/{rel}","templated":true}]}}