{"id":58377,"date":"2024-05-06T23:41:35","date_gmt":"2024-05-06T23:41:35","guid":{"rendered":"https:\/\/elpajaritonews.com\/?p=58377"},"modified":"2024-05-06T23:41:37","modified_gmt":"2024-05-06T23:41:37","slug":"participa-gobierno-de-sonora-en-la-expo-viaja-chihuahua-2024","status":"publish","type":"post","link":"https:\/\/elpajaritonews.com\/?p=58377","title":{"rendered":"PARTICIPA GOBIERNO DE SONORA EN LA EXPO VIAJA CHIHUAHUA 2024"},"content":{"rendered":"\n<p class=\"wp-block-paragraph\">En la edici\u00f3n n\u00famero 18 de la Expo Viaja 2024, particip\u00f3 el Gobierno de Sonora, a trav\u00e9s de la Secretaria de Turismo (Sectur), evento que se llev\u00f3 a cabo en Chihuahua, el s\u00e1bado 4 y domingo 5 de mayo del presente a\u00f1o.<\/p>\n\n\n\n<p class=\"wp-block-paragraph\">Esta es una exposici\u00f3n de consumo de viajes abierta al p\u00fablico y que tiene como objetivo reunir la oferta tur\u00edstica, ofreciendo las mejores promociones y paquetes para la temporada vacacional de verano.<\/p>\n\n\n\n<p class=\"wp-block-paragraph\">Fueron m\u00e1s de 20 destinos tur\u00edsticos que se ofertaron a los m\u00e1s de 4 mil asistentes, a quienes el estado de Sonora mostr\u00f3 las caracter\u00edsticas m\u00e1s atractivas de sus cuatro pueblos m\u00e1gicos como San Carlos, Ures, \u00c1lamos y Magdalena, adem\u00e1s de los destinos de playa de Puerto Pe\u00f1asco y San Carlos.<\/p>\n\n\n\n<figure class=\"wp-block-image size-large\"><img loading=\"lazy\" decoding=\"async\" width=\"576\" height=\"1024\" src=\"https:\/\/elpajaritonews.com\/wp-content\/uploads\/2024\/05\/1cc5ecd7-06ad-4d64-9530-a9ce88d6e938-576x1024.jpg\" alt=\"\" class=\"wp-image-58379\" srcset=\"https:\/\/elpajaritonews.com\/wp-content\/uploads\/2024\/05\/1cc5ecd7-06ad-4d64-9530-a9ce88d6e938-576x1024.jpg 576w, https:\/\/elpajaritonews.com\/wp-content\/uploads\/2024\/05\/1cc5ecd7-06ad-4d64-9530-a9ce88d6e938-169x300.jpg 169w, https:\/\/elpajaritonews.com\/wp-content\/uploads\/2024\/05\/1cc5ecd7-06ad-4d64-9530-a9ce88d6e938-768x1365.jpg 768w, https:\/\/elpajaritonews.com\/wp-content\/uploads\/2024\/05\/1cc5ecd7-06ad-4d64-9530-a9ce88d6e938-864x1536.jpg 864w, https:\/\/elpajaritonews.com\/wp-content\/uploads\/2024\/05\/1cc5ecd7-06ad-4d64-9530-a9ce88d6e938-236x420.jpg 236w, https:\/\/elpajaritonews.com\/wp-content\/uploads\/2024\/05\/1cc5ecd7-06ad-4d64-9530-a9ce88d6e938-640x1138.jpg 640w, https:\/\/elpajaritonews.com\/wp-content\/uploads\/2024\/05\/1cc5ecd7-06ad-4d64-9530-a9ce88d6e938-681x1211.jpg 681w, https:\/\/elpajaritonews.com\/wp-content\/uploads\/2024\/05\/1cc5ecd7-06ad-4d64-9530-a9ce88d6e938.jpg 900w\" sizes=\"auto, (max-width: 576px) 100vw, 576px\" \/><\/figure>\n\n\n\n<p class=\"wp-block-paragraph\">Por stand, se recibieron aproximadamente 120 familias durante los dos d\u00edas, a fin de ofrecerles tarifas especiales, adem\u00e1s de dinamizar la econom\u00eda del gremio tur\u00edstico tanto local como nacional.<\/p>\n\n\n\n<p class=\"wp-block-paragraph\">En el marco de la Expo Viaja, Sonora brind\u00f3 una presentaci\u00f3n de destino, en donde se invit\u00f3 a los asistentes a agendar sus pr\u00f3ximas vacaciones para que conozcan las maravillas, prueben la gastronom\u00eda local y vivan las diferentes experiencias que podr\u00e1n disfrutar durante su estancia.<\/p>\n","protected":false},"excerpt":{"rendered":"<p>En la edici\u00f3n n\u00famero 18 de la Expo Viaja 2024, particip\u00f3 el Gobierno de Sonora, a trav\u00e9s de la Secretaria de Turismo (Sectur), evento que se llev\u00f3 a cabo en Chihuahua, el s\u00e1bado 4 y domingo 5 de mayo del presente a\u00f1o. Esta es una exposici\u00f3n de consumo de viajes abierta al p\u00fablico y que&#8230;<\/p>\n","protected":false},"author":2,"featured_media":58378,"comment_status":"closed","ping_status":"closed","sticky":false,"template":"","format":"standard","meta":{"_crdt_document":"","_exactmetrics_skip_tracking":false,"_exactmetrics_sitenote_active":false,"_exactmetrics_sitenote_note":"","_exactmetrics_sitenote_category":0,"footnotes":""},"categories":[36,22,26,23,31,27],"tags":[28,29,30],"class_list":["post-58377","post","type-post","status-publish","format-standard","has-post-thumbnail","hentry","category-economia","category-escena","category-local","category-mexico","category-politica","category-sonora","tag-nogales","tag-nogales-la-gran-frontera","tag-sonora-tierra-de-oportunidades"],"_links":{"self":[{"href":"https:\/\/elpajaritonews.com\/index.php?rest_route=\/wp\/v2\/posts\/58377","targetHints":{"allow":["GET"]}}],"collection":[{"href":"https:\/\/elpajaritonews.com\/index.php?rest_route=\/wp\/v2\/posts"}],"about":[{"href":"https:\/\/elpajaritonews.com\/index.php?rest_route=\/wp\/v2\/types\/post"}],"author":[{"embeddable":true,"href":"https:\/\/elpajaritonews.com\/index.php?rest_route=\/wp\/v2\/users\/2"}],"replies":[{"embeddable":true,"href":"https:\/\/elpajaritonews.com\/index.php?rest_route=%2Fwp%2Fv2%2Fcomments&post=58377"}],"version-history":[{"count":1,"href":"https:\/\/elpajaritonews.com\/index.php?rest_route=\/wp\/v2\/posts\/58377\/revisions"}],"predecessor-version":[{"id":58380,"href":"https:\/\/elpajaritonews.com\/index.php?rest_route=\/wp\/v2\/posts\/58377\/revisions\/58380"}],"wp:featuredmedia":[{"embeddable":true,"href":"https:\/\/elpajaritonews.com\/index.php?rest_route=\/wp\/v2\/media\/58378"}],"wp:attachment":[{"href":"https:\/\/elpajaritonews.com\/index.php?rest_route=%2Fwp%2Fv2%2Fmedia&parent=58377"}],"wp:term":[{"taxonomy":"category","embeddable":true,"href":"https:\/\/elpajaritonews.com\/index.php?rest_route=%2Fwp%2Fv2%2Fcategories&post=58377"},{"taxonomy":"post_tag","embeddable":true,"href":"https:\/\/elpajaritonews.com\/index.php?rest_route=%2Fwp%2Fv2%2Ftags&post=58377"}],"curies":[{"name":"wp","href":"https:\/\/api.w.org\/{rel}","templated":true}]}}