{"id":58396,"date":"2024-05-07T06:27:03","date_gmt":"2024-05-07T06:27:03","guid":{"rendered":"https:\/\/elpajaritonews.com\/?p=58396"},"modified":"2024-05-07T06:27:14","modified_gmt":"2024-05-07T06:27:14","slug":"hermosillo-ya-decidio-que-siga-la-cuarta-transformacion-karina-barreras","status":"publish","type":"post","link":"https:\/\/elpajaritonews.com\/?p=58396","title":{"rendered":"HERMOSILLO YA DECIDI\u00d3 QUE SIGA LA CUARTA TRANSFORMACI\u00d3N: KARINA BARRERAS"},"content":{"rendered":"\n<p class=\"wp-block-paragraph\">Porque Hermosillo ya decidi\u00f3 que siga la Cuarta Transformaci\u00f3n, Diana Karina Barreras Samaniego, candidata a diputada federal por el distrito 3 de Sonora, invit\u00f3 a todas y a todos a refrendar este apoyo en las urnas el pr\u00f3ximo 2 de junio.<\/p>\n\n\n\n<p class=\"wp-block-paragraph\">La candidata de Morena, Partido del Trabajo y Partido Verde, se\u00f1al\u00f3 que en m\u00e1s de dos meses de campa\u00f1a ha podido recorrer las colonias urbanas y las comunidades rurales que componen la demarcaci\u00f3n correspondiente al norte de Hermosillo, donde ha encontrado apoyo total para el proyecto de la 4T.<\/p>\n\n\n\n<figure class=\"wp-block-image size-large\"><img loading=\"lazy\" decoding=\"async\" width=\"1024\" height=\"683\" src=\"https:\/\/elpajaritonews.com\/wp-content\/uploads\/2024\/05\/5b3a5501-3ece-4ba8-ba13-3c3697e9a504-1024x683.jpg\" alt=\"\" class=\"wp-image-58398\" srcset=\"https:\/\/elpajaritonews.com\/wp-content\/uploads\/2024\/05\/5b3a5501-3ece-4ba8-ba13-3c3697e9a504-1024x683.jpg 1024w, https:\/\/elpajaritonews.com\/wp-content\/uploads\/2024\/05\/5b3a5501-3ece-4ba8-ba13-3c3697e9a504-300x200.jpg 300w, https:\/\/elpajaritonews.com\/wp-content\/uploads\/2024\/05\/5b3a5501-3ece-4ba8-ba13-3c3697e9a504-768x512.jpg 768w, https:\/\/elpajaritonews.com\/wp-content\/uploads\/2024\/05\/5b3a5501-3ece-4ba8-ba13-3c3697e9a504-1536x1024.jpg 1536w, https:\/\/elpajaritonews.com\/wp-content\/uploads\/2024\/05\/5b3a5501-3ece-4ba8-ba13-3c3697e9a504-2048x1366.jpg 2048w, https:\/\/elpajaritonews.com\/wp-content\/uploads\/2024\/05\/5b3a5501-3ece-4ba8-ba13-3c3697e9a504-630x420.jpg 630w, https:\/\/elpajaritonews.com\/wp-content\/uploads\/2024\/05\/5b3a5501-3ece-4ba8-ba13-3c3697e9a504-640x427.jpg 640w, https:\/\/elpajaritonews.com\/wp-content\/uploads\/2024\/05\/5b3a5501-3ece-4ba8-ba13-3c3697e9a504-681x454.jpg 681w\" sizes=\"auto, (max-width: 1024px) 100vw, 1024px\" \/><\/figure>\n\n\n\n<p class=\"wp-block-paragraph\">\u201cHemos estado caminando por muchas colonias del norte de Hermosillo, hemos ido a sus comunidades como El Triunfo, este fin de semana estuvimos en Bah\u00eda de Kino, y el apoyo para el proyecto de la Cuarta Transformaci\u00f3n est\u00e1 m\u00e1s vivo que nunca, por eso es importante que vayamos todas y todos a transformar ese apoyo en votos el pr\u00f3ximo 2 de junio\u201d, consider\u00f3.<\/p>\n\n\n\n<p class=\"wp-block-paragraph\">Diana Karina Barreras subray\u00f3 que el Plan de Naci\u00f3n de la pr\u00f3xima presidenta de M\u00e9xico, la doctora Claudia Sheinbaum, contempla la creaci\u00f3n de apoyos o el reforzamiento de los actuales, para el beneficio de todas y de todos, pero en especial de ni\u00f1as, ni\u00f1os, j\u00f3venes y mujeres.<\/p>\n\n\n\n<p class=\"wp-block-paragraph\">La aspirante por la coalici\u00f3n Sigamos Haciendo Historia record\u00f3 que en dicho documento se distinguen propuestas profundamente sociales como el apoyo a mujeres mayores de 60 a\u00f1os de edad, la beca universal para ni\u00f1as y ni\u00f1os de preescolares, primarias y secundarias p\u00fablicas, y ampliar el apoyo a las personas con discapacidad hasta los 64 a\u00f1os de edad, entre otros.<\/p>\n\n\n\n<p class=\"wp-block-paragraph\">\u201cSon propuestas que han probado que cambian la vida de las personas que reciben dichos apoyos, y propuestas nuevas que van en el mismo sentido, como la beca universal en escuelas p\u00fablicas de preescolar a secundaria, y todo eso lo vamos a apoyar desde la C\u00e1mara de Diputados, por eso es tan importante que no nos gane el sue\u00f1o, ni la flojera por el calor, ni nada, tenemos que salir todas y todos a votar por la 4T\u201d, invit\u00f3.<\/p>\n","protected":false},"excerpt":{"rendered":"<p>Porque Hermosillo ya decidi\u00f3 que siga la Cuarta Transformaci\u00f3n, Diana Karina Barreras Samaniego, candidata a diputada federal por el distrito 3 de Sonora, invit\u00f3 a todas y a todos a refrendar este apoyo en las urnas el pr\u00f3ximo 2 de junio. La candidata de Morena, Partido del Trabajo y Partido Verde, se\u00f1al\u00f3 que en m\u00e1s&#8230;<\/p>\n","protected":false},"author":2,"featured_media":58397,"comment_status":"closed","ping_status":"closed","sticky":false,"template":"","format":"standard","meta":{"_crdt_document":"","_exactmetrics_skip_tracking":false,"_exactmetrics_sitenote_active":false,"_exactmetrics_sitenote_note":"","_exactmetrics_sitenote_category":0,"footnotes":""},"categories":[35,26,31,27],"tags":[28,29,30],"class_list":["post-58396","post","type-post","status-publish","format-standard","has-post-thumbnail","hentry","category-elecciones-2024","category-local","category-politica","category-sonora","tag-nogales","tag-nogales-la-gran-frontera","tag-sonora-tierra-de-oportunidades"],"_links":{"self":[{"href":"https:\/\/elpajaritonews.com\/index.php?rest_route=\/wp\/v2\/posts\/58396","targetHints":{"allow":["GET"]}}],"collection":[{"href":"https:\/\/elpajaritonews.com\/index.php?rest_route=\/wp\/v2\/posts"}],"about":[{"href":"https:\/\/elpajaritonews.com\/index.php?rest_route=\/wp\/v2\/types\/post"}],"author":[{"embeddable":true,"href":"https:\/\/elpajaritonews.com\/index.php?rest_route=\/wp\/v2\/users\/2"}],"replies":[{"embeddable":true,"href":"https:\/\/elpajaritonews.com\/index.php?rest_route=%2Fwp%2Fv2%2Fcomments&post=58396"}],"version-history":[{"count":2,"href":"https:\/\/elpajaritonews.com\/index.php?rest_route=\/wp\/v2\/posts\/58396\/revisions"}],"predecessor-version":[{"id":58400,"href":"https:\/\/elpajaritonews.com\/index.php?rest_route=\/wp\/v2\/posts\/58396\/revisions\/58400"}],"wp:featuredmedia":[{"embeddable":true,"href":"https:\/\/elpajaritonews.com\/index.php?rest_route=\/wp\/v2\/media\/58397"}],"wp:attachment":[{"href":"https:\/\/elpajaritonews.com\/index.php?rest_route=%2Fwp%2Fv2%2Fmedia&parent=58396"}],"wp:term":[{"taxonomy":"category","embeddable":true,"href":"https:\/\/elpajaritonews.com\/index.php?rest_route=%2Fwp%2Fv2%2Fcategories&post=58396"},{"taxonomy":"post_tag","embeddable":true,"href":"https:\/\/elpajaritonews.com\/index.php?rest_route=%2Fwp%2Fv2%2Ftags&post=58396"}],"curies":[{"name":"wp","href":"https:\/\/api.w.org\/{rel}","templated":true}]}}