{"id":58436,"date":"2024-05-08T01:56:41","date_gmt":"2024-05-08T01:56:41","guid":{"rendered":"https:\/\/elpajaritonews.com\/?p=58436"},"modified":"2024-05-08T01:56:43","modified_gmt":"2024-05-08T01:56:43","slug":"una-alumna-le-propinaba-una-golpiza-a-otra-companera-de-secundaria-video","status":"publish","type":"post","link":"https:\/\/elpajaritonews.com\/?p=58436","title":{"rendered":"UNA ALUMNA LE PROPINABA UNA GOLPIZA A OTRA COMPA\u00d1ERA DE SECUNDARIA (VIDEO)"},"content":{"rendered":"\n<p class=\"wp-block-paragraph\">[ADVERTENCIA: FUERTES IM\u00c1GENES] La agresi\u00f3n ocurri\u00f3 el pasado 2 de mayo en la Escuela Secundaria T\u00e9cnica (ETI) 72, en Culiac\u00e1n, Sinaloa, de acuerdo con reportes de medios locales.<\/p>\n\n\n\n<p class=\"wp-block-paragraph\">Una alumna de secundaria agredi\u00f3 violentamente a una compa\u00f1era, mientras los dem\u00e1s estudiantes, en su mayor\u00eda varones, celebraban y grababan el acto. Las autoridades escolares no se hicieron presentes y s\u00f3lo dos compa\u00f1eras le pidieron a la adolescente que parara, pero ella continu\u00f3.<\/p>\n\n\n\n<p class=\"wp-block-paragraph\">La agresi\u00f3n ocurri\u00f3 el pasado 2 de mayo en la Escuela Secundaria T\u00e9cnica (ETI) 72, en Culiac\u00e1n, Sinaloa, de acuerdo con reportes de medios locales.<\/p>\n\n\n\n<p class=\"wp-block-paragraph\">Ha circulado un video en el que se document\u00f3 el hecho, realizado por uno de los alumnos, quien corri\u00f3 a atestiguar el acto. Cuando lleg\u00f3, las dos alumnas estaban peleando, una de ellas ten\u00eda clara ventaja sobre la otra, debido a la diferencia de estaturas, por lo que la domin\u00f3 completamente.<\/p>\n\n\n\n<p class=\"wp-block-paragraph\">Una de las presentes, quien se encontraba sentada frente a una mesa \u2013sobre la que la adolescente m\u00e1s alta ten\u00eda la cabeza de la otra\u2013, le pidi\u00f3 a la alumna que se detuviera: \u201cya d\u00e9jala\u201d, le dijo en varias ocasiones e incluso trat\u00f3 de quitarle las manos de la estudiante agredida.<\/p>\n\n\n\n<figure class=\"wp-block-video\"><video height=\"240\" style=\"aspect-ratio: 426 \/ 240;\" width=\"426\" controls src=\"https:\/\/elpajaritonews.com\/wp-content\/uploads\/2024\/05\/2900mp4_.mp4\"><\/video><\/figure>\n\n\n\n<p class=\"wp-block-paragraph\">Despu\u00e9s de varios segundos, otra compa\u00f1era trato de detener el conflicto, pero al no lograrlo se retir\u00f3. Adem\u00e1s de jalarla del cabello, la alumna agresora pate\u00f3 y propin\u00f3 un codazo en la espalda de la otra, hasta que finalmente la dej\u00f3 ir, por insistencia de la adolescente de la mesa.<\/p>\n\n\n\n<p class=\"wp-block-paragraph\">Al terminar su cometido, la joven fue con sus otros compa\u00f1eros y compa\u00f1eras, quienes vitoreaban sus acciones.<\/p>\n\n\n\n<p class=\"wp-block-paragraph\">Tras darse a conocer el incidente, padres de la secundaria convocaron a un plant\u00f3n, debido a la falta de intervenci\u00f3n de las autoridades escolares, quienes no intervinieron en ning\u00fan momento lo que supuso el riesgo de una tragedia, seg\u00fan inform\u00f3 el medio local \u201cMeganoticias Culiac\u00e1n\u201d.<\/p>\n\n\n\n<p class=\"wp-block-paragraph\">El director del plantel presuntamente suspendi\u00f3 a los alumnos que estuvieron presentes y no intervinieron, report\u00f3 el medio local \u201cLuz Noticias\u201d. El director afirm\u00f3 que tomaron acuerdos para reorganizar a los prefectos y as\u00ed est\u00e9n al tanto de lo que sucede con los alumnos y evitar problemas como el ocurrido entre estas alumnas. De acuerdo con ese mismo medio, la alumna agresora fue suspendida, mientras que la otra estudiante no ha acudido a la escuela debido a los golpes que recibi\u00f3, seg\u00fan explic\u00f3 el director de la secunda<\/p>\n","protected":false},"excerpt":{"rendered":"<p>[ADVERTENCIA: FUERTES IM\u00c1GENES] La agresi\u00f3n ocurri\u00f3 el pasado 2 de mayo en la Escuela Secundaria T\u00e9cnica (ETI) 72, en Culiac\u00e1n, Sinaloa, de acuerdo con reportes de medios locales. Una alumna de secundaria agredi\u00f3 violentamente a una compa\u00f1era, mientras los dem\u00e1s estudiantes, en su mayor\u00eda varones, celebraban y grababan el acto. Las autoridades escolares no se&#8230;<\/p>\n","protected":false},"author":2,"featured_media":58438,"comment_status":"closed","ping_status":"closed","sticky":false,"template":"","format":"standard","meta":{"_crdt_document":"","_exactmetrics_skip_tracking":false,"_exactmetrics_sitenote_active":false,"_exactmetrics_sitenote_note":"","_exactmetrics_sitenote_category":0,"footnotes":""},"categories":[33,23,1],"tags":[28,29,30],"class_list":["post-58436","post","type-post","status-publish","format-standard","has-post-thumbnail","hentry","category-educacion","category-mexico","category-seguridad","tag-nogales","tag-nogales-la-gran-frontera","tag-sonora-tierra-de-oportunidades"],"_links":{"self":[{"href":"https:\/\/elpajaritonews.com\/index.php?rest_route=\/wp\/v2\/posts\/58436","targetHints":{"allow":["GET"]}}],"collection":[{"href":"https:\/\/elpajaritonews.com\/index.php?rest_route=\/wp\/v2\/posts"}],"about":[{"href":"https:\/\/elpajaritonews.com\/index.php?rest_route=\/wp\/v2\/types\/post"}],"author":[{"embeddable":true,"href":"https:\/\/elpajaritonews.com\/index.php?rest_route=\/wp\/v2\/users\/2"}],"replies":[{"embeddable":true,"href":"https:\/\/elpajaritonews.com\/index.php?rest_route=%2Fwp%2Fv2%2Fcomments&post=58436"}],"version-history":[{"count":1,"href":"https:\/\/elpajaritonews.com\/index.php?rest_route=\/wp\/v2\/posts\/58436\/revisions"}],"predecessor-version":[{"id":58439,"href":"https:\/\/elpajaritonews.com\/index.php?rest_route=\/wp\/v2\/posts\/58436\/revisions\/58439"}],"wp:featuredmedia":[{"embeddable":true,"href":"https:\/\/elpajaritonews.com\/index.php?rest_route=\/wp\/v2\/media\/58438"}],"wp:attachment":[{"href":"https:\/\/elpajaritonews.com\/index.php?rest_route=%2Fwp%2Fv2%2Fmedia&parent=58436"}],"wp:term":[{"taxonomy":"category","embeddable":true,"href":"https:\/\/elpajaritonews.com\/index.php?rest_route=%2Fwp%2Fv2%2Fcategories&post=58436"},{"taxonomy":"post_tag","embeddable":true,"href":"https:\/\/elpajaritonews.com\/index.php?rest_route=%2Fwp%2Fv2%2Ftags&post=58436"}],"curies":[{"name":"wp","href":"https:\/\/api.w.org\/{rel}","templated":true}]}}