{"id":58447,"date":"2024-05-08T03:33:57","date_gmt":"2024-05-08T03:33:57","guid":{"rendered":"https:\/\/elpajaritonews.com\/?p=58447"},"modified":"2024-05-08T03:33:59","modified_gmt":"2024-05-08T03:33:59","slug":"no-dejare-de-trabajar-por-las-mujeres-y-legislare-para-ellas-en-la-camara-de-diputados-karina-barreras","status":"publish","type":"post","link":"https:\/\/elpajaritonews.com\/?p=58447","title":{"rendered":"NO DEJAR\u00c9 DE TRABAJAR POR LAS MUJERES Y LEGISLAR\u00c9 PARA ELLAS EN LA C\u00c1MARA DE DIPUTADOS: KARINA BARRERAS"},"content":{"rendered":"\n<p class=\"wp-block-paragraph\">En un encuentro con mujeres en las instalaciones del Partido del Trabajo, Diana Karina Barreras, candidata a diputada federal por el distrito 3 de Sonora, reafirm\u00f3 su compromiso de trabajar con perspectiva de g\u00e9nero en la C\u00e1mara de Diputados, recordando que en Congreso local propuso aumentar penas a agresores sexuales y feminicidas, entre otros temas.<\/p>\n\n\n\n<figure class=\"wp-block-image size-large\"><img loading=\"lazy\" decoding=\"async\" width=\"1024\" height=\"615\" src=\"https:\/\/elpajaritonews.com\/wp-content\/uploads\/2024\/05\/153b9d69-55bb-4887-b0b8-ca2e47742b70-1024x615.jpg\" alt=\"\" class=\"wp-image-58449\" srcset=\"https:\/\/elpajaritonews.com\/wp-content\/uploads\/2024\/05\/153b9d69-55bb-4887-b0b8-ca2e47742b70-1024x615.jpg 1024w, https:\/\/elpajaritonews.com\/wp-content\/uploads\/2024\/05\/153b9d69-55bb-4887-b0b8-ca2e47742b70-300x180.jpg 300w, https:\/\/elpajaritonews.com\/wp-content\/uploads\/2024\/05\/153b9d69-55bb-4887-b0b8-ca2e47742b70-768x461.jpg 768w, https:\/\/elpajaritonews.com\/wp-content\/uploads\/2024\/05\/153b9d69-55bb-4887-b0b8-ca2e47742b70-700x420.jpg 700w, https:\/\/elpajaritonews.com\/wp-content\/uploads\/2024\/05\/153b9d69-55bb-4887-b0b8-ca2e47742b70-640x384.jpg 640w, https:\/\/elpajaritonews.com\/wp-content\/uploads\/2024\/05\/153b9d69-55bb-4887-b0b8-ca2e47742b70-681x409.jpg 681w, https:\/\/elpajaritonews.com\/wp-content\/uploads\/2024\/05\/153b9d69-55bb-4887-b0b8-ca2e47742b70.jpg 1303w\" sizes=\"auto, (max-width: 1024px) 100vw, 1024px\" \/><\/figure>\n\n\n\n<p class=\"wp-block-paragraph\">Porque estamos viviendo tiempos extraordinarios para las mujeres en M\u00e9xico, Diana Karina Barreras Samaniego, candidata a diputada federal por el distrito 3 de Sonora reiter\u00f3 que trabajar\u00e1 con perspectiva de g\u00e9nero en la C\u00e1mara de Diputados.<\/p>\n\n\n\n<p class=\"wp-block-paragraph\">Ante un nutrido grupo de mujeres reunidas en las instalaciones del Partido del Trabajo, la abanderada de la coalici\u00f3n Sigamos Haciendo Historia subray\u00f3 que en su paso por el Congreso local trabaj\u00f3 a favor de las mujeres, especialmente de las ni\u00f1as.<\/p>\n\n\n\n<p class=\"wp-block-paragraph\">Diana Karina Barreras record\u00f3 que en su paso por el Congreso local luch\u00f3 por la prohibici\u00f3n a la discriminaci\u00f3n de las mujeres embarazadas al solicitar un empleo, que propuso el aumento de las penas a agresores sexuales y feminicidas, y que se aprob\u00f3 el castigo en el uso de los hijos en casos de violencia vicaria.<\/p>\n\n\n\n<figure class=\"wp-block-image size-large\"><img loading=\"lazy\" decoding=\"async\" width=\"1024\" height=\"683\" src=\"https:\/\/elpajaritonews.com\/wp-content\/uploads\/2024\/05\/d6b2230b-131e-4429-8412-c52c9ce914b3-1024x683.jpg\" alt=\"\" class=\"wp-image-58450\" srcset=\"https:\/\/elpajaritonews.com\/wp-content\/uploads\/2024\/05\/d6b2230b-131e-4429-8412-c52c9ce914b3-1024x683.jpg 1024w, https:\/\/elpajaritonews.com\/wp-content\/uploads\/2024\/05\/d6b2230b-131e-4429-8412-c52c9ce914b3-300x200.jpg 300w, https:\/\/elpajaritonews.com\/wp-content\/uploads\/2024\/05\/d6b2230b-131e-4429-8412-c52c9ce914b3-768x512.jpg 768w, https:\/\/elpajaritonews.com\/wp-content\/uploads\/2024\/05\/d6b2230b-131e-4429-8412-c52c9ce914b3-1536x1024.jpg 1536w, https:\/\/elpajaritonews.com\/wp-content\/uploads\/2024\/05\/d6b2230b-131e-4429-8412-c52c9ce914b3-630x420.jpg 630w, https:\/\/elpajaritonews.com\/wp-content\/uploads\/2024\/05\/d6b2230b-131e-4429-8412-c52c9ce914b3-640x427.jpg 640w, https:\/\/elpajaritonews.com\/wp-content\/uploads\/2024\/05\/d6b2230b-131e-4429-8412-c52c9ce914b3-681x454.jpg 681w, https:\/\/elpajaritonews.com\/wp-content\/uploads\/2024\/05\/d6b2230b-131e-4429-8412-c52c9ce914b3.jpg 1599w\" sizes=\"auto, (max-width: 1024px) 100vw, 1024px\" \/><\/figure>\n\n\n\n<p class=\"wp-block-paragraph\">\u201cSiempre estamos legislando para ustedes, escuch\u00e1ndolas; estamos viviendo el tiempo de las mujeres con nuestra pr\u00f3xima presidenta, la doctora Claudia Sheinbaum, y yo les quiero reiterar que no dejar\u00e9 de trabajar por las mujeres y voy a legislar para ustedes en San L\u00e1zaro, para representarlas con todo el amor y todo el cari\u00f1o\u201d, indic\u00f3.<\/p>\n\n\n\n<p class=\"wp-block-paragraph\">La candidata de Morena, Partido del Trabajo y Partido Verde, asisti\u00f3 a la toma de protesta de Dulce Dom\u00ednguez como nueva coordinadora sectorial de Mujeres del Partido del Trabajo en Sonora.<\/p>\n","protected":false},"excerpt":{"rendered":"<p>En un encuentro con mujeres en las instalaciones del Partido del Trabajo, Diana Karina Barreras, candidata a diputada federal por el distrito 3 de Sonora, reafirm\u00f3 su compromiso de trabajar con perspectiva de g\u00e9nero en la C\u00e1mara de Diputados, recordando que en Congreso local propuso aumentar penas a agresores sexuales y feminicidas, entre otros temas&#8230;.<\/p>\n","protected":false},"author":2,"featured_media":58448,"comment_status":"closed","ping_status":"closed","sticky":false,"template":"","format":"standard","meta":{"_crdt_document":"","_exactmetrics_skip_tracking":false,"_exactmetrics_sitenote_active":false,"_exactmetrics_sitenote_note":"","_exactmetrics_sitenote_category":0,"footnotes":""},"categories":[35,26,31,27],"tags":[28,29,30],"class_list":["post-58447","post","type-post","status-publish","format-standard","has-post-thumbnail","hentry","category-elecciones-2024","category-local","category-politica","category-sonora","tag-nogales","tag-nogales-la-gran-frontera","tag-sonora-tierra-de-oportunidades"],"_links":{"self":[{"href":"https:\/\/elpajaritonews.com\/index.php?rest_route=\/wp\/v2\/posts\/58447","targetHints":{"allow":["GET"]}}],"collection":[{"href":"https:\/\/elpajaritonews.com\/index.php?rest_route=\/wp\/v2\/posts"}],"about":[{"href":"https:\/\/elpajaritonews.com\/index.php?rest_route=\/wp\/v2\/types\/post"}],"author":[{"embeddable":true,"href":"https:\/\/elpajaritonews.com\/index.php?rest_route=\/wp\/v2\/users\/2"}],"replies":[{"embeddable":true,"href":"https:\/\/elpajaritonews.com\/index.php?rest_route=%2Fwp%2Fv2%2Fcomments&post=58447"}],"version-history":[{"count":1,"href":"https:\/\/elpajaritonews.com\/index.php?rest_route=\/wp\/v2\/posts\/58447\/revisions"}],"predecessor-version":[{"id":58451,"href":"https:\/\/elpajaritonews.com\/index.php?rest_route=\/wp\/v2\/posts\/58447\/revisions\/58451"}],"wp:featuredmedia":[{"embeddable":true,"href":"https:\/\/elpajaritonews.com\/index.php?rest_route=\/wp\/v2\/media\/58448"}],"wp:attachment":[{"href":"https:\/\/elpajaritonews.com\/index.php?rest_route=%2Fwp%2Fv2%2Fmedia&parent=58447"}],"wp:term":[{"taxonomy":"category","embeddable":true,"href":"https:\/\/elpajaritonews.com\/index.php?rest_route=%2Fwp%2Fv2%2Fcategories&post=58447"},{"taxonomy":"post_tag","embeddable":true,"href":"https:\/\/elpajaritonews.com\/index.php?rest_route=%2Fwp%2Fv2%2Ftags&post=58447"}],"curies":[{"name":"wp","href":"https:\/\/api.w.org\/{rel}","templated":true}]}}