{"id":58593,"date":"2024-05-12T00:09:30","date_gmt":"2024-05-12T00:09:30","guid":{"rendered":"https:\/\/elpajaritonews.com\/?p=58593"},"modified":"2024-05-12T00:09:32","modified_gmt":"2024-05-12T00:09:32","slug":"gestionaremos-recursos-para-los-programas-de-apoyo-a-personas-con-discapacidad-karina-barreras","status":"publish","type":"post","link":"https:\/\/elpajaritonews.com\/?p=58593","title":{"rendered":"GESTIONAREMOS RECURSOS PARA LOS PROGRAMAS DE APOYO A PERSONAS CON DISCAPACIDAD: KARINA BARRERAS"},"content":{"rendered":"\n<p class=\"wp-block-paragraph\">Porque es un acto de justicia para las personas con alg\u00fan tipo de discapacidad, Diana Karina Barreras Samaniego, candidata a diputada federal por el distrito 3 de Sonora, se\u00f1al\u00f3 que desde la C\u00e1mara de Diputados gestionar\u00e1 recursos para los programas dirigidos a su atenci\u00f3n.<\/p>\n\n\n\n<p class=\"wp-block-paragraph\">La candidata de Morena, Partido del Trabajo y Partido Verde fue invitada por Mar\u00eda Dolores del R\u00edo, candidata a la alcald\u00eda de Hermosillo, al evento de presentaci\u00f3n de sus pol\u00edticas p\u00fablicas y compromisos con las personas con discapacidad, por un Hermosillo m\u00e1s incluyente.<\/p>\n\n\n\n<figure class=\"wp-block-image size-large\"><img loading=\"lazy\" decoding=\"async\" width=\"695\" height=\"1024\" src=\"https:\/\/elpajaritonews.com\/wp-content\/uploads\/2024\/05\/074e517d-8605-4062-ab61-88dc723e1796-695x1024.jpg\" alt=\"\" class=\"wp-image-58595\" srcset=\"https:\/\/elpajaritonews.com\/wp-content\/uploads\/2024\/05\/074e517d-8605-4062-ab61-88dc723e1796-695x1024.jpg 695w, https:\/\/elpajaritonews.com\/wp-content\/uploads\/2024\/05\/074e517d-8605-4062-ab61-88dc723e1796-204x300.jpg 204w, https:\/\/elpajaritonews.com\/wp-content\/uploads\/2024\/05\/074e517d-8605-4062-ab61-88dc723e1796-768x1131.jpg 768w, https:\/\/elpajaritonews.com\/wp-content\/uploads\/2024\/05\/074e517d-8605-4062-ab61-88dc723e1796-1043x1536.jpg 1043w, https:\/\/elpajaritonews.com\/wp-content\/uploads\/2024\/05\/074e517d-8605-4062-ab61-88dc723e1796-285x420.jpg 285w, https:\/\/elpajaritonews.com\/wp-content\/uploads\/2024\/05\/074e517d-8605-4062-ab61-88dc723e1796-640x943.jpg 640w, https:\/\/elpajaritonews.com\/wp-content\/uploads\/2024\/05\/074e517d-8605-4062-ab61-88dc723e1796-681x1003.jpg 681w, https:\/\/elpajaritonews.com\/wp-content\/uploads\/2024\/05\/074e517d-8605-4062-ab61-88dc723e1796.jpg 1086w\" sizes=\"auto, (max-width: 695px) 100vw, 695px\" \/><\/figure>\n\n\n\n<p class=\"wp-block-paragraph\">\u201cComo diputada federal me llevar\u00e9 a la C\u00e1mara de Diputados la encomienda de gestionar los recursos para los programas de apoyo a personas con discapacidad como los que implementar\u00e1 Mar\u00eda Dolores del R\u00edo en el ayuntamiento de Hermosillo, o como la propuesta de la doctora Sheinbaum de extender el apoyo a personas con discapacidad hasta los 64 a\u00f1os, porque es lo justo\u201d, consider\u00f3.<\/p>\n\n\n\n<p class=\"wp-block-paragraph\">Diana Karina Barreras record\u00f3 que en Plan de Naci\u00f3n de la pr\u00f3xima presidenta de M\u00e9xico, la doctora Claudia Sheinbaum Pardo, ya se recoge que ser\u00e1 una prioridad la asignaci\u00f3n de recursos para los programas sociales, entre los que ya se encuentra la pensi\u00f3n a personas con discapacidad.<\/p>\n\n\n\n<p class=\"wp-block-paragraph\">\u201cEs un tema muy sensible que nos hemos encontrado mucho en los recorridos por las colonias y es parte de mis compromisos (gestionar los recursos para los programas), adem\u00e1s de revisar las reglas de operaci\u00f3n para que m\u00e1s personas puedan ser beneficiadas con esta pensi\u00f3n que ahora se extender\u00e1 hasta los 64 a\u00f1os\u201d, apunt\u00f3.&nbsp;&nbsp;<\/p>\n\n\n\n<figure class=\"wp-block-image size-large\"><img loading=\"lazy\" decoding=\"async\" width=\"1024\" height=\"682\" src=\"https:\/\/elpajaritonews.com\/wp-content\/uploads\/2024\/05\/9871ac36-75cd-4e7d-b1fa-21435e4bba19-1024x682.jpg\" alt=\"\" class=\"wp-image-58596\" srcset=\"https:\/\/elpajaritonews.com\/wp-content\/uploads\/2024\/05\/9871ac36-75cd-4e7d-b1fa-21435e4bba19-1024x682.jpg 1024w, https:\/\/elpajaritonews.com\/wp-content\/uploads\/2024\/05\/9871ac36-75cd-4e7d-b1fa-21435e4bba19-300x200.jpg 300w, https:\/\/elpajaritonews.com\/wp-content\/uploads\/2024\/05\/9871ac36-75cd-4e7d-b1fa-21435e4bba19-768x512.jpg 768w, https:\/\/elpajaritonews.com\/wp-content\/uploads\/2024\/05\/9871ac36-75cd-4e7d-b1fa-21435e4bba19-1536x1023.jpg 1536w, https:\/\/elpajaritonews.com\/wp-content\/uploads\/2024\/05\/9871ac36-75cd-4e7d-b1fa-21435e4bba19-630x420.jpg 630w, https:\/\/elpajaritonews.com\/wp-content\/uploads\/2024\/05\/9871ac36-75cd-4e7d-b1fa-21435e4bba19-640x426.jpg 640w, https:\/\/elpajaritonews.com\/wp-content\/uploads\/2024\/05\/9871ac36-75cd-4e7d-b1fa-21435e4bba19-681x454.jpg 681w, https:\/\/elpajaritonews.com\/wp-content\/uploads\/2024\/05\/9871ac36-75cd-4e7d-b1fa-21435e4bba19.jpg 1600w\" sizes=\"auto, (max-width: 1024px) 100vw, 1024px\" \/><\/figure>\n\n\n\n<p class=\"wp-block-paragraph\">La abanderada de la coalici\u00f3n Sigamos Haciendo Historia hizo una invitaci\u00f3n general a todas y a todos a salir a votar el pr\u00f3ximo 2 de junio.<\/p>\n\n\n\n<p class=\"wp-block-paragraph\">\u201cTenemos la simpat\u00eda del pueblo, lo vemos todos los d\u00edas, pero necesitamos transformar esa simpat\u00eda en votos el 2 de junio, que no se nos pase salir a votar, invitar a nuestros familiares, nuestros amigos, que se note en las urnas, porque gracias a eso podr\u00e1n continuar y mejorar los programas sociales\u201d, subray\u00f3.<\/p>\n","protected":false},"excerpt":{"rendered":"<p>Porque es un acto de justicia para las personas con alg\u00fan tipo de discapacidad, Diana Karina Barreras Samaniego, candidata a diputada federal por el distrito 3 de Sonora, se\u00f1al\u00f3 que desde la C\u00e1mara de Diputados gestionar\u00e1 recursos para los programas dirigidos a su atenci\u00f3n. La candidata de Morena, Partido del Trabajo y Partido Verde fue&#8230;<\/p>\n","protected":false},"author":2,"featured_media":58594,"comment_status":"closed","ping_status":"closed","sticky":false,"template":"","format":"standard","meta":{"_crdt_document":"","_exactmetrics_skip_tracking":false,"_exactmetrics_sitenote_active":false,"_exactmetrics_sitenote_note":"","_exactmetrics_sitenote_category":0,"footnotes":""},"categories":[35,26,23,31,32,27],"tags":[28,29,30],"class_list":["post-58593","post","type-post","status-publish","format-standard","has-post-thumbnail","hentry","category-elecciones-2024","category-local","category-mexico","category-politica","category-salud","category-sonora","tag-nogales","tag-nogales-la-gran-frontera","tag-sonora-tierra-de-oportunidades"],"_links":{"self":[{"href":"https:\/\/elpajaritonews.com\/index.php?rest_route=\/wp\/v2\/posts\/58593","targetHints":{"allow":["GET"]}}],"collection":[{"href":"https:\/\/elpajaritonews.com\/index.php?rest_route=\/wp\/v2\/posts"}],"about":[{"href":"https:\/\/elpajaritonews.com\/index.php?rest_route=\/wp\/v2\/types\/post"}],"author":[{"embeddable":true,"href":"https:\/\/elpajaritonews.com\/index.php?rest_route=\/wp\/v2\/users\/2"}],"replies":[{"embeddable":true,"href":"https:\/\/elpajaritonews.com\/index.php?rest_route=%2Fwp%2Fv2%2Fcomments&post=58593"}],"version-history":[{"count":1,"href":"https:\/\/elpajaritonews.com\/index.php?rest_route=\/wp\/v2\/posts\/58593\/revisions"}],"predecessor-version":[{"id":58597,"href":"https:\/\/elpajaritonews.com\/index.php?rest_route=\/wp\/v2\/posts\/58593\/revisions\/58597"}],"wp:featuredmedia":[{"embeddable":true,"href":"https:\/\/elpajaritonews.com\/index.php?rest_route=\/wp\/v2\/media\/58594"}],"wp:attachment":[{"href":"https:\/\/elpajaritonews.com\/index.php?rest_route=%2Fwp%2Fv2%2Fmedia&parent=58593"}],"wp:term":[{"taxonomy":"category","embeddable":true,"href":"https:\/\/elpajaritonews.com\/index.php?rest_route=%2Fwp%2Fv2%2Fcategories&post=58593"},{"taxonomy":"post_tag","embeddable":true,"href":"https:\/\/elpajaritonews.com\/index.php?rest_route=%2Fwp%2Fv2%2Ftags&post=58593"}],"curies":[{"name":"wp","href":"https:\/\/api.w.org\/{rel}","templated":true}]}}