{"id":58598,"date":"2024-05-12T00:28:12","date_gmt":"2024-05-12T00:28:12","guid":{"rendered":"https:\/\/elpajaritonews.com\/?p=58598"},"modified":"2024-05-12T00:28:13","modified_gmt":"2024-05-12T00:28:13","slug":"acompana-gobernador-a-ganaderos-en-asamblea-general-de-ugrs","status":"publish","type":"post","link":"https:\/\/elpajaritonews.com\/?p=58598","title":{"rendered":"ACOMPA\u00d1A GOBERNADOR A GANADEROS EN ASAMBLEA GENERAL DE UGRS"},"content":{"rendered":"\n<p class=\"wp-block-paragraph\">La actividad ganadera en Sonora forma una parte fundamental de la identidad de las y los sonorenses, as\u00ed como una vertiente de la econom\u00eda en la entidad, resalt\u00f3 el gobernador Alfonso Durazo Monta\u00f1o.<\/p>\n\n\n\n<figure class=\"wp-block-image size-large\"><img loading=\"lazy\" decoding=\"async\" width=\"1024\" height=\"699\" src=\"https:\/\/elpajaritonews.com\/wp-content\/uploads\/2024\/05\/7fb52908-4013-4d12-a5c8-6c927fca6d70-1024x699.jpg\" alt=\"\" class=\"wp-image-58600\" srcset=\"https:\/\/elpajaritonews.com\/wp-content\/uploads\/2024\/05\/7fb52908-4013-4d12-a5c8-6c927fca6d70-1024x699.jpg 1024w, https:\/\/elpajaritonews.com\/wp-content\/uploads\/2024\/05\/7fb52908-4013-4d12-a5c8-6c927fca6d70-300x205.jpg 300w, https:\/\/elpajaritonews.com\/wp-content\/uploads\/2024\/05\/7fb52908-4013-4d12-a5c8-6c927fca6d70-768x524.jpg 768w, https:\/\/elpajaritonews.com\/wp-content\/uploads\/2024\/05\/7fb52908-4013-4d12-a5c8-6c927fca6d70-615x420.jpg 615w, https:\/\/elpajaritonews.com\/wp-content\/uploads\/2024\/05\/7fb52908-4013-4d12-a5c8-6c927fca6d70-640x437.jpg 640w, https:\/\/elpajaritonews.com\/wp-content\/uploads\/2024\/05\/7fb52908-4013-4d12-a5c8-6c927fca6d70-681x465.jpg 681w, https:\/\/elpajaritonews.com\/wp-content\/uploads\/2024\/05\/7fb52908-4013-4d12-a5c8-6c927fca6d70.jpg 1280w\" sizes=\"auto, (max-width: 1024px) 100vw, 1024px\" \/><\/figure>\n\n\n\n<p class=\"wp-block-paragraph\">En el marco de su participaci\u00f3n en la 84 asamblea general ordinaria de la Uni\u00f3n Ganadera Regional de Sonora, el mandatario estatal destac\u00f3 el trabajo conjunto con el sector para tener mayor capacidad de respaldo a sus integrantes, especialmente a las y los peque\u00f1os ganaderos.<\/p>\n\n\n\n<figure class=\"wp-block-image size-large\"><img loading=\"lazy\" decoding=\"async\" width=\"1024\" height=\"683\" src=\"https:\/\/elpajaritonews.com\/wp-content\/uploads\/2024\/05\/7c2751ff-93ae-4517-a67c-9f895b87488f-1024x683.jpg\" alt=\"\" class=\"wp-image-58601\" srcset=\"https:\/\/elpajaritonews.com\/wp-content\/uploads\/2024\/05\/7c2751ff-93ae-4517-a67c-9f895b87488f-1024x683.jpg 1024w, https:\/\/elpajaritonews.com\/wp-content\/uploads\/2024\/05\/7c2751ff-93ae-4517-a67c-9f895b87488f-300x200.jpg 300w, https:\/\/elpajaritonews.com\/wp-content\/uploads\/2024\/05\/7c2751ff-93ae-4517-a67c-9f895b87488f-768x512.jpg 768w, https:\/\/elpajaritonews.com\/wp-content\/uploads\/2024\/05\/7c2751ff-93ae-4517-a67c-9f895b87488f-630x420.jpg 630w, https:\/\/elpajaritonews.com\/wp-content\/uploads\/2024\/05\/7c2751ff-93ae-4517-a67c-9f895b87488f-640x427.jpg 640w, https:\/\/elpajaritonews.com\/wp-content\/uploads\/2024\/05\/7c2751ff-93ae-4517-a67c-9f895b87488f-681x454.jpg 681w, https:\/\/elpajaritonews.com\/wp-content\/uploads\/2024\/05\/7c2751ff-93ae-4517-a67c-9f895b87488f.jpg 1041w\" sizes=\"auto, (max-width: 1024px) 100vw, 1024px\" \/><\/figure>\n\n\n\n<p class=\"wp-block-paragraph\">La actividad ganadera sonorense es referente a nivel nacional, al igual que y sus resultados en materia de sanidad, lo que facilita el intercambio de productos a nivel mundial.<\/p>\n\n\n\n<p class=\"wp-block-paragraph\">Juan Carlos Ochoa Valenzuela, presidente de la Uni\u00f3n Ganadera Regional de Sonora, en su informe de actividades abord\u00f3 el tema del Programa de Apoyo a Peque\u00f1os Productores Ganaderos, donde se brindar\u00e1 respaldo financiero a peque\u00f1os desarrolladores de esta actividad.<\/p>\n\n\n\n<figure class=\"wp-block-image size-large\"><img loading=\"lazy\" decoding=\"async\" width=\"1024\" height=\"682\" src=\"https:\/\/elpajaritonews.com\/wp-content\/uploads\/2024\/05\/629f9721-3304-4a64-a5b8-1ad690ea9fef-1024x682.jpg\" alt=\"\" class=\"wp-image-58602\" srcset=\"https:\/\/elpajaritonews.com\/wp-content\/uploads\/2024\/05\/629f9721-3304-4a64-a5b8-1ad690ea9fef-1024x682.jpg 1024w, https:\/\/elpajaritonews.com\/wp-content\/uploads\/2024\/05\/629f9721-3304-4a64-a5b8-1ad690ea9fef-300x200.jpg 300w, https:\/\/elpajaritonews.com\/wp-content\/uploads\/2024\/05\/629f9721-3304-4a64-a5b8-1ad690ea9fef-768x512.jpg 768w, https:\/\/elpajaritonews.com\/wp-content\/uploads\/2024\/05\/629f9721-3304-4a64-a5b8-1ad690ea9fef-630x420.jpg 630w, https:\/\/elpajaritonews.com\/wp-content\/uploads\/2024\/05\/629f9721-3304-4a64-a5b8-1ad690ea9fef-640x427.jpg 640w, https:\/\/elpajaritonews.com\/wp-content\/uploads\/2024\/05\/629f9721-3304-4a64-a5b8-1ad690ea9fef-681x454.jpg 681w, https:\/\/elpajaritonews.com\/wp-content\/uploads\/2024\/05\/629f9721-3304-4a64-a5b8-1ad690ea9fef.jpg 1280w\" sizes=\"auto, (max-width: 1024px) 100vw, 1024px\" \/><\/figure>\n\n\n\n<p class=\"wp-block-paragraph\">En el contexto de esta asamblea, el gobernador Durazo Monta\u00f1o particip\u00f3 en la inauguraci\u00f3n del Laboratorio de Nutrici\u00f3n Animal, as\u00ed como del Centro de Capacitaci\u00f3n Ganadera de M\u00e9xico.<\/p>\n\n\n\n<p class=\"wp-block-paragraph\">Durante la ceremonia el gobernador recibi\u00f3 el t\u00edtulo original de la marca y se\u00f1al de sangre de su padre, as\u00ed como la documentaci\u00f3n que lo acreditan como miembro de la UGRS.<\/p>\n","protected":false},"excerpt":{"rendered":"<p>La actividad ganadera en Sonora forma una parte fundamental de la identidad de las y los sonorenses, as\u00ed como una vertiente de la econom\u00eda en la entidad, resalt\u00f3 el gobernador Alfonso Durazo Monta\u00f1o. En el marco de su participaci\u00f3n en la 84 asamblea general ordinaria de la Uni\u00f3n Ganadera Regional de Sonora, el mandatario estatal&#8230;<\/p>\n","protected":false},"author":2,"featured_media":58599,"comment_status":"closed","ping_status":"closed","sticky":false,"template":"","format":"standard","meta":{"_crdt_document":"","_exactmetrics_skip_tracking":false,"_exactmetrics_sitenote_active":false,"_exactmetrics_sitenote_note":"","_exactmetrics_sitenote_category":0,"footnotes":""},"categories":[22,31,27],"tags":[28,29,30],"class_list":["post-58598","post","type-post","status-publish","format-standard","has-post-thumbnail","hentry","category-escena","category-politica","category-sonora","tag-nogales","tag-nogales-la-gran-frontera","tag-sonora-tierra-de-oportunidades"],"_links":{"self":[{"href":"https:\/\/elpajaritonews.com\/index.php?rest_route=\/wp\/v2\/posts\/58598","targetHints":{"allow":["GET"]}}],"collection":[{"href":"https:\/\/elpajaritonews.com\/index.php?rest_route=\/wp\/v2\/posts"}],"about":[{"href":"https:\/\/elpajaritonews.com\/index.php?rest_route=\/wp\/v2\/types\/post"}],"author":[{"embeddable":true,"href":"https:\/\/elpajaritonews.com\/index.php?rest_route=\/wp\/v2\/users\/2"}],"replies":[{"embeddable":true,"href":"https:\/\/elpajaritonews.com\/index.php?rest_route=%2Fwp%2Fv2%2Fcomments&post=58598"}],"version-history":[{"count":1,"href":"https:\/\/elpajaritonews.com\/index.php?rest_route=\/wp\/v2\/posts\/58598\/revisions"}],"predecessor-version":[{"id":58603,"href":"https:\/\/elpajaritonews.com\/index.php?rest_route=\/wp\/v2\/posts\/58598\/revisions\/58603"}],"wp:featuredmedia":[{"embeddable":true,"href":"https:\/\/elpajaritonews.com\/index.php?rest_route=\/wp\/v2\/media\/58599"}],"wp:attachment":[{"href":"https:\/\/elpajaritonews.com\/index.php?rest_route=%2Fwp%2Fv2%2Fmedia&parent=58598"}],"wp:term":[{"taxonomy":"category","embeddable":true,"href":"https:\/\/elpajaritonews.com\/index.php?rest_route=%2Fwp%2Fv2%2Fcategories&post=58598"},{"taxonomy":"post_tag","embeddable":true,"href":"https:\/\/elpajaritonews.com\/index.php?rest_route=%2Fwp%2Fv2%2Ftags&post=58598"}],"curies":[{"name":"wp","href":"https:\/\/api.w.org\/{rel}","templated":true}]}}