{"id":58704,"date":"2024-05-13T23:57:00","date_gmt":"2024-05-13T23:57:00","guid":{"rendered":"https:\/\/elpajaritonews.com\/?p=58704"},"modified":"2024-05-13T23:57:01","modified_gmt":"2024-05-13T23:57:01","slug":"encabezan-gobierno-de-sonora-y-sader-edicion-88-de-convencion-nacional-ganadera","status":"publish","type":"post","link":"https:\/\/elpajaritonews.com\/?p=58704","title":{"rendered":"ENCABEZAN GOBIERNO DE SONORA Y SADER EDICI\u00d3N 88 DE CONVENCI\u00d3N NACIONAL GANADERA"},"content":{"rendered":"\n<p class=\"wp-block-paragraph\">De la exportaci\u00f3n nacional ganadera, Sonora aporta el 30%, con lo cual se coloca en el segundo puesto en el pa\u00eds, as\u00ed lo dio a conocer el gobernador Alfonso Durazo Monta\u00f1o al participar en la inauguraci\u00f3n de la 88 edici\u00f3n de la Convenci\u00f3n Nacional Ganadera.<\/p>\n\n\n\n<figure class=\"wp-block-image size-large\"><img loading=\"lazy\" decoding=\"async\" width=\"1024\" height=\"682\" src=\"https:\/\/elpajaritonews.com\/wp-content\/uploads\/2024\/05\/4fefeef2-cbe9-4742-bbc3-8a069c468fd6-1024x682.jpg\" alt=\"\" class=\"wp-image-58706\" srcset=\"https:\/\/elpajaritonews.com\/wp-content\/uploads\/2024\/05\/4fefeef2-cbe9-4742-bbc3-8a069c468fd6-1024x682.jpg 1024w, https:\/\/elpajaritonews.com\/wp-content\/uploads\/2024\/05\/4fefeef2-cbe9-4742-bbc3-8a069c468fd6-300x200.jpg 300w, https:\/\/elpajaritonews.com\/wp-content\/uploads\/2024\/05\/4fefeef2-cbe9-4742-bbc3-8a069c468fd6-768x512.jpg 768w, https:\/\/elpajaritonews.com\/wp-content\/uploads\/2024\/05\/4fefeef2-cbe9-4742-bbc3-8a069c468fd6-630x420.jpg 630w, https:\/\/elpajaritonews.com\/wp-content\/uploads\/2024\/05\/4fefeef2-cbe9-4742-bbc3-8a069c468fd6-640x427.jpg 640w, https:\/\/elpajaritonews.com\/wp-content\/uploads\/2024\/05\/4fefeef2-cbe9-4742-bbc3-8a069c468fd6-681x454.jpg 681w, https:\/\/elpajaritonews.com\/wp-content\/uploads\/2024\/05\/4fefeef2-cbe9-4742-bbc3-8a069c468fd6.jpg 1280w\" sizes=\"auto, (max-width: 1024px) 100vw, 1024px\" \/><\/figure>\n\n\n\n<p class=\"wp-block-paragraph\">La sanidad y la inocuidad de la actividad ganadera en la entidad han permitido que reciba reconocimiento nacional e internacional, con lo cual se facilita el env\u00edo de productos agropecuarios a otros pa\u00edses sin restricci\u00f3n.<\/p>\n\n\n\n<figure class=\"wp-block-image size-large\"><img loading=\"lazy\" decoding=\"async\" width=\"1024\" height=\"682\" src=\"https:\/\/elpajaritonews.com\/wp-content\/uploads\/2024\/05\/92813709-5786-4601-85ef-b9bb3f6bab3a-1024x682.jpg\" alt=\"\" class=\"wp-image-58708\" srcset=\"https:\/\/elpajaritonews.com\/wp-content\/uploads\/2024\/05\/92813709-5786-4601-85ef-b9bb3f6bab3a-1024x682.jpg 1024w, https:\/\/elpajaritonews.com\/wp-content\/uploads\/2024\/05\/92813709-5786-4601-85ef-b9bb3f6bab3a-300x200.jpg 300w, https:\/\/elpajaritonews.com\/wp-content\/uploads\/2024\/05\/92813709-5786-4601-85ef-b9bb3f6bab3a-768x512.jpg 768w, https:\/\/elpajaritonews.com\/wp-content\/uploads\/2024\/05\/92813709-5786-4601-85ef-b9bb3f6bab3a-630x420.jpg 630w, https:\/\/elpajaritonews.com\/wp-content\/uploads\/2024\/05\/92813709-5786-4601-85ef-b9bb3f6bab3a-640x427.jpg 640w, https:\/\/elpajaritonews.com\/wp-content\/uploads\/2024\/05\/92813709-5786-4601-85ef-b9bb3f6bab3a-681x454.jpg 681w, https:\/\/elpajaritonews.com\/wp-content\/uploads\/2024\/05\/92813709-5786-4601-85ef-b9bb3f6bab3a.jpg 1280w\" sizes=\"auto, (max-width: 1024px) 100vw, 1024px\" \/><\/figure>\n\n\n\n<p class=\"wp-block-paragraph\">En este encuentro donde participaron integrantes del gremio ganadero de todo el pa\u00eds, se reconoci\u00f3 a esta actividad como s\u00edmbolo de cultura y de desarrollo econ\u00f3mico, destacando tambi\u00e9n la participaci\u00f3n de las mujeres en esta actividad.<\/p>\n\n\n\n<figure class=\"wp-block-image size-large\"><img loading=\"lazy\" decoding=\"async\" width=\"1024\" height=\"682\" src=\"https:\/\/elpajaritonews.com\/wp-content\/uploads\/2024\/05\/bbe109bf-fe87-4ccc-bf4a-d870ef5dac7a-1024x682.jpg\" alt=\"\" class=\"wp-image-58707\" srcset=\"https:\/\/elpajaritonews.com\/wp-content\/uploads\/2024\/05\/bbe109bf-fe87-4ccc-bf4a-d870ef5dac7a-1024x682.jpg 1024w, https:\/\/elpajaritonews.com\/wp-content\/uploads\/2024\/05\/bbe109bf-fe87-4ccc-bf4a-d870ef5dac7a-300x200.jpg 300w, https:\/\/elpajaritonews.com\/wp-content\/uploads\/2024\/05\/bbe109bf-fe87-4ccc-bf4a-d870ef5dac7a-768x512.jpg 768w, https:\/\/elpajaritonews.com\/wp-content\/uploads\/2024\/05\/bbe109bf-fe87-4ccc-bf4a-d870ef5dac7a-630x420.jpg 630w, https:\/\/elpajaritonews.com\/wp-content\/uploads\/2024\/05\/bbe109bf-fe87-4ccc-bf4a-d870ef5dac7a-640x427.jpg 640w, https:\/\/elpajaritonews.com\/wp-content\/uploads\/2024\/05\/bbe109bf-fe87-4ccc-bf4a-d870ef5dac7a-681x454.jpg 681w, https:\/\/elpajaritonews.com\/wp-content\/uploads\/2024\/05\/bbe109bf-fe87-4ccc-bf4a-d870ef5dac7a.jpg 1280w\" sizes=\"auto, (max-width: 1024px) 100vw, 1024px\" \/><\/figure>\n\n\n\n<p class=\"wp-block-paragraph\">V\u00edctor Manuel Villalobos Ar\u00e1mbula, secretario&nbsp; de Agricultura y Desarrollo Rural (Sader),&nbsp; reconoci\u00f3 el trabajo de los m\u00e1s de 800 mil ganaderos que conforman este sector a nivel nacional, agrupados en 2 mil 036 asociaciones ganaderas locales, 48 uniones ganaderas regionales, 48 asociaciones de ganado de registro, y 6 uniones ganaderas regionales de porcicultores distribuidos en todo el pa\u00eds.<\/p>\n","protected":false},"excerpt":{"rendered":"<p>De la exportaci\u00f3n nacional ganadera, Sonora aporta el 30%, con lo cual se coloca en el segundo puesto en el pa\u00eds, as\u00ed lo dio a conocer el gobernador Alfonso Durazo Monta\u00f1o al participar en la inauguraci\u00f3n de la 88 edici\u00f3n de la Convenci\u00f3n Nacional Ganadera. La sanidad y la inocuidad de la actividad ganadera en&#8230;<\/p>\n","protected":false},"author":2,"featured_media":58705,"comment_status":"closed","ping_status":"closed","sticky":false,"template":"","format":"standard","meta":{"_crdt_document":"","_exactmetrics_skip_tracking":false,"_exactmetrics_sitenote_active":false,"_exactmetrics_sitenote_note":"","_exactmetrics_sitenote_category":0,"footnotes":""},"categories":[22,26,31,27],"tags":[28,29,30],"class_list":["post-58704","post","type-post","status-publish","format-standard","has-post-thumbnail","hentry","category-escena","category-local","category-politica","category-sonora","tag-nogales","tag-nogales-la-gran-frontera","tag-sonora-tierra-de-oportunidades"],"_links":{"self":[{"href":"https:\/\/elpajaritonews.com\/index.php?rest_route=\/wp\/v2\/posts\/58704","targetHints":{"allow":["GET"]}}],"collection":[{"href":"https:\/\/elpajaritonews.com\/index.php?rest_route=\/wp\/v2\/posts"}],"about":[{"href":"https:\/\/elpajaritonews.com\/index.php?rest_route=\/wp\/v2\/types\/post"}],"author":[{"embeddable":true,"href":"https:\/\/elpajaritonews.com\/index.php?rest_route=\/wp\/v2\/users\/2"}],"replies":[{"embeddable":true,"href":"https:\/\/elpajaritonews.com\/index.php?rest_route=%2Fwp%2Fv2%2Fcomments&post=58704"}],"version-history":[{"count":1,"href":"https:\/\/elpajaritonews.com\/index.php?rest_route=\/wp\/v2\/posts\/58704\/revisions"}],"predecessor-version":[{"id":58709,"href":"https:\/\/elpajaritonews.com\/index.php?rest_route=\/wp\/v2\/posts\/58704\/revisions\/58709"}],"wp:featuredmedia":[{"embeddable":true,"href":"https:\/\/elpajaritonews.com\/index.php?rest_route=\/wp\/v2\/media\/58705"}],"wp:attachment":[{"href":"https:\/\/elpajaritonews.com\/index.php?rest_route=%2Fwp%2Fv2%2Fmedia&parent=58704"}],"wp:term":[{"taxonomy":"category","embeddable":true,"href":"https:\/\/elpajaritonews.com\/index.php?rest_route=%2Fwp%2Fv2%2Fcategories&post=58704"},{"taxonomy":"post_tag","embeddable":true,"href":"https:\/\/elpajaritonews.com\/index.php?rest_route=%2Fwp%2Fv2%2Ftags&post=58704"}],"curies":[{"name":"wp","href":"https:\/\/api.w.org\/{rel}","templated":true}]}}