{"id":58710,"date":"2024-05-14T01:34:28","date_gmt":"2024-05-14T01:34:28","guid":{"rendered":"https:\/\/elpajaritonews.com\/?p=58710"},"modified":"2024-05-14T17:07:45","modified_gmt":"2024-05-14T17:07:45","slug":"ine-ordena-a-lilly-tellez-suspender-participacion-en-programa-de-radio-con-ciro-gomez-leyva","status":"publish","type":"post","link":"https:\/\/elpajaritonews.com\/?p=58710","title":{"rendered":"INE ORDENA A LILLY T\u00c9LLEZ SUSPENDER PARTICIPACI\u00d3N EN PROGRAMA DE RADIO CON CIRO G\u00d3MEZ LEYVA"},"content":{"rendered":"\n<p class=\"wp-block-paragraph\">Las consejer\u00edas advirtieron que se trata de una posible adquisici\u00f3n indebida de tiempo en radio y televisi\u00f3n, al tener la condici\u00f3n de candidata por un cargo federal<\/p>\n\n\n\n<p class=\"wp-block-paragraph\">La Comisi\u00f3n de Quejas y Denuncias del INE orden\u00f3 a la senadora Lilly T\u00e9llez a que suspenda de inmediato su participaci\u00f3n en el noticiero de radio de Ciro G\u00f3mez Leyva, al advertir una sobreexposici\u00f3n que puede generar inequidad en la contienda.<\/p>\n\n\n\n<p class=\"wp-block-paragraph\">Las consejer\u00edas advirtieron que se trata de una posible adquisici\u00f3n indebida de tiempo en radio y televisi\u00f3n, al tener la condici\u00f3n de candidata por un cargo federal.<\/p>\n\n\n\n<p class=\"wp-block-paragraph\">El proyecto se\u00f1ala que la senadora tiene una posible sobreexposici\u00f3n por su participaci\u00f3n en el programa, lo que pudiera contravenir el principio de equidad en la contienda, al acceder en su car\u00e1cter de colaboradora a un tiempo de radio en detrimento de las dem\u00e1s personas que participan a la candidatura al Senado.<\/p>\n\n\n\n<p class=\"wp-block-paragraph\">Por ello, orden\u00f3 que suspenda sus intervenciones de inmediato en dicho espacio radiof\u00f3nico mientras se desarrolla la etapa de campa\u00f1a y periodo de veda electoral.<\/p>\n\n\n\n<p class=\"wp-block-paragraph\">La consejera Claudia Zavala puntualiz\u00f3 que si bien no hay ning\u00fan tipo de contrataci\u00f3n entre la senadora y el programa, la participaci\u00f3n como colaboradora en calidad de servidora p\u00fablica y candidata implica una mayor exposici\u00f3n en comparaci\u00f3n con otras candidaturas.<\/p>\n\n\n\n<p class=\"wp-block-paragraph\">El consejero Arturo Castillo coincidi\u00f3 con la propuesta \u00abporque en constituye una posible adquisici\u00f3n de tiempos en radio y televisi\u00f3n y por lo tanto un beneficio indebido en el contexto de la campa\u00f1a electoral\u00bb.<\/p>\n\n\n\n<p class=\"wp-block-paragraph\">PAN impugnar\u00e1 suspensi\u00f3n de participaci\u00f3n de Lilly T\u00e9llez con Ciro<\/p>\n\n\n\n<p class=\"wp-block-paragraph\">Tras la resoluci\u00f3n de la Comisi\u00f3n de Quejas y Denuncias del INE que orden\u00f3 a la senadora Lilly T\u00e9llez a suspender de inmediato su participaci\u00f3n en el noticiero de radio de Ciro G\u00f3mez Leyva, al advertir una sobreexposici\u00f3n que puede generar inequidad en la contienda<\/p>\n\n\n\n<p class=\"wp-block-paragraph\">El dirigente del PAN, Marko Cort\u00e9s, dijo mediante la red social X, que van a impugnar ante el Tribunal Electoral dicha resoluci\u00f3n y reiter\u00f3 que es una incongruencia, ya que no han cancelado las conferencias matutinas del presidente de la Rep\u00fablica, Andr\u00e9s Manuel L\u00f3pez Obrador.<\/p>\n\n\n\n<p class=\"wp-block-paragraph\">En cambio, el dirigente nacional de Morena, Mario Delgado, expres\u00f3 en redes sociales que por fin el INE reacciona y ordena al PRIAN retirar las calumnias en contra de su futura presidenta, refiri\u00e9ndose a la candidata presidencial, Claudia Sheinbaum.<\/p>\n\n\n\n<figure class=\"wp-block-embed is-type-video is-provider-youtube wp-block-embed-youtube wp-embed-aspect-16-9 wp-has-aspect-ratio\"><div class=\"wp-block-embed__wrapper\">\n<iframe loading=\"lazy\" title=\"En Vivo | Ciro G\u00f3mez Leyva en Por la Ma\u00f1ana\" width=\"640\" height=\"360\" src=\"https:\/\/www.youtube.com\/embed\/4spkNNZUlFI?feature=oembed\" frameborder=\"0\" allow=\"accelerometer; autoplay; clipboard-write; encrypted-media; gyroscope; picture-in-picture; web-share\" referrerpolicy=\"strict-origin-when-cross-origin\" allowfullscreen><\/iframe>\n<\/div><\/figure>\n\n\n\n<p class=\"wp-block-paragraph\">\u201cReconocemos la decisi\u00f3n que tom\u00f3 la Comisi\u00f3n de Quejas y Denuncias del INE por la que ordena eliminar de los videos oficiales las vulgares infamias que se hicieron en contra de nuestra candidata durante el segundo debate\u201d, declar\u00f3 el dirigente de Morena.<\/p>\n\n\n\n<figure class=\"wp-block-embed is-type-rich is-provider-twitter wp-block-embed-twitter\"><div class=\"wp-block-embed__wrapper\">\n<blockquote class=\"twitter-tweet\" data-width=\"550\" data-dnt=\"true\"><p lang=\"es\" dir=\"ltr\"><a href=\"https:\/\/twitter.com\/CelidaLopezc?ref_src=twsrc%5Etfw\">@CelidaLopezc<\/a> informa la decisi\u00f3n del <a href=\"https:\/\/twitter.com\/INEMexico?ref_src=twsrc%5Etfw\">@INEMexico<\/a> de ordenar a <a href=\"https:\/\/twitter.com\/LillyTellez?ref_src=twsrc%5Etfw\">@LillyTellez<\/a> suspender su participaci\u00f3n en un programa de radio nacional que se ponga a chambear a caminar con el pueblo, que le entre al debate y no le saque <a href=\"https:\/\/t.co\/rxPhYYeQa4\">pic.twitter.com\/rxPhYYeQa4<\/a><\/p>&mdash; Vinicio Sanchez (@viniciosanchez) <a href=\"https:\/\/twitter.com\/viniciosanchez\/status\/1790183732177215958?ref_src=twsrc%5Etfw\">May 14, 2024<\/a><\/blockquote><script async src=\"https:\/\/platform.twitter.com\/widgets.js\" charset=\"utf-8\"><\/script>\n<\/div><\/figure>\n\n\n\n<p class=\"wp-block-paragraph\">Agreg\u00f3 Mario Delgado \u201cA nosotros no se nos olvida que el partido que se relacion\u00f3 con el narcotr\u00e1fico es al que hoy abandera X\u00f3chitl G\u00e1lvez . No olvidaremos toda la simulaci\u00f3n durante el sexenio del PAN ni que Garc\u00eda Luna, quien fuera el secretario de seguridad p\u00fablica de Felipe Calder\u00f3n, cobraba tambi\u00e9n de la n\u00f3mina del narco\u201d, asegur\u00f3.<\/p>\n","protected":false},"excerpt":{"rendered":"<p>Las consejer\u00edas advirtieron que se trata de una posible adquisici\u00f3n indebida de tiempo en radio y televisi\u00f3n, al tener la condici\u00f3n de candidata por un cargo federal La Comisi\u00f3n de Quejas y Denuncias del INE orden\u00f3 a la senadora Lilly T\u00e9llez a que suspenda de inmediato su participaci\u00f3n en el noticiero de radio de Ciro&#8230;<\/p>\n","protected":false},"author":2,"featured_media":58711,"comment_status":"closed","ping_status":"closed","sticky":false,"template":"","format":"standard","meta":{"_crdt_document":"","_exactmetrics_skip_tracking":false,"_exactmetrics_sitenote_active":false,"_exactmetrics_sitenote_note":"","_exactmetrics_sitenote_category":0,"footnotes":""},"categories":[35,26,23,31,27],"tags":[28,29,30],"class_list":["post-58710","post","type-post","status-publish","format-standard","has-post-thumbnail","hentry","category-elecciones-2024","category-local","category-mexico","category-politica","category-sonora","tag-nogales","tag-nogales-la-gran-frontera","tag-sonora-tierra-de-oportunidades"],"_links":{"self":[{"href":"https:\/\/elpajaritonews.com\/index.php?rest_route=\/wp\/v2\/posts\/58710","targetHints":{"allow":["GET"]}}],"collection":[{"href":"https:\/\/elpajaritonews.com\/index.php?rest_route=\/wp\/v2\/posts"}],"about":[{"href":"https:\/\/elpajaritonews.com\/index.php?rest_route=\/wp\/v2\/types\/post"}],"author":[{"embeddable":true,"href":"https:\/\/elpajaritonews.com\/index.php?rest_route=\/wp\/v2\/users\/2"}],"replies":[{"embeddable":true,"href":"https:\/\/elpajaritonews.com\/index.php?rest_route=%2Fwp%2Fv2%2Fcomments&post=58710"}],"version-history":[{"count":2,"href":"https:\/\/elpajaritonews.com\/index.php?rest_route=\/wp\/v2\/posts\/58710\/revisions"}],"predecessor-version":[{"id":58732,"href":"https:\/\/elpajaritonews.com\/index.php?rest_route=\/wp\/v2\/posts\/58710\/revisions\/58732"}],"wp:featuredmedia":[{"embeddable":true,"href":"https:\/\/elpajaritonews.com\/index.php?rest_route=\/wp\/v2\/media\/58711"}],"wp:attachment":[{"href":"https:\/\/elpajaritonews.com\/index.php?rest_route=%2Fwp%2Fv2%2Fmedia&parent=58710"}],"wp:term":[{"taxonomy":"category","embeddable":true,"href":"https:\/\/elpajaritonews.com\/index.php?rest_route=%2Fwp%2Fv2%2Fcategories&post=58710"},{"taxonomy":"post_tag","embeddable":true,"href":"https:\/\/elpajaritonews.com\/index.php?rest_route=%2Fwp%2Fv2%2Ftags&post=58710"}],"curies":[{"name":"wp","href":"https:\/\/api.w.org\/{rel}","templated":true}]}}