{"id":58748,"date":"2024-05-15T00:01:04","date_gmt":"2024-05-15T00:01:04","guid":{"rendered":"https:\/\/elpajaritonews.com\/?p=58748"},"modified":"2024-05-15T00:02:59","modified_gmt":"2024-05-15T00:02:59","slug":"preside-gobernador-ceremonia-de-homenajeados-de-cobach-2024","status":"publish","type":"post","link":"https:\/\/elpajaritonews.com\/?p=58748","title":{"rendered":"PRESIDE GOBERNADOR CEREMONIA DE HOMENAJEADOS DE COBACH 2024"},"content":{"rendered":"\n<p class=\"wp-block-paragraph\">Por sus a\u00f1os de servicio y compromiso con la educaci\u00f3n de j\u00f3venes sonorenses, el gobernador Alfonso Durazo Monta\u00f1o reconoci\u00f3 a personal docente y administrativo con 15, 20, 25 y 30 a\u00f1os en el Colegio de Bachilleres del Estado de Sonora (Cobach), durante la ceremonia de homenajeados y entrega de reconocimientos y est\u00edmulos econ\u00f3micos, en el marco de la celebraci\u00f3n del D\u00eda del Maestro.<\/p>\n\n\n\n<figure class=\"wp-block-image size-large\"><img loading=\"lazy\" decoding=\"async\" width=\"1024\" height=\"682\" src=\"https:\/\/elpajaritonews.com\/wp-content\/uploads\/2024\/05\/4b6b4733-20f1-4459-b6c7-25b098edbc83-1024x682.jpg\" alt=\"\" class=\"wp-image-58750\" srcset=\"https:\/\/elpajaritonews.com\/wp-content\/uploads\/2024\/05\/4b6b4733-20f1-4459-b6c7-25b098edbc83-1024x682.jpg 1024w, https:\/\/elpajaritonews.com\/wp-content\/uploads\/2024\/05\/4b6b4733-20f1-4459-b6c7-25b098edbc83-300x200.jpg 300w, https:\/\/elpajaritonews.com\/wp-content\/uploads\/2024\/05\/4b6b4733-20f1-4459-b6c7-25b098edbc83-768x512.jpg 768w, https:\/\/elpajaritonews.com\/wp-content\/uploads\/2024\/05\/4b6b4733-20f1-4459-b6c7-25b098edbc83-630x420.jpg 630w, https:\/\/elpajaritonews.com\/wp-content\/uploads\/2024\/05\/4b6b4733-20f1-4459-b6c7-25b098edbc83-640x427.jpg 640w, https:\/\/elpajaritonews.com\/wp-content\/uploads\/2024\/05\/4b6b4733-20f1-4459-b6c7-25b098edbc83-681x454.jpg 681w, https:\/\/elpajaritonews.com\/wp-content\/uploads\/2024\/05\/4b6b4733-20f1-4459-b6c7-25b098edbc83.jpg 1280w\" sizes=\"auto, (max-width: 1024px) 100vw, 1024px\" \/><\/figure>\n\n\n\n<p class=\"wp-block-paragraph\">Ah\u00ed, el mandatario sonorense expres\u00f3 su felicitaci\u00f3n al gremio educativo por el rol fundamental y decisivo que desempe\u00f1an como docentes en la formaci\u00f3n de las presentes y futuras generaciones que contribuir\u00e1n al desarrollo del estado.<\/p>\n\n\n\n<figure class=\"wp-block-image size-large\"><img loading=\"lazy\" decoding=\"async\" width=\"1024\" height=\"727\" src=\"https:\/\/elpajaritonews.com\/wp-content\/uploads\/2024\/05\/a2e4be11-4ba0-4f38-97bb-3febf75c388f-1024x727.jpg\" alt=\"\" class=\"wp-image-58751\" srcset=\"https:\/\/elpajaritonews.com\/wp-content\/uploads\/2024\/05\/a2e4be11-4ba0-4f38-97bb-3febf75c388f-1024x727.jpg 1024w, https:\/\/elpajaritonews.com\/wp-content\/uploads\/2024\/05\/a2e4be11-4ba0-4f38-97bb-3febf75c388f-300x213.jpg 300w, https:\/\/elpajaritonews.com\/wp-content\/uploads\/2024\/05\/a2e4be11-4ba0-4f38-97bb-3febf75c388f-768x545.jpg 768w, https:\/\/elpajaritonews.com\/wp-content\/uploads\/2024\/05\/a2e4be11-4ba0-4f38-97bb-3febf75c388f-591x420.jpg 591w, https:\/\/elpajaritonews.com\/wp-content\/uploads\/2024\/05\/a2e4be11-4ba0-4f38-97bb-3febf75c388f-640x455.jpg 640w, https:\/\/elpajaritonews.com\/wp-content\/uploads\/2024\/05\/a2e4be11-4ba0-4f38-97bb-3febf75c388f-681x484.jpg 681w, https:\/\/elpajaritonews.com\/wp-content\/uploads\/2024\/05\/a2e4be11-4ba0-4f38-97bb-3febf75c388f.jpg 1280w\" sizes=\"auto, (max-width: 1024px) 100vw, 1024px\" \/><\/figure>\n\n\n\n<p class=\"wp-block-paragraph\">En el evento, se rindi\u00f3 homenaje a 164 trabajadores por su labor comprometida en la educaci\u00f3n de los 27 mil 265 j\u00f3venes estudiantes que pertenecen a dicha instituci\u00f3n educativa.<\/p>\n","protected":false},"excerpt":{"rendered":"<p>Por sus a\u00f1os de servicio y compromiso con la educaci\u00f3n de j\u00f3venes sonorenses, el gobernador Alfonso Durazo Monta\u00f1o reconoci\u00f3 a personal docente y administrativo con 15, 20, 25 y 30 a\u00f1os en el Colegio de Bachilleres del Estado de Sonora (Cobach), durante la ceremonia de homenajeados y entrega de reconocimientos y est\u00edmulos econ\u00f3micos, en el&#8230;<\/p>\n","protected":false},"author":2,"featured_media":58749,"comment_status":"closed","ping_status":"closed","sticky":false,"template":"","format":"standard","meta":{"_crdt_document":"","_exactmetrics_skip_tracking":false,"_exactmetrics_sitenote_active":false,"_exactmetrics_sitenote_note":"","_exactmetrics_sitenote_category":0,"footnotes":""},"categories":[33,26,31,1,27],"tags":[29,30],"class_list":["post-58748","post","type-post","status-publish","format-standard","has-post-thumbnail","hentry","category-educacion","category-local","category-politica","category-seguridad","category-sonora","tag-nogales-la-gran-frontera","tag-sonora-tierra-de-oportunidades"],"_links":{"self":[{"href":"https:\/\/elpajaritonews.com\/index.php?rest_route=\/wp\/v2\/posts\/58748","targetHints":{"allow":["GET"]}}],"collection":[{"href":"https:\/\/elpajaritonews.com\/index.php?rest_route=\/wp\/v2\/posts"}],"about":[{"href":"https:\/\/elpajaritonews.com\/index.php?rest_route=\/wp\/v2\/types\/post"}],"author":[{"embeddable":true,"href":"https:\/\/elpajaritonews.com\/index.php?rest_route=\/wp\/v2\/users\/2"}],"replies":[{"embeddable":true,"href":"https:\/\/elpajaritonews.com\/index.php?rest_route=%2Fwp%2Fv2%2Fcomments&post=58748"}],"version-history":[{"count":2,"href":"https:\/\/elpajaritonews.com\/index.php?rest_route=\/wp\/v2\/posts\/58748\/revisions"}],"predecessor-version":[{"id":58753,"href":"https:\/\/elpajaritonews.com\/index.php?rest_route=\/wp\/v2\/posts\/58748\/revisions\/58753"}],"wp:featuredmedia":[{"embeddable":true,"href":"https:\/\/elpajaritonews.com\/index.php?rest_route=\/wp\/v2\/media\/58749"}],"wp:attachment":[{"href":"https:\/\/elpajaritonews.com\/index.php?rest_route=%2Fwp%2Fv2%2Fmedia&parent=58748"}],"wp:term":[{"taxonomy":"category","embeddable":true,"href":"https:\/\/elpajaritonews.com\/index.php?rest_route=%2Fwp%2Fv2%2Fcategories&post=58748"},{"taxonomy":"post_tag","embeddable":true,"href":"https:\/\/elpajaritonews.com\/index.php?rest_route=%2Fwp%2Fv2%2Ftags&post=58748"}],"curies":[{"name":"wp","href":"https:\/\/api.w.org\/{rel}","templated":true}]}}