{"id":58804,"date":"2024-05-16T05:14:09","date_gmt":"2024-05-16T05:14:09","guid":{"rendered":"https:\/\/elpajaritonews.com\/?p=58804"},"modified":"2024-05-16T05:14:11","modified_gmt":"2024-05-16T05:14:11","slug":"queman-autos-y-allanan-propiedad-de-candidata-de-mc-en-sonora","status":"publish","type":"post","link":"https:\/\/elpajaritonews.com\/?p=58804","title":{"rendered":"QUEMAN AUTOS Y ALLANAN PROPIEDAD DE CANDIDATA DE MC EN SONORA"},"content":{"rendered":"\n<p class=\"wp-block-paragraph\">Desconocidos ingresaron a propiedades de la familia de la candidata de Movimiento Ciudadano al distrito I federal, Myriam Hern\u00e1ndez, y de miembros de su equipo de campa\u00f1a, en la ciudad fronteriza de San Luis R\u00edo Colorado, e incendiaron dos veh\u00edculos tipo sedan, as\u00ed como una equipo de maquinaria para trabajo de campo.<\/p>\n\n\n\n<p class=\"wp-block-paragraph\">El aspirante al Senado de la Rep\u00fablica por ese partido, Ernesto \u201cEl Pato\u201d De Lucas conden\u00f3 los actos vand\u00e1licos y dijo que se trata de un intento de intimidaci\u00f3n en el contexto de las campa\u00f1as que Hern\u00e1ndez Realiza en dicha localidad y Puerto Pe\u00f1asco, con miras a los comicios del 2 de junio.<\/p>\n\n\n\n<p class=\"wp-block-paragraph\">La noche del martes sujetos no identificados irrumpieron en fincas de la familia de Myriam Hern\u00e1ndez y de integrantes de su equipo de trabajo, y prendieron fuego a dos veh\u00edculos, as\u00ed como una maquinaria de trabajo para el campo, justo en el lugar donde la candidata inici\u00f3 sus actividades proselitistas.<\/p>\n\n\n\n<p class=\"wp-block-paragraph\">Por ello, De Lucas hizo un llamado urgente a cesar toda forma de violencia e intimidaci\u00f3n contra aspirantes y sus familias; inst\u00f3 a las autoridades federales, municipales y estatales a garantizar un ambiente seguro para los comicios y evitar que estos incidentes inhiban la participaci\u00f3n ciudadana en el proceso electoral.<\/p>\n\n\n\n<p class=\"wp-block-paragraph\">\u201c\u00bfDe parte de qui\u00e9n? \u00bfA qu\u00e9 le temen? \u00bfPor qu\u00e9 el miedo de la Familia imperial disfrazada de morena y prianismo? a que se les acaben los nueve a\u00f1os de saquear al Puerto?\u201d, cuestion\u00f3.<\/p>\n\n\n\n<p class=\"wp-block-paragraph\">\u201cLa gente ya est\u00e1 harta de sus tropelias y cacicazgos, nadie de la f\u00f3rmula naranja (del partido Movimiento Ciudadano (MC)) tiene la culpa del repudio social que ellos mismos generaron. Jueguen limpio bola de hampones y sepan que van para fuera. Lo bueno y lo nuevo si jala en Puerto Pe\u00f1asco. A la naranja ni la intimidad ni la doblan\u201d, agreg\u00f3.<\/p>\n\n\n\n<p class=\"wp-block-paragraph\">Al cierre de la edici\u00f3n, las autoridades a\u00fan no han ofrecido informaci\u00f3n sobre las investigaciones o motivos detr\u00e1s de estos ataques. Se espera que en las pr\u00f3ximas horas, Myriam Hern\u00e1ndez ofrezca una conferencia de prensa para abordar lo sucedido.<\/p>\n\n\n\n<p class=\"wp-block-paragraph\">Seg\u00fan el Secretario de Seguridad P\u00fablica, V\u00edctor Hugo Enr\u00edquez, 15 candidatos han solicitado protecci\u00f3n al Instituto Electoral de Sonora, siendo MC el que tiene m\u00e1s peticiones. Morena se\u00f1al\u00f3 que realizar\u00e1 las denuncias respectivas por las agresiones.<\/p>\n","protected":false},"excerpt":{"rendered":"<p>Desconocidos ingresaron a propiedades de la familia de la candidata de Movimiento Ciudadano al distrito I federal, Myriam Hern\u00e1ndez, y de miembros de su equipo de campa\u00f1a, en la ciudad fronteriza de San Luis R\u00edo Colorado, e incendiaron dos veh\u00edculos tipo sedan, as\u00ed como una equipo de maquinaria para trabajo de campo. El aspirante al&#8230;<\/p>\n","protected":false},"author":2,"featured_media":58805,"comment_status":"closed","ping_status":"closed","sticky":false,"template":"","format":"standard","meta":{"_crdt_document":"","_exactmetrics_skip_tracking":false,"_exactmetrics_sitenote_active":false,"_exactmetrics_sitenote_note":"","_exactmetrics_sitenote_category":0,"footnotes":""},"categories":[35,26,31,1,27],"tags":[],"class_list":["post-58804","post","type-post","status-publish","format-standard","has-post-thumbnail","hentry","category-elecciones-2024","category-local","category-politica","category-seguridad","category-sonora"],"_links":{"self":[{"href":"https:\/\/elpajaritonews.com\/index.php?rest_route=\/wp\/v2\/posts\/58804","targetHints":{"allow":["GET"]}}],"collection":[{"href":"https:\/\/elpajaritonews.com\/index.php?rest_route=\/wp\/v2\/posts"}],"about":[{"href":"https:\/\/elpajaritonews.com\/index.php?rest_route=\/wp\/v2\/types\/post"}],"author":[{"embeddable":true,"href":"https:\/\/elpajaritonews.com\/index.php?rest_route=\/wp\/v2\/users\/2"}],"replies":[{"embeddable":true,"href":"https:\/\/elpajaritonews.com\/index.php?rest_route=%2Fwp%2Fv2%2Fcomments&post=58804"}],"version-history":[{"count":1,"href":"https:\/\/elpajaritonews.com\/index.php?rest_route=\/wp\/v2\/posts\/58804\/revisions"}],"predecessor-version":[{"id":58806,"href":"https:\/\/elpajaritonews.com\/index.php?rest_route=\/wp\/v2\/posts\/58804\/revisions\/58806"}],"wp:featuredmedia":[{"embeddable":true,"href":"https:\/\/elpajaritonews.com\/index.php?rest_route=\/wp\/v2\/media\/58805"}],"wp:attachment":[{"href":"https:\/\/elpajaritonews.com\/index.php?rest_route=%2Fwp%2Fv2%2Fmedia&parent=58804"}],"wp:term":[{"taxonomy":"category","embeddable":true,"href":"https:\/\/elpajaritonews.com\/index.php?rest_route=%2Fwp%2Fv2%2Fcategories&post=58804"},{"taxonomy":"post_tag","embeddable":true,"href":"https:\/\/elpajaritonews.com\/index.php?rest_route=%2Fwp%2Fv2%2Ftags&post=58804"}],"curies":[{"name":"wp","href":"https:\/\/api.w.org\/{rel}","templated":true}]}}